{"id":5737,"date":"2022-05-19T17:06:04","date_gmt":"2022-05-19T20:06:04","guid":{"rendered":"https:\/\/www.visionweb.com.ar\/?p=5737"},"modified":"2022-05-19T17:18:31","modified_gmt":"2022-05-19T20:18:31","slug":"los-intendentes-del-pro-se-reuniran-la-semana-proxima","status":"publish","type":"post","link":"https:\/\/www.visionweb.com.ar\/?p=5737","title":{"rendered":"Los intendentes del Pro se reunir\u00e1n la semana pr\u00f3xima"},"content":{"rendered":"<p><strong><em>\u00a0El encuentro tendr\u00e1 por objetivo dise\u00f1ar una estrategia de trabajo con miras a los comicios de 2023. Tambi\u00e9n designar\u00e1n al sucesor de Grindetti en la Mesa de Juntos bonaerense.<\/em>\u00a0<\/strong><!--more--><\/p>\n<div id=\"attachment_5738\" style=\"width: 310px\" class=\"wp-caption alignright\"><img loading=\"lazy\" decoding=\"async\" aria-describedby=\"caption-attachment-5738\" class=\"wp-image-5738 size-medium\" src=\"https:\/\/www.visionweb.com.ar\/wp-content\/uploads\/2022\/05\/Lanzamiento-Hacemos-Juntos-300x174.png\" alt=\"\" width=\"300\" height=\"174\" srcset=\"https:\/\/www.visionweb.com.ar\/wp-content\/uploads\/2022\/05\/Lanzamiento-Hacemos-Juntos-300x174.png 300w, https:\/\/www.visionweb.com.ar\/wp-content\/uploads\/2022\/05\/Lanzamiento-Hacemos-Juntos-768x446.png 768w, https:\/\/www.visionweb.com.ar\/wp-content\/uploads\/2022\/05\/Lanzamiento-Hacemos-Juntos.png 800w\" sizes=\"auto, (max-width: 300px) 100vw, 300px\" \/><p id=\"caption-attachment-5738\" class=\"wp-caption-text\"><strong><em>Hace poco mes de un mes los intendentes de La Plata, Julio Garro y de Lan\u00fas, N\u00e9stor Grindetti, hicieron la presentaci\u00f3n oficial de la agrupaci\u00f3n pol\u00edtica Hacemos Juntos.<\/em><\/strong><\/p><\/div>\n<p><strong> L<\/strong>os intendentes del PRO de la provincia de Buenos Aires se reunir\u00e1n la semana pr\u00f3xima para analizar la estrategia que adoptar\u00e1n a futuro con miras a las elecciones de 2023.<\/p>\n<p><strong>\u00a0<\/strong>La iniciativa de los alcaldes amarillos surgi\u00f3 tras la tensi\u00f3n interna generada por Mauricio Macri, que propicia un alejamiento del radicalismo, para volver a las posturas ideol\u00f3gicas de los or\u00edgenes del PRO.<\/p>\n<p>El deseo del ex Presidente de la Naci\u00f3n tom\u00f3 cuerpo durante un almuerzo con dirigentes del PRO en Puerto Madero.<\/p>\n<p>Fueron parte de ese convite Patricia Bullrich, actual presidenta del PRO; Mar\u00eda Eugenia Vidal, diputada nacional \u00a0y Horacio Rodr\u00edguez Larreta, el Jefe de Gobierno porte\u00f1o.<\/p>\n<p>Una de las consecuencias de la propuesta de Macri trajo aparejada la renuncia de Nestor Grindetti, intendente de Lan\u00fas, a la conducci\u00f3n de Juntos de la provincia de Buenos Aires.<\/p>\n<p>Pero el alejamiento de Grindetti de la conducci\u00f3n de la Mesa bonaerense fue motivado por otro ingrediente, el rechaz\u00f3 \u00a0a un paquete de leyes que se ven\u00eda negociando con el gobierno de Axel Kichillof Provincia.<\/p>\n<p>En este contexto, Grindetti -por el PRO- y Maximiliano Abad -por la UCR- ven\u00edan negociando con el Gobierno de Kicillof una nueva ley para el Banco Provincia.<\/p>\n<p>En definitiva la postura de Macri de no votar junto al radicalismo las iniciativas dinamit\u00f3 el avance legislativo, y gener\u00f3 la salida de Grindetti de la conducci\u00f3n de Juntos en la Provincia.<\/p>\n<p>El reemplazo de Grindetti ser\u00e1 uno de los temas de conversaci\u00f3n de\u00a0los 20 intendentes del PRO bonaerenses, que al no tener una jefatura pol\u00edtica clara, comienzan a alinearse con los distintos candidatos que aspiran a ser gobernadores en 2023.<\/p>\n<p>Diego Santilli ya est\u00e1 lanzado como postulante provincial en representaci\u00f3n de Horacio Rodr\u00edguez Larreta, mientras que Cristian Ritondo tambi\u00e9n se anota en la pelea, apadrinado por la exgobernadora Mar\u00eda Eugenia Vidal.<\/p>\n<p>Al margen de estas postulaciones, un grupo de intendentes bonaerenses del PRO, encabezados por Julio Garro y N\u00e9stor Grindetti, lanzaron en las \u00faltimas semanas la agrupaci\u00f3n pol\u00edtica \u201cHacemos\u201d, con el objetivo de ampliar Juntos en la provincia a sectores radicales, peronistas y vecinalistas, y tambi\u00e9n apuestan a generar desde ese lado alg\u00fan candidato a gobernador<strong>(VW)<\/strong>.<\/p>\n<p>&nbsp;<\/p>\n","protected":false},"excerpt":{"rendered":"<p>\u00a0El encuentro tendr\u00e1 por objetivo dise\u00f1ar una estrategia de trabajo con miras a los comicios de 2023. Tambi\u00e9n designar\u00e1n al sucesor de Grindetti en la Mesa de Juntos bonaerense.\u00a0<\/p>\n","protected":false},"author":3,"featured_media":5738,"comment_status":"closed","ping_status":"closed","sticky":false,"template":"","format":"standard","meta":{"_monsterinsights_skip_tracking":false,"_monsterinsights_sitenote_active":false,"_monsterinsights_sitenote_note":"","_monsterinsights_sitenote_category":0,"footnotes":""},"categories":[4],"tags":[2326,264,545],"class_list":["post-5737","post","type-post","status-publish","format-standard","has-post-thumbnail","hentry","category-politica","tag-hacemos","tag-intendentes","tag-pro"],"_links":{"self":[{"href":"https:\/\/www.visionweb.com.ar\/index.php?rest_route=\/wp\/v2\/posts\/5737","targetHints":{"allow":["GET"]}}],"collection":[{"href":"https:\/\/www.visionweb.com.ar\/index.php?rest_route=\/wp\/v2\/posts"}],"about":[{"href":"https:\/\/www.visionweb.com.ar\/index.php?rest_route=\/wp\/v2\/types\/post"}],"author":[{"embeddable":true,"href":"https:\/\/www.visionweb.com.ar\/index.php?rest_route=\/wp\/v2\/users\/3"}],"replies":[{"embeddable":true,"href":"https:\/\/www.visionweb.com.ar\/index.php?rest_route=%2Fwp%2Fv2%2Fcomments&post=5737"}],"version-history":[{"count":1,"href":"https:\/\/www.visionweb.com.ar\/index.php?rest_route=\/wp\/v2\/posts\/5737\/revisions"}],"predecessor-version":[{"id":5739,"href":"https:\/\/www.visionweb.com.ar\/index.php?rest_route=\/wp\/v2\/posts\/5737\/revisions\/5739"}],"wp:featuredmedia":[{"embeddable":true,"href":"https:\/\/www.visionweb.com.ar\/index.php?rest_route=\/wp\/v2\/media\/5738"}],"wp:attachment":[{"href":"https:\/\/www.visionweb.com.ar\/index.php?rest_route=%2Fwp%2Fv2%2Fmedia&parent=5737"}],"wp:term":[{"taxonomy":"category","embeddable":true,"href":"https:\/\/www.visionweb.com.ar\/index.php?rest_route=%2Fwp%2Fv2%2Fcategories&post=5737"},{"taxonomy":"post_tag","embeddable":true,"href":"https:\/\/www.visionweb.com.ar\/index.php?rest_route=%2Fwp%2Fv2%2Ftags&post=5737"}],"curies":[{"name":"wp","href":"https:\/\/api.w.org\/{rel}","templated":true}]}}