{"id":5733,"date":"2022-05-19T15:48:02","date_gmt":"2022-05-19T18:48:02","guid":{"rendered":"https:\/\/www.visionweb.com.ar\/?p=5733"},"modified":"2022-05-19T15:48:02","modified_gmt":"2022-05-19T18:48:02","slug":"turismo-habra-escuelas-de-negocios-con-el-eje-en-las-politicas-oficiales","status":"publish","type":"post","link":"https:\/\/www.visionweb.com.ar\/?p=5733","title":{"rendered":"Turismo: Habr\u00e1 \u201cescuelas de negocios\u201d con el eje en las pol\u00edticas oficiales"},"content":{"rendered":"<p><em><strong>Impulsan la formaci\u00f3n de profesionales en el \u00e1rea, con el foco puesto en la calidad, la promoci\u00f3n tur\u00edstica y la generaci\u00f3n de diversas herramientas de trabajo. Inclusive en la formaci\u00f3n en idiomas.<\/strong><\/em>\u00a0 \u00a0 \u00a0 \u00a0 \u00a0 \u00a0 \u00a0 \u00a0 \u00a0\u00a0<!--more--><\/p>\n<p><strong><img loading=\"lazy\" decoding=\"async\" class=\"size-full wp-image-5735 aligncenter\" src=\"https:\/\/www.visionweb.com.ar\/wp-content\/uploads\/2022\/05\/SM-de-los-Andes-muelle-Neuquen-CAT.bmp\" alt=\"\" width=\"462\" height=\"299\" \/>E<\/strong>l Ministerio de Turismo y Deportes avanza en la instrumentaci\u00f3n de \u00abescuelas de negocios\u00bb con \u00abformaci\u00f3n intensiva\u00bb en distintos puntos del pa\u00eds.<\/p>\n<p>En ese sentido, la<strong>\u00a0<\/strong>subsecretaria de Calidad, Accesibilidad y Sustentabilidad del Turismo Nacional, In\u00e9s Albergucci, asegur\u00f3 que la iniciativa est\u00e1 vinculada a la gran \u00abexpectativa de crecimiento\u00bb que tiene el sector.<\/p>\n<p>\u00abHemos iniciado ocho escuelas de negocios en el pa\u00eds, en esta etapa, con una formaci\u00f3n que va a durar hasta fin de a\u00f1o\u00bb, indic\u00f3.<\/p>\n<p>La subsecretaria especific\u00f3 que \u00abse trata de una formaci\u00f3n intensiva dirigida a quienes toman decisiones en estas peque\u00f1as y medianas empresas y emprendimientos tur\u00edsticos, con el objetivo de generar herramientas para que puedan perdurar y tener condiciones de sostenibilidad en el tiempo\u00bb.<\/p>\n<p>Albergucci explic\u00f3 que el objetivo es \u00abmejorar la competitividad y las condiciones en que trabajan nuestros prestadores y prestadoras, peque\u00f1as y medianas empresas\u00bb en declaraciones a T\u00e9lam.<\/p>\n<p>\u00ab<strong>Tenemos tres ejes fuertes de gesti\u00f3n<\/strong>, uno tiene que ver con el desarrollo de la infraestructura, otro con la promoci\u00f3n y todo lo que implic\u00f3 el programa PreViaje y lo que va a implicar la nueva edici\u00f3n; y un tercer eje con los programas y las pol\u00edticas de formaci\u00f3n y de calidad\u00bb, detall\u00f3 la funcionaria.<\/p>\n<p>\u00abDesde el Ministerio de Turismo y Deportes debemos generar esas condiciones de posibilidad para que los servicios tur\u00edsticos tengan la calidad que exigen nuestros turistas\u00bb, dijo, e indic\u00f3 que \u00abestamos llevando adelante otras iniciativas, como formaci\u00f3n en idiomas\u00bb. <strong>(VW)<\/strong><\/p>\n","protected":false},"excerpt":{"rendered":"<p>Impulsan la formaci\u00f3n de profesionales en el \u00e1rea, con el foco puesto en la calidad, la promoci\u00f3n tur\u00edstica y la generaci\u00f3n de diversas herramientas de trabajo. Inclusive en la formaci\u00f3n en idiomas.\u00a0 \u00a0 \u00a0&#46;&#46;&#46;<\/p>\n","protected":false},"author":4,"featured_media":5735,"comment_status":"closed","ping_status":"closed","sticky":false,"template":"","format":"standard","meta":{"_monsterinsights_skip_tracking":false,"_monsterinsights_sitenote_active":false,"_monsterinsights_sitenote_note":"","_monsterinsights_sitenote_category":0,"footnotes":""},"categories":[700],"tags":[2325,2324,263,447,49],"class_list":["post-5733","post","type-post","status-publish","format-standard","has-post-thumbnail","hentry","category-turismo","tag-albergucci","tag-escuela-de-negocios","tag-lammens","tag-ministerio","tag-turismo"],"_links":{"self":[{"href":"https:\/\/www.visionweb.com.ar\/index.php?rest_route=\/wp\/v2\/posts\/5733","targetHints":{"allow":["GET"]}}],"collection":[{"href":"https:\/\/www.visionweb.com.ar\/index.php?rest_route=\/wp\/v2\/posts"}],"about":[{"href":"https:\/\/www.visionweb.com.ar\/index.php?rest_route=\/wp\/v2\/types\/post"}],"author":[{"embeddable":true,"href":"https:\/\/www.visionweb.com.ar\/index.php?rest_route=\/wp\/v2\/users\/4"}],"replies":[{"embeddable":true,"href":"https:\/\/www.visionweb.com.ar\/index.php?rest_route=%2Fwp%2Fv2%2Fcomments&post=5733"}],"version-history":[{"count":2,"href":"https:\/\/www.visionweb.com.ar\/index.php?rest_route=\/wp\/v2\/posts\/5733\/revisions"}],"predecessor-version":[{"id":5736,"href":"https:\/\/www.visionweb.com.ar\/index.php?rest_route=\/wp\/v2\/posts\/5733\/revisions\/5736"}],"wp:featuredmedia":[{"embeddable":true,"href":"https:\/\/www.visionweb.com.ar\/index.php?rest_route=\/wp\/v2\/media\/5735"}],"wp:attachment":[{"href":"https:\/\/www.visionweb.com.ar\/index.php?rest_route=%2Fwp%2Fv2%2Fmedia&parent=5733"}],"wp:term":[{"taxonomy":"category","embeddable":true,"href":"https:\/\/www.visionweb.com.ar\/index.php?rest_route=%2Fwp%2Fv2%2Fcategories&post=5733"},{"taxonomy":"post_tag","embeddable":true,"href":"https:\/\/www.visionweb.com.ar\/index.php?rest_route=%2Fwp%2Fv2%2Ftags&post=5733"}],"curies":[{"name":"wp","href":"https:\/\/api.w.org\/{rel}","templated":true}]}}