{"id":5715,"date":"2022-05-18T10:47:50","date_gmt":"2022-05-18T13:47:50","guid":{"rendered":"https:\/\/www.visionweb.com.ar\/?p=5715"},"modified":"2022-05-18T10:49:32","modified_gmt":"2022-05-18T13:49:32","slug":"hoy-se-celebra-el-dia-de-la-escarapela-nacional","status":"publish","type":"post","link":"https:\/\/www.visionweb.com.ar\/?p=5715","title":{"rendered":"Hoy se conmemora \u00abEl D\u00eda de la Escarapela\u00bb"},"content":{"rendered":"<p><strong><em>A partir del 18 de mayo comienza la \u00abSemana de Mayo\u00bb y se inicia uno de los per\u00edodos m\u00e1s importantes de la historia argentina.<\/em><\/strong><!--more--><\/p>\n<p><img loading=\"lazy\" decoding=\"async\" class=\"size-medium wp-image-5717 alignleft\" src=\"https:\/\/www.visionweb.com.ar\/wp-content\/uploads\/2022\/05\/DIA-DE-LA-ESCARAPELA-300x163.png\" alt=\"\" width=\"300\" height=\"163\" srcset=\"https:\/\/www.visionweb.com.ar\/wp-content\/uploads\/2022\/05\/DIA-DE-LA-ESCARAPELA-300x163.png 300w, https:\/\/www.visionweb.com.ar\/wp-content\/uploads\/2022\/05\/DIA-DE-LA-ESCARAPELA.png 640w\" sizes=\"auto, (max-width: 300px) 100vw, 300px\" \/>Cada 18 de mayo, en\u00a0Argentina\u00a0se celebra el\u00a0D\u00eda de la Escarapela, instituido por el\u00a0Consejo Nacional de Educaci\u00f3n\u00a0en el a\u00f1o 193, que, junto al escudo, el himno y la bandera, es uno de los s\u00edmbolos patrios nacionales.<\/p>\n<p>Fue creada en 1812, por solicitud de Manuel Belgrano, durante el Primer Triunvirato como distintivo en las Provincias Unidas del R\u00edo de la Plata.<\/p>\n<p>El pedido del General Belgrano al Primer Triunvirato, se hizo un 13 de febrero, en lo que ahora es la ciudad de Rosario, que avalara el uso de la escarapela con los colores celeste y blanco para las tropas de las Provincias Unidas del R\u00edo de La Plata. y\u00a0Tuvo como objetivo unificar los colores del ej\u00e9rcito, distinguirse de los enemigos y fomentar la unidad nacional.<\/p>\n<p>En 1935 el Consejo Nacional de Educaci\u00f3n instituy\u00f3 al 18 de mayo como D\u00eda de la Escarpela, uno de nuestros emblemas patrios m\u00e1s representativos.<\/p>\n<p>Los argentinos y argentinas utilizamos esta insignia del lado izquierdo del pecho, en las fechas vinculadas a su creaci\u00f3n (18 de febrero), durante toda la Semana de Mayo desde el 18 al 25, y tambi\u00e9n en d\u00edas festivos nacionales, tales como el D\u00eda de la Bandera (20 de junio) y el D\u00eda de la Independencia (9 de julio) <strong>(VW)<\/strong><\/p>\n<p>&nbsp;<\/p>\n","protected":false},"excerpt":{"rendered":"<p>A partir del 18 de mayo comienza la \u00abSemana de Mayo\u00bb y se inicia uno de los per\u00edodos m\u00e1s importantes de la historia argentina.<\/p>\n","protected":false},"author":3,"featured_media":5717,"comment_status":"closed","ping_status":"closed","sticky":false,"template":"","format":"standard","meta":{"_monsterinsights_skip_tracking":false,"_monsterinsights_sitenote_active":false,"_monsterinsights_sitenote_note":"","_monsterinsights_sitenote_category":0,"footnotes":""},"categories":[8],"tags":[2316,2317,2318],"class_list":["post-5715","post","type-post","status-publish","format-standard","has-post-thumbnail","hentry","category-interes-general","tag-belgrano","tag-celeste-y-blanco","tag-rosarioi"],"_links":{"self":[{"href":"https:\/\/www.visionweb.com.ar\/index.php?rest_route=\/wp\/v2\/posts\/5715","targetHints":{"allow":["GET"]}}],"collection":[{"href":"https:\/\/www.visionweb.com.ar\/index.php?rest_route=\/wp\/v2\/posts"}],"about":[{"href":"https:\/\/www.visionweb.com.ar\/index.php?rest_route=\/wp\/v2\/types\/post"}],"author":[{"embeddable":true,"href":"https:\/\/www.visionweb.com.ar\/index.php?rest_route=\/wp\/v2\/users\/3"}],"replies":[{"embeddable":true,"href":"https:\/\/www.visionweb.com.ar\/index.php?rest_route=%2Fwp%2Fv2%2Fcomments&post=5715"}],"version-history":[{"count":4,"href":"https:\/\/www.visionweb.com.ar\/index.php?rest_route=\/wp\/v2\/posts\/5715\/revisions"}],"predecessor-version":[{"id":5721,"href":"https:\/\/www.visionweb.com.ar\/index.php?rest_route=\/wp\/v2\/posts\/5715\/revisions\/5721"}],"wp:featuredmedia":[{"embeddable":true,"href":"https:\/\/www.visionweb.com.ar\/index.php?rest_route=\/wp\/v2\/media\/5717"}],"wp:attachment":[{"href":"https:\/\/www.visionweb.com.ar\/index.php?rest_route=%2Fwp%2Fv2%2Fmedia&parent=5715"}],"wp:term":[{"taxonomy":"category","embeddable":true,"href":"https:\/\/www.visionweb.com.ar\/index.php?rest_route=%2Fwp%2Fv2%2Fcategories&post=5715"},{"taxonomy":"post_tag","embeddable":true,"href":"https:\/\/www.visionweb.com.ar\/index.php?rest_route=%2Fwp%2Fv2%2Ftags&post=5715"}],"curies":[{"name":"wp","href":"https:\/\/api.w.org\/{rel}","templated":true}]}}