{"id":5703,"date":"2022-05-17T17:32:34","date_gmt":"2022-05-17T20:32:34","guid":{"rendered":"https:\/\/www.visionweb.com.ar\/?p=5703"},"modified":"2022-05-17T17:45:36","modified_gmt":"2022-05-17T20:45:36","slug":"hoy-se-conmemora-el-dia-mundial-del-reciclado","status":"publish","type":"post","link":"https:\/\/www.visionweb.com.ar\/?p=5703","title":{"rendered":"Hoy se conmemora el \u00abD\u00eda mundial del reciclado\u00bb"},"content":{"rendered":"<p><em>La fecha apunta a generar conciencia sobre el reciclado y sus beneficios para el ambiente. Desde Acumar, se promueve la pr\u00e1ctica de la separaci\u00f3n de residuos para su reciclado.<\/em><!--more--><\/p>\n<div id=\"attachment_5704\" style=\"width: 310px\" class=\"wp-caption alignright\"><img loading=\"lazy\" decoding=\"async\" aria-describedby=\"caption-attachment-5704\" class=\"wp-image-5704 size-medium\" src=\"https:\/\/www.visionweb.com.ar\/wp-content\/uploads\/2022\/05\/una-estacion-de-reciclado-300x199.png\" alt=\"\" width=\"300\" height=\"199\" srcset=\"https:\/\/www.visionweb.com.ar\/wp-content\/uploads\/2022\/05\/una-estacion-de-reciclado-300x199.png 300w, https:\/\/www.visionweb.com.ar\/wp-content\/uploads\/2022\/05\/una-estacion-de-reciclado-768x510.png 768w, https:\/\/www.visionweb.com.ar\/wp-content\/uploads\/2022\/05\/una-estacion-de-reciclado.png 800w\" sizes=\"auto, (max-width: 300px) 100vw, 300px\" \/><p id=\"caption-attachment-5704\" class=\"wp-caption-text\"><em><strong>Las estaciones de reciclado se encuentran ubicadas en puntos estrat\u00e9gicos en las localidades de la cuenca Matanza-Riachuelo (Foto ACUMA)<\/strong><\/em><\/p><\/div>\n<p><strong>\u00a0 \u00a0 C<\/strong>on la conmemoraci\u00f3n del D\u00eda Mundial del Reciclado, se busca generar conciencia en la sociedad sobre esta pr\u00e1ctica que tantos beneficios trae frente a las diversas problem\u00e1ticas ambientales producidas por el gran volumen de desechos que se generan y la escasez de recursos naturales.<\/p>\n<p>El reciclaje es particularmente importante en la Cuenca Matanza Riachuelo, en la que los desechos urbanos representan una de las tres principales fuentes de contaminaci\u00f3n.<\/p>\n<p>ACUMAR (Autoridad de la Cuenca matanza Riachuel) realiza varias acciones que promueven el reciclado y fomentan la puesta en marcha de sistemas diferenciados de gesti\u00f3n responsable de los residuos.<\/p>\n<p>Entre ellas se destaca el Programa ACUMAR 3R, que tiene el objetivo involucrar activamente a la ciudadan\u00eda en los procesos de reducci\u00f3n, separaci\u00f3n, recuperaci\u00f3n, valorizaci\u00f3n de residuos y aspectos vinculados a la higiene urbana.<\/p>\n<p>En ese marco, el organismo instal\u00f3 m\u00e1s de 60 Estaciones de Reciclado en puntos estrat\u00e9gicos de distintos municipios de la Cuenca, para promover en las gestiones locales el aprovechamiento y valorizaci\u00f3n de los materiales post-consumo.<\/p>\n<h3 style=\"text-align: center;\"><span style=\"color: #3366ff;\"><em><strong>El reciclado de los desechos es el camino para reducir el volumen de residuos y recuperar recursos naturales.<\/strong><\/em><\/span><\/h3>\n<p>Adem\u00e1s, apuntan a sensibilizar a la poblaci\u00f3n acerca de la necesidad de transformar los h\u00e1bitos en el manejo de los desechos domiciliarios.<\/p>\n<p>A trav\u00e9s del programa de Preclasificaci\u00f3n de Residuos en Instituciones, ACUMAR impuls\u00f3 la implementaci\u00f3n de sistemas de separaci\u00f3n y valorizaci\u00f3n al interior de espacios p\u00fablicos y privados como escuelas, organizaciones y clubes.\u00a0Junto a los gobiernos locales, la Autoridad de Cuenca entreg\u00f3 contenedores para su puesta en marcha.<\/p>\n<p>En el \u00e1mbito educativo, trabaja con Escuelas por la Cuenca, un programa que involucra a las instituciones, docentes y estudiantes en el desarrollo de propuestas de mejora concretas en relaci\u00f3n a las problem\u00e1ticas ambientales y de salud.<\/p>\n<div id=\"attachment_5705\" style=\"width: 310px\" class=\"wp-caption alignleft\"><img loading=\"lazy\" decoding=\"async\" aria-describedby=\"caption-attachment-5705\" class=\"wp-image-5705 size-medium\" src=\"https:\/\/www.visionweb.com.ar\/wp-content\/uploads\/2022\/05\/RECICLADO-300x200.png\" alt=\"\" width=\"300\" height=\"200\" srcset=\"https:\/\/www.visionweb.com.ar\/wp-content\/uploads\/2022\/05\/RECICLADO-300x200.png 300w, https:\/\/www.visionweb.com.ar\/wp-content\/uploads\/2022\/05\/RECICLADO-768x513.png 768w, https:\/\/www.visionweb.com.ar\/wp-content\/uploads\/2022\/05\/RECICLADO.png 800w\" sizes=\"auto, (max-width: 300px) 100vw, 300px\" \/><p id=\"caption-attachment-5705\" class=\"wp-caption-text\"><strong><em>Una de las estaciones de reciclado (Foto ACUMAR)<\/em><\/strong><\/p><\/div>\n<p>El organismo multilateral considera que esta fecha es central para visibilizar la importancia de separar los residuos desde su origen y valorar el rol de las, les y los recuperadores urbanos: \u00abVamos hacia una sociedad m\u00e1s consciente y responsable que entienda a los residuos tambi\u00e9n como un recurso renovable\u201d, sostuvo Ricardo Rollandi, director de Gesti\u00f3n Integral de Residuos S\u00f3lidos.<\/p>\n<p>El reciclado de los desechos es el camino para reducir el volumen de residuos y recuperar recursos naturales. Sumar h\u00e1bitos, gestiones y pol\u00edticas que lo hagan posible es el desaf\u00edo de toda la comunidad de la Cuenca<strong>(VW)<\/strong>.<\/p>\n","protected":false},"excerpt":{"rendered":"<p>La fecha apunta a generar conciencia sobre el reciclado y sus beneficios para el ambiente. Desde Acumar, se promueve la pr\u00e1ctica de la separaci\u00f3n de residuos para su reciclado.<\/p>\n","protected":false},"author":3,"featured_media":5704,"comment_status":"closed","ping_status":"closed","sticky":false,"template":"","format":"standard","meta":{"_monsterinsights_skip_tracking":false,"_monsterinsights_sitenote_active":false,"_monsterinsights_sitenote_note":"","_monsterinsights_sitenote_category":0,"footnotes":""},"categories":[5],"tags":[],"class_list":["post-5703","post","type-post","status-publish","format-standard","has-post-thumbnail","hentry","category-sociedad"],"_links":{"self":[{"href":"https:\/\/www.visionweb.com.ar\/index.php?rest_route=\/wp\/v2\/posts\/5703","targetHints":{"allow":["GET"]}}],"collection":[{"href":"https:\/\/www.visionweb.com.ar\/index.php?rest_route=\/wp\/v2\/posts"}],"about":[{"href":"https:\/\/www.visionweb.com.ar\/index.php?rest_route=\/wp\/v2\/types\/post"}],"author":[{"embeddable":true,"href":"https:\/\/www.visionweb.com.ar\/index.php?rest_route=\/wp\/v2\/users\/3"}],"replies":[{"embeddable":true,"href":"https:\/\/www.visionweb.com.ar\/index.php?rest_route=%2Fwp%2Fv2%2Fcomments&post=5703"}],"version-history":[{"count":1,"href":"https:\/\/www.visionweb.com.ar\/index.php?rest_route=\/wp\/v2\/posts\/5703\/revisions"}],"predecessor-version":[{"id":5706,"href":"https:\/\/www.visionweb.com.ar\/index.php?rest_route=\/wp\/v2\/posts\/5703\/revisions\/5706"}],"wp:featuredmedia":[{"embeddable":true,"href":"https:\/\/www.visionweb.com.ar\/index.php?rest_route=\/wp\/v2\/media\/5704"}],"wp:attachment":[{"href":"https:\/\/www.visionweb.com.ar\/index.php?rest_route=%2Fwp%2Fv2%2Fmedia&parent=5703"}],"wp:term":[{"taxonomy":"category","embeddable":true,"href":"https:\/\/www.visionweb.com.ar\/index.php?rest_route=%2Fwp%2Fv2%2Fcategories&post=5703"},{"taxonomy":"post_tag","embeddable":true,"href":"https:\/\/www.visionweb.com.ar\/index.php?rest_route=%2Fwp%2Fv2%2Ftags&post=5703"}],"curies":[{"name":"wp","href":"https:\/\/api.w.org\/{rel}","templated":true}]}}