{"id":5698,"date":"2022-05-17T16:22:05","date_gmt":"2022-05-17T19:22:05","guid":{"rendered":"https:\/\/www.visionweb.com.ar\/?p=5698"},"modified":"2022-05-17T16:22:05","modified_gmt":"2022-05-17T19:22:05","slug":"censo-del-18-de-mayo-que-se-podra-hacer-y-que-no","status":"publish","type":"post","link":"https:\/\/www.visionweb.com.ar\/?p=5698","title":{"rendered":"Censo del 18 de mayo: Qu\u00e9 se podr\u00e1 hacer y qu\u00e9 no"},"content":{"rendered":"<p><em><strong>S\u00f3lo habr\u00e1 guardias m\u00e9dicas, farmacias y estaciones de servicio. El transporte p\u00fablico funcionar\u00e1 con la frecuencia de los d\u00edas domingos y feriados. Estar\u00e1n todas las actividades suspendidas, y los comercios cerrados.<\/strong><\/em><!--more--><\/p>\n<p><strong><img loading=\"lazy\" decoding=\"async\" class=\"size-medium wp-image-5700 alignleft\" src=\"https:\/\/www.visionweb.com.ar\/wp-content\/uploads\/2022\/05\/lanus-censo-1-288x300.jpg\" alt=\"\" width=\"288\" height=\"300\" srcset=\"https:\/\/www.visionweb.com.ar\/wp-content\/uploads\/2022\/05\/lanus-censo-1-288x300.jpg 288w, https:\/\/www.visionweb.com.ar\/wp-content\/uploads\/2022\/05\/lanus-censo-1.jpg 417w\" sizes=\"auto, (max-width: 288px) 100vw, 288px\" \/>C<\/strong>on motivo del desarrollo del Censo 2022 que realizar\u00e1 el Instituto Nacional de Estad\u00edsticas Censos (Indec) este mi\u00e9rcoles 18 de mayo ser\u00e1 feriado nacional, por lo cual distintas actividades ser\u00e1n suspendidas durante la realizaci\u00f3n del relevamiento, desde las 8 hasta las 20 horas.<\/p>\n<p>El objetivo de esta medida para todo el territorio nacional, es que todas las personas se encuentren en sus hogares para recibir al censista. El mismo caso es para los que hayan anticipado el proceso v\u00eda web, porque deber\u00e1n informar el c\u00f3digo de gesti\u00f3n resultante.<\/p>\n<p>A la vez, cabe recordar al respecto, que se puede acceder al censo digital hasta las 8 am del mi\u00e9rcoles 18, momento en cual comenzar\u00e1 la visita de los censistas en forma presencial.<\/p>\n<p>En este marco, permanecer\u00e1n cerrados los comercios, inclusive los de venta de productos alimenticios y bebidas. Tampoco habr\u00e1 funciones de teatro o cine, eventos deportivos, ni espect\u00e1culos en general.<\/p>\n<p><img loading=\"lazy\" decoding=\"async\" class=\"size-medium wp-image-5701 alignright\" src=\"https:\/\/www.visionweb.com.ar\/wp-content\/uploads\/2022\/05\/censo-lanus-2-282x300.jpg\" alt=\"\" width=\"282\" height=\"300\" srcset=\"https:\/\/www.visionweb.com.ar\/wp-content\/uploads\/2022\/05\/censo-lanus-2-282x300.jpg 282w, https:\/\/www.visionweb.com.ar\/wp-content\/uploads\/2022\/05\/censo-lanus-2.jpg 410w\" sizes=\"auto, (max-width: 282px) 100vw, 282px\" \/>Conforme a la\u00a0Ley 24.254\u00a0que estableci\u00f3 en 1993 que el d\u00eda del Censo debe ser feriado,\u00a0desde las 8 hasta las 20 horas se ver\u00e1n suspendidas las siguientes actividades:<\/p>\n<p>Actividades culturales\u00a0como funciones teatrales, de cine o musicales, entre otras, competencias deportivas y todo tipo de espect\u00e1culo p\u00fablico.<\/p>\n<p>Reuniones p\u00fablicas<strong>\u00a0<\/strong>que re\u00fanan a mucha gente como boliches o shows, ya sea en interiores o en exteriores.<\/p>\n<p>A la vez, estar\u00e1n cerrados los Restaurantes,\u00a0Bares,\u00a0Confiter\u00eda,\u00a0Casas de expendio de bebidas y similares,\u00a0Rotiser\u00edas,\u00a0Panader\u00edas y cualquier tipo de comercio de venta de art\u00edculos alimenticios y bebidas.<\/p>\n<p>En su defecto,<strong> los principales servicios e instituciones que s\u00ed permanecer\u00e1n abiertos<\/strong><strong>\u00a0<\/strong>son:<\/p>\n<p>Hospitales y cl\u00ednicas<\/p>\n<p>Centros de salud<\/p>\n<p>Farmacias<\/p>\n<p>Estaciones de servicio<\/p>\n<p>En este marco, desde el municipio de Lan\u00fas reforzaron la informaci\u00f3n en forma local, sobre cu\u00e1les ser\u00e1n las actividades que estar\u00e1n permitidas. <strong>(VW)<\/strong><\/p>\n<p>&nbsp;<\/p>\n","protected":false},"excerpt":{"rendered":"<p>S\u00f3lo habr\u00e1 guardias m\u00e9dicas, farmacias y estaciones de servicio. El transporte p\u00fablico funcionar\u00e1 con la frecuencia de los d\u00edas domingos y feriados. Estar\u00e1n todas las actividades suspendidas, y los comercios cerrados.<\/p>\n","protected":false},"author":4,"featured_media":5701,"comment_status":"closed","ping_status":"closed","sticky":false,"template":"","format":"standard","meta":{"_monsterinsights_skip_tracking":false,"_monsterinsights_sitenote_active":false,"_monsterinsights_sitenote_note":"","_monsterinsights_sitenote_category":0,"footnotes":""},"categories":[3],"tags":[2315,1758,48,2314],"class_list":["post-5698","post","type-post","status-publish","format-standard","has-post-thumbnail","hentry","category-actualidad","tag-actividades-permitidas","tag-censo-2022","tag-comercios","tag-feriado-18-de-mayo"],"_links":{"self":[{"href":"https:\/\/www.visionweb.com.ar\/index.php?rest_route=\/wp\/v2\/posts\/5698","targetHints":{"allow":["GET"]}}],"collection":[{"href":"https:\/\/www.visionweb.com.ar\/index.php?rest_route=\/wp\/v2\/posts"}],"about":[{"href":"https:\/\/www.visionweb.com.ar\/index.php?rest_route=\/wp\/v2\/types\/post"}],"author":[{"embeddable":true,"href":"https:\/\/www.visionweb.com.ar\/index.php?rest_route=\/wp\/v2\/users\/4"}],"replies":[{"embeddable":true,"href":"https:\/\/www.visionweb.com.ar\/index.php?rest_route=%2Fwp%2Fv2%2Fcomments&post=5698"}],"version-history":[{"count":2,"href":"https:\/\/www.visionweb.com.ar\/index.php?rest_route=\/wp\/v2\/posts\/5698\/revisions"}],"predecessor-version":[{"id":5702,"href":"https:\/\/www.visionweb.com.ar\/index.php?rest_route=\/wp\/v2\/posts\/5698\/revisions\/5702"}],"wp:featuredmedia":[{"embeddable":true,"href":"https:\/\/www.visionweb.com.ar\/index.php?rest_route=\/wp\/v2\/media\/5701"}],"wp:attachment":[{"href":"https:\/\/www.visionweb.com.ar\/index.php?rest_route=%2Fwp%2Fv2%2Fmedia&parent=5698"}],"wp:term":[{"taxonomy":"category","embeddable":true,"href":"https:\/\/www.visionweb.com.ar\/index.php?rest_route=%2Fwp%2Fv2%2Fcategories&post=5698"},{"taxonomy":"post_tag","embeddable":true,"href":"https:\/\/www.visionweb.com.ar\/index.php?rest_route=%2Fwp%2Fv2%2Ftags&post=5698"}],"curies":[{"name":"wp","href":"https:\/\/api.w.org\/{rel}","templated":true}]}}