{"id":5694,"date":"2022-05-17T15:01:46","date_gmt":"2022-05-17T18:01:46","guid":{"rendered":"https:\/\/www.visionweb.com.ar\/?p=5694"},"modified":"2022-05-17T15:01:46","modified_gmt":"2022-05-17T18:01:46","slug":"incendio-en-avellaneda-aun-hay-focos-activos-y-continua-el-trabajo-de-bomberos","status":"publish","type":"post","link":"https:\/\/www.visionweb.com.ar\/?p=5694","title":{"rendered":"Incendio en Avellaneda: A\u00fan hay focos activos y contin\u00faa el trabajo de bomberos"},"content":{"rendered":"<p><em><strong>Se control\u00f3 el incendio, pero luego de m\u00e1s de 24 horas del inicio, los bomberos contin\u00faan con los trabajos para sofocar focos que todav\u00eda persisten. Los vecinos ya pudieron regresar a sus viviendas.<\/strong><\/em><!--more--><\/p>\n<div id=\"attachment_5696\" style=\"width: 270px\" class=\"wp-caption alignright\"><img loading=\"lazy\" decoding=\"async\" aria-describedby=\"caption-attachment-5696\" class=\"wp-image-5696 size-medium\" src=\"https:\/\/www.visionweb.com.ar\/wp-content\/uploads\/2022\/05\/incendio-avell-2-vw-260x300.jpg\" alt=\"\" width=\"260\" height=\"300\" srcset=\"https:\/\/www.visionweb.com.ar\/wp-content\/uploads\/2022\/05\/incendio-avell-2-vw-260x300.jpg 260w, https:\/\/www.visionweb.com.ar\/wp-content\/uploads\/2022\/05\/incendio-avell-2-vw.jpg 482w\" sizes=\"auto, (max-width: 260px) 100vw, 260px\" \/><p id=\"caption-attachment-5696\" class=\"wp-caption-text\">Imagen de ayer al mediod\u00eda, desde Avenida Hip\u00f3lito Yrigoyen, cuando el viento direccionaba el humo hacia el oeste. (Foto: VW)<\/p><\/div>\n<p><strong>E<\/strong>l fuerte incendio comenz\u00f3 en horas de la ma\u00f1ana de ayer lunes en una f\u00e1brica de productos qu\u00edmicos para mascotas, y se propag\u00f3 a otros galpones ubicados en ese predio, una f\u00e1brica textil y otra de aerosoles. Los bomberos a\u00fan contin\u00faan con los trabajos para sofocar focos que todav\u00eda persisten. Luego quedar\u00e1 realizar la remoci\u00f3n de escombros.<\/p>\n<p>El predio est\u00e1 ubicado junto a las torres Pueyrred\u00f3n, en la manzana delimitada por\u00a0Florentino Ameghino,\u00a0Belisario Hueyo, donde se desplegaron las mangueras, Manuel Est\u00e9vez y Patricios, de la localidad de Avellaneda.<\/p>\n<p>No se informaron v\u00edctimas fatales ni heridos de gravedad, aunque s\u00ed personas afectadas por el humo. Los vecinos que hab\u00edan sido evacuados, ya pudieron regresar a sus viviendas.<\/p>\n<p>Cerca de la medianoche, hab\u00edan advertido que se estaba en camino de dominar algunos focos reavivados por el viento pero de todas maneras los trabajos continuaron durante toda la noche y se mantienen durante este martes.<\/p>\n<p>Fuentes oficiales municipales de Avellaneda se\u00f1alaron que: \u201cEn las pr\u00f3ximas horas ya demoler\u00e1n los muros de la f\u00e1brica\u201d.<\/p>\n<p>Hasta el momento, las llamas requirieron la intervenci\u00f3n de al menos 10 dotaciones de los Bomberos Voluntarios de Avellaneda y de Lan\u00fas.<\/p>\n<p>En ese sentido, el jefe de Gabinete de Lan\u00fas Diego Kravetz, destac\u00f3 y felicit\u00f3 la tarea de bomberos y de Defensa Civil, por su \u00abgeneroso Trabajo\u00bb.\u00a0<strong>(VW)<\/strong><\/p>\n<p>&nbsp;<\/p>\n","protected":false},"excerpt":{"rendered":"<p>Se control\u00f3 el incendio, pero luego de m\u00e1s de 24 horas del inicio, los bomberos contin\u00faan con los trabajos para sofocar focos que todav\u00eda persisten. Los vecinos ya pudieron regresar a sus viviendas.<\/p>\n","protected":false},"author":4,"featured_media":5696,"comment_status":"closed","ping_status":"closed","sticky":false,"template":"","format":"standard","meta":{"_monsterinsights_skip_tracking":false,"_monsterinsights_sitenote_active":false,"_monsterinsights_sitenote_note":"","_monsterinsights_sitenote_category":0,"footnotes":""},"categories":[8],"tags":[2313,857,1982,2312],"class_list":["post-5694","post","type-post","status-publish","format-standard","has-post-thumbnail","hentry","category-interes-general","tag-ameghino","tag-bomberos","tag-defensa-civil","tag-incendio-avellaneda"],"_links":{"self":[{"href":"https:\/\/www.visionweb.com.ar\/index.php?rest_route=\/wp\/v2\/posts\/5694","targetHints":{"allow":["GET"]}}],"collection":[{"href":"https:\/\/www.visionweb.com.ar\/index.php?rest_route=\/wp\/v2\/posts"}],"about":[{"href":"https:\/\/www.visionweb.com.ar\/index.php?rest_route=\/wp\/v2\/types\/post"}],"author":[{"embeddable":true,"href":"https:\/\/www.visionweb.com.ar\/index.php?rest_route=\/wp\/v2\/users\/4"}],"replies":[{"embeddable":true,"href":"https:\/\/www.visionweb.com.ar\/index.php?rest_route=%2Fwp%2Fv2%2Fcomments&post=5694"}],"version-history":[{"count":2,"href":"https:\/\/www.visionweb.com.ar\/index.php?rest_route=\/wp\/v2\/posts\/5694\/revisions"}],"predecessor-version":[{"id":5697,"href":"https:\/\/www.visionweb.com.ar\/index.php?rest_route=\/wp\/v2\/posts\/5694\/revisions\/5697"}],"wp:featuredmedia":[{"embeddable":true,"href":"https:\/\/www.visionweb.com.ar\/index.php?rest_route=\/wp\/v2\/media\/5696"}],"wp:attachment":[{"href":"https:\/\/www.visionweb.com.ar\/index.php?rest_route=%2Fwp%2Fv2%2Fmedia&parent=5694"}],"wp:term":[{"taxonomy":"category","embeddable":true,"href":"https:\/\/www.visionweb.com.ar\/index.php?rest_route=%2Fwp%2Fv2%2Fcategories&post=5694"},{"taxonomy":"post_tag","embeddable":true,"href":"https:\/\/www.visionweb.com.ar\/index.php?rest_route=%2Fwp%2Fv2%2Ftags&post=5694"}],"curies":[{"name":"wp","href":"https:\/\/api.w.org\/{rel}","templated":true}]}}