{"id":5687,"date":"2022-05-17T14:03:07","date_gmt":"2022-05-17T17:03:07","guid":{"rendered":"https:\/\/www.visionweb.com.ar\/?p=5687"},"modified":"2022-05-17T14:03:07","modified_gmt":"2022-05-17T17:03:07","slug":"lanus-siguen-las-obras-de-renovacion-en-plazas-y-parques","status":"publish","type":"post","link":"https:\/\/www.visionweb.com.ar\/?p=5687","title":{"rendered":"Lan\u00fas: Siguen las obras de renovaci\u00f3n en plazas y parques"},"content":{"rendered":"<p><em><strong>El objetivo es recuperar espacios verdes y contribuir al saneamiento del medioambiente.<\/strong><\/em><!--more--><\/p>\n<p><strong>\u00a0<\/strong>\u00a0\u00a0\u00a0 <img loading=\"lazy\" decoding=\"async\" class=\"size-medium wp-image-5689 alignleft\" src=\"https:\/\/www.visionweb.com.ar\/wp-content\/uploads\/2022\/05\/lanus-RENOVACION-PLAZA-300x201.jpg\" alt=\"\" width=\"300\" height=\"201\" srcset=\"https:\/\/www.visionweb.com.ar\/wp-content\/uploads\/2022\/05\/lanus-RENOVACION-PLAZA-300x201.jpg 300w, https:\/\/www.visionweb.com.ar\/wp-content\/uploads\/2022\/05\/lanus-RENOVACION-PLAZA.jpg 576w\" sizes=\"auto, (max-width: 300px) 100vw, 300px\" \/>\u00a0\u00a0\u00a0\u00a0\u00a0\u00a0\u00a0\u00a0\u00a0\u00a0\u00a0\u00a0\u00a0\u00a0 <strong>E<\/strong>l Municipio de Lan\u00fas contin\u00faa con la ejecuci\u00f3n de importantes tareas de reconstrucci\u00f3n y puesta en valor en el Parque Eva Per\u00f3n y en las plazas Mariano Moreno y Villa Obrera, como as\u00ed tambi\u00e9n, intervendr\u00e1 el Parque Industrial, entre otros frentes de obra.<\/p>\n<p>Los diferentes trabajos son realizados por las \u00e1reas de Desarrollo Urbano y Espacio P\u00fablico del municipio, en el marco del proyecto de modernizaci\u00f3n y mejora sustancial de la calidad de vida de la comuna, conforme indic\u00f3 Prensa de Lan\u00fas.<\/p>\n<p>Mediante el Programa Argentina Hace, se efect\u00faa la parquizaci\u00f3n y creaci\u00f3n de un \u00e1rea de juegos en el <strong>sector lindero al vel\u00f3dromo<\/strong> que hab\u00eda sido recuperado por el Municipio. All\u00ed, los trabajos (cuya finalizaci\u00f3n est\u00e1 prevista para junio) se encuentran completados en un 55 por ciento.<\/p>\n<p>En ese lugar, a la fecha se convirtieron en zona verde un total de 14 mil metros cuadrados y se desarrollaron diversas labores en la Plaza de la Memoria tales como, la colocaci\u00f3n de senderos, iluminaci\u00f3n, equipamiento urbano, creaci\u00f3n de sectores de descanso y la construcci\u00f3n de un sum.<\/p>\n<p>La conformaci\u00f3n de un Centro de Interpretaci\u00f3n Ambiental y de un Anfiteatro Central son dos proyectos en los cuales, se eval\u00faa la conversi\u00f3n del <strong>Vivero<\/strong> en un Sal\u00f3n de Usos M\u00faltiples donde se dictar\u00e1n talleres y cursos. Asimismo, habr\u00e1 un edificio para la poda y dos domos para invernaderos similares a los que existen en el Jard\u00edn Bot\u00e1nico de CABA.<\/p>\n<p>Otra de las obras de gran magnitud son las tareas de parquizaci\u00f3n realizadas en la <strong>Plaza Mariano<\/strong><strong> Moreno<\/strong>. En ese sitio, ya se incorpor\u00f3 un \u00e1rea de juegos y un sector canil para perros. Tambi\u00e9n, se recuper\u00f3 un terreno lindero al predio ferroviario gracias a lo cual, hoy cuenta con m\u00e1s de 12 mil metros cuadrados.<\/p>\n<p>La colocaci\u00f3n de nuevas plantas, \u00e1rboles, luminaria, \u00e1reas de sectores de descanso, bebederos y sistemas de riego son algunas de las reformas culminadas en ese emblem\u00e1tico espacio verde situado en el centro de Remedios de Escalada junto a la puesta en valor de toda la pista de skate.<\/p>\n<p><img loading=\"lazy\" decoding=\"async\" class=\"size-medium wp-image-5690 alignright\" src=\"https:\/\/www.visionweb.com.ar\/wp-content\/uploads\/2022\/05\/RENOVACION-VELODROMOPLAZAS-300x200.jpg\" alt=\"\" width=\"300\" height=\"200\" srcset=\"https:\/\/www.visionweb.com.ar\/wp-content\/uploads\/2022\/05\/RENOVACION-VELODROMOPLAZAS-300x200.jpg 300w, https:\/\/www.visionweb.com.ar\/wp-content\/uploads\/2022\/05\/RENOVACION-VELODROMOPLAZAS.jpg 538w\" sizes=\"auto, (max-width: 300px) 100vw, 300px\" \/>Adem\u00e1s, ya registran un avance del 70 por ciento las tareas ejecutadas en la <strong>Plaza Villa<\/strong><strong> Obrera<\/strong> (Eva Per\u00f3n y Pergamino). All\u00ed, se colocar\u00e1n las veredas perimetrales y se mantendr\u00e1n los \u00e1rboles existentes. Las labores se efect\u00faan con fondos del Ministerio de Obras P\u00fablicas de la Naci\u00f3n y finalizar\u00e1n en junio.<\/p>\n<p>En ese orden, ya culminaron las intervenciones en las plazas <strong>25 de Mayo<\/strong> (se coloc\u00f3 un cerco de 1,80 metros alrededor del \u00e1rea de juegos), en el <strong>Parque General San Mart\u00edn<\/strong> (se instal\u00f3 un cerco para delimitar el sector correspondiente a El Club de Autos Antiguos) y en la <strong>Plaza Carlos<\/strong><strong> Gardel<\/strong> (donde el \u00e1rea de Espacio P\u00fablico puso veredas, bancos y alambrado perimetral, reconstruy\u00f3 cordones, levant\u00f3 postes de hormig\u00f3n en la cancha de f\u00fatbol, pint\u00f3, repar\u00f3 muros y juegos e instal\u00f3 equipamiento urbano).<\/p>\n<p>Tambi\u00e9n, el Municipio trabaja junto con el Ministerio de Obras P\u00fablicas de la Naci\u00f3n en el programa UNOPS dise\u00f1ado por Naciones Unidas para transformar el terreno bald\u00edo ubicado en <strong>Donato \u00c1lvarez y Kloosterman<\/strong> en una plaza de juegos que contar\u00e1 con nuevas veredas, alambrado perimetral y equipamiento urbano.<\/p>\n<p>Por otra parte, la Secretar\u00eda de Desarrollo Urbano junto con el Ministerio de Industria de la Naci\u00f3n trabaja en un proyecto de pavimentaci\u00f3n de toda la <strong>Avenida Ricardo<\/strong><strong> Alfons\u00edn<\/strong> con el objetivo de mejorar la calidad de vida en la zona del <strong>Parque Industrial<\/strong>. La idea incluye la mejora de los espacios verdes y de las veredas que la bordean. <strong>(VW)<\/strong><\/p>\n","protected":false},"excerpt":{"rendered":"<p>El objetivo es recuperar espacios verdes y contribuir al saneamiento del medioambiente.<\/p>\n","protected":false},"author":4,"featured_media":5690,"comment_status":"closed","ping_status":"closed","sticky":false,"template":"","format":"standard","meta":{"_monsterinsights_skip_tracking":false,"_monsterinsights_sitenote_active":false,"_monsterinsights_sitenote_note":"","_monsterinsights_sitenote_category":0,"footnotes":""},"categories":[3],"tags":[1766,2311,19,2310],"class_list":["post-5687","post","type-post","status-publish","format-standard","has-post-thumbnail","hentry","category-actualidad","tag-desarrollo-urbano","tag-espacios-publicos","tag-lanus","tag-renovacion-de-plazas-y-parques"],"_links":{"self":[{"href":"https:\/\/www.visionweb.com.ar\/index.php?rest_route=\/wp\/v2\/posts\/5687","targetHints":{"allow":["GET"]}}],"collection":[{"href":"https:\/\/www.visionweb.com.ar\/index.php?rest_route=\/wp\/v2\/posts"}],"about":[{"href":"https:\/\/www.visionweb.com.ar\/index.php?rest_route=\/wp\/v2\/types\/post"}],"author":[{"embeddable":true,"href":"https:\/\/www.visionweb.com.ar\/index.php?rest_route=\/wp\/v2\/users\/4"}],"replies":[{"embeddable":true,"href":"https:\/\/www.visionweb.com.ar\/index.php?rest_route=%2Fwp%2Fv2%2Fcomments&post=5687"}],"version-history":[{"count":2,"href":"https:\/\/www.visionweb.com.ar\/index.php?rest_route=\/wp\/v2\/posts\/5687\/revisions"}],"predecessor-version":[{"id":5691,"href":"https:\/\/www.visionweb.com.ar\/index.php?rest_route=\/wp\/v2\/posts\/5687\/revisions\/5691"}],"wp:featuredmedia":[{"embeddable":true,"href":"https:\/\/www.visionweb.com.ar\/index.php?rest_route=\/wp\/v2\/media\/5690"}],"wp:attachment":[{"href":"https:\/\/www.visionweb.com.ar\/index.php?rest_route=%2Fwp%2Fv2%2Fmedia&parent=5687"}],"wp:term":[{"taxonomy":"category","embeddable":true,"href":"https:\/\/www.visionweb.com.ar\/index.php?rest_route=%2Fwp%2Fv2%2Fcategories&post=5687"},{"taxonomy":"post_tag","embeddable":true,"href":"https:\/\/www.visionweb.com.ar\/index.php?rest_route=%2Fwp%2Fv2%2Ftags&post=5687"}],"curies":[{"name":"wp","href":"https:\/\/api.w.org\/{rel}","templated":true}]}}