{"id":5684,"date":"2022-05-17T11:42:49","date_gmt":"2022-05-17T14:42:49","guid":{"rendered":"https:\/\/www.visionweb.com.ar\/?p=5684"},"modified":"2022-05-17T11:42:49","modified_gmt":"2022-05-17T14:42:49","slug":"cgera-premiada-por-su-propuesta-para-convertir-planes-en-trabajo","status":"publish","type":"post","link":"https:\/\/www.visionweb.com.ar\/?p=5684","title":{"rendered":"CGERA premiada por su propuesta para convertir planes en trabajo"},"content":{"rendered":"<p><strong><em>Se presentaron m\u00e1s de 50 proyectos en el Marco de la Convocatoria de las cuales Participaron Gobiernos Provinciales, Municipales, Universidades Nacionales, Sindicatos, C\u00e1maras Empresariales, Fundaciones y Organizaciones Sociales.<\/em><\/strong><!--more--><\/p>\n<p><strong>\u00a0 \u00a0 \u00a0 <img loading=\"lazy\" decoding=\"async\" class=\"size-medium wp-image-2194 alignleft\" src=\"https:\/\/www.visionweb.com.ar\/wp-content\/uploads\/2021\/07\/PYMES-INDUSTRIALES-300x169.jpg\" alt=\"\" width=\"300\" height=\"169\" srcset=\"https:\/\/www.visionweb.com.ar\/wp-content\/uploads\/2021\/07\/PYMES-INDUSTRIALES-300x169.jpg 300w, https:\/\/www.visionweb.com.ar\/wp-content\/uploads\/2021\/07\/PYMES-INDUSTRIALES-768x432.jpg 768w, https:\/\/www.visionweb.com.ar\/wp-content\/uploads\/2021\/07\/PYMES-INDUSTRIALES.jpg 1004w\" sizes=\"auto, (max-width: 300px) 100vw, 300px\" \/>E<\/strong>n el marco del Programa Producir Trabajo \u201cConvocatoria de ideas de Pol\u00edticas Publicas para la creaci\u00f3n de Empleo Genuino\u201d que lleva adelante la Secretaria de Asuntos Estrat\u00e9gicos de la Presidencia de la Naci\u00f3n conjuntamente con el Consejo Econ\u00f3mico Social (CES), CGERA fue premiada por su presentaci\u00f3n del Proyecto \u201cIntegrar Pymes\u201d.<\/p>\n<p>La Convocatoria \u201cProducir Trabajo\u201d estuvo orientada a actores del mundo de la producci\u00f3n y el trabajo, universidades y gobiernos locales, a quienes se convoc\u00f3 a presentar propuestas innovadoras para el dise\u00f1o de pol\u00edticas p\u00fablicas que tengan por objetivo la promoci\u00f3n del empleo genuino entre los trabajadores de la econom\u00eda popular, especialmente orientadas en la reducci\u00f3n del trabajo informal, desde una perspectiva de desarrollo territorial y sectorial.<\/p>\n<p>Se presentaron m\u00e1s de 50 proyectos en el Marco de la Convocatoria de las cuales Participaron Gobiernos Provinciales, Municipales, Universidades Nacionales, Sindicatos, C\u00e1maras Empresariales, Fundaciones y Organizaciones Sociales.<\/p>\n<div id=\"attachment_5304\" style=\"width: 310px\" class=\"wp-caption alignright\"><img loading=\"lazy\" decoding=\"async\" aria-describedby=\"caption-attachment-5304\" class=\"wp-image-5304 size-medium\" src=\"https:\/\/www.visionweb.com.ar\/wp-content\/uploads\/2022\/04\/MARCELO-FERNANDEZ-CGRA-300x200.png\" alt=\"\" width=\"300\" height=\"200\" srcset=\"https:\/\/www.visionweb.com.ar\/wp-content\/uploads\/2022\/04\/MARCELO-FERNANDEZ-CGRA-300x200.png 300w, https:\/\/www.visionweb.com.ar\/wp-content\/uploads\/2022\/04\/MARCELO-FERNANDEZ-CGRA-768x512.png 768w, https:\/\/www.visionweb.com.ar\/wp-content\/uploads\/2022\/04\/MARCELO-FERNANDEZ-CGRA.png 960w\" sizes=\"auto, (max-width: 300px) 100vw, 300px\" \/><p id=\"caption-attachment-5304\" class=\"wp-caption-text\"><em><strong>Marcelo Fern\u00e1ndez, presidente de CGRA.<\/strong><\/em><\/p><\/div>\n<p>Estas iniciativas fueron analizadas por una Comisi\u00f3n Evaluadora integrada por 16 expertos internacionales, nacionales, representantes de Ministerios Nacionales, representantes de gobiernos provinciales y municipales, representantes de Universidades Nacionales, personal de la Secretar\u00eda de Asuntos Estrat\u00e9gicos, y consejeros integrantes del CES de todos los sectores.<\/p>\n<p>\u00abEn la l\u00ednea que viene desarrollando nuestro Presidente, Marcelo Fern\u00e1ndez en sus m\u00faltiples presentaciones en los Medios el Proyecto \u201cIntegrar Pymes\u201d hace foco en la utilizaci\u00f3n de fondos de planes hacia la Formaci\u00f3n Profesional y de Oficios en Planta y integrando a los Beneficiarios de los Planes no solo a una capacitaci\u00f3n concreta sino que al mismo tiempo al Mundo del Trabajo en un oficio con aplicaci\u00f3n Inmediata. Beneficiando de esta manera tanto al \u201cnuevo\u201d trabajador como a la Pyme que incorporar\u00eda beneficios fiscales y mano de obra calificada para su actividad\u00bb, consignaron desde la entidad.<\/p>\n<p>El Proyecto presentado por CGERA,\u201cIntegrar Pymes\u201d fue premiado por su propuesta innovadora y el mismo estuvo dise\u00f1ado por un equipo de expertos en la materia que integran el nuevo centro de Formaci\u00f3n Profesional de la entidad.<\/p>\n<p>Encabezados por el Director de los Centros de Formaci\u00f3n y Coautor Responsable de la presentaci\u00f3n, Mariano Santoro, participaron en el dise\u00f1o y elaboraci\u00f3n de la Propuesta Anal\u00eda Becherini (Polit\u00f3loga), Alejandro Mc Coubrey (Soci\u00f3logo), Facundo Girard (Economista), Samanta Kuhn (Administraci\u00f3n).<\/p>\n<p>CGERA sigue demostrando con hechos concretos que sigue trabajando en la reactivaci\u00f3n de la Econom\u00eda Nacional haciendo foco en las Pymes y en el Sector Productivo<strong>(VW)<\/strong>.<\/p>\n","protected":false},"excerpt":{"rendered":"<p>Se presentaron m\u00e1s de 50 proyectos en el Marco de la Convocatoria de las cuales Participaron Gobiernos Provinciales, Municipales, Universidades Nacionales, Sindicatos, C\u00e1maras Empresariales, Fundaciones y Organizaciones Sociales.<\/p>\n","protected":false},"author":3,"featured_media":2194,"comment_status":"closed","ping_status":"closed","sticky":false,"template":"","format":"standard","meta":{"_monsterinsights_skip_tracking":false,"_monsterinsights_sitenote_active":false,"_monsterinsights_sitenote_note":"","_monsterinsights_sitenote_category":0,"footnotes":""},"categories":[749],"tags":[],"class_list":["post-5684","post","type-post","status-publish","format-standard","has-post-thumbnail","hentry","category-pymes"],"_links":{"self":[{"href":"https:\/\/www.visionweb.com.ar\/index.php?rest_route=\/wp\/v2\/posts\/5684","targetHints":{"allow":["GET"]}}],"collection":[{"href":"https:\/\/www.visionweb.com.ar\/index.php?rest_route=\/wp\/v2\/posts"}],"about":[{"href":"https:\/\/www.visionweb.com.ar\/index.php?rest_route=\/wp\/v2\/types\/post"}],"author":[{"embeddable":true,"href":"https:\/\/www.visionweb.com.ar\/index.php?rest_route=\/wp\/v2\/users\/3"}],"replies":[{"embeddable":true,"href":"https:\/\/www.visionweb.com.ar\/index.php?rest_route=%2Fwp%2Fv2%2Fcomments&post=5684"}],"version-history":[{"count":1,"href":"https:\/\/www.visionweb.com.ar\/index.php?rest_route=\/wp\/v2\/posts\/5684\/revisions"}],"predecessor-version":[{"id":5685,"href":"https:\/\/www.visionweb.com.ar\/index.php?rest_route=\/wp\/v2\/posts\/5684\/revisions\/5685"}],"wp:featuredmedia":[{"embeddable":true,"href":"https:\/\/www.visionweb.com.ar\/index.php?rest_route=\/wp\/v2\/media\/2194"}],"wp:attachment":[{"href":"https:\/\/www.visionweb.com.ar\/index.php?rest_route=%2Fwp%2Fv2%2Fmedia&parent=5684"}],"wp:term":[{"taxonomy":"category","embeddable":true,"href":"https:\/\/www.visionweb.com.ar\/index.php?rest_route=%2Fwp%2Fv2%2Fcategories&post=5684"},{"taxonomy":"post_tag","embeddable":true,"href":"https:\/\/www.visionweb.com.ar\/index.php?rest_route=%2Fwp%2Fv2%2Ftags&post=5684"}],"curies":[{"name":"wp","href":"https:\/\/api.w.org\/{rel}","templated":true}]}}