{"id":5666,"date":"2022-05-16T10:15:12","date_gmt":"2022-05-16T13:15:12","guid":{"rendered":"https:\/\/www.visionweb.com.ar\/?p=5666"},"modified":"2022-05-16T10:42:31","modified_gmt":"2022-05-16T13:42:31","slug":"diputados-lorden-asumio-la-presidencia-de-la-comision-de-genero-y-diversidad","status":"publish","type":"post","link":"https:\/\/www.visionweb.com.ar\/?p=5666","title":{"rendered":"Diputados: Lord\u00e9n asumi\u00f3 la presidencia de la Comisi\u00f3n de G\u00e9nero y Diversidad"},"content":{"rendered":"<p><em><strong>\u201cLo m\u00e1s importante de la sociedad son los valores y el respeto hacia las diferencias que podamos tener\u201d, expres\u00f3 Lord\u00e9n.<\/strong><\/em><!--more--><\/p>\n<p><strong><img loading=\"lazy\" decoding=\"async\" class=\"size-medium wp-image-5668 alignright\" src=\"https:\/\/www.visionweb.com.ar\/wp-content\/uploads\/2022\/05\/Alejandra-Lorden-comision-de-genero-300x166.jpg\" alt=\"\" width=\"300\" height=\"166\" srcset=\"https:\/\/www.visionweb.com.ar\/wp-content\/uploads\/2022\/05\/Alejandra-Lorden-comision-de-genero-300x166.jpg 300w, https:\/\/www.visionweb.com.ar\/wp-content\/uploads\/2022\/05\/Alejandra-Lorden-comision-de-genero.jpg 568w\" sizes=\"auto, (max-width: 300px) 100vw, 300px\" \/>L<\/strong>a Diputada Provincial de la UCR en JUNTOS Alejandra Lord\u00e9n sali\u00f3 electa para la Presidencia de la Comisi\u00f3n de G\u00e9nero y Diversidad.\u00a0La decisi\u00f3n es en reconocimiento a su intensa labor legislativa, y al trato igualitario en el trabajo con sus pares de todos los bloques pol\u00edticos que conforman la C\u00e1mara.<\/p>\n<p>Adem\u00e1s, Lord\u00e9n, que es m\u00e9dica obstetra, mantiene su participaci\u00f3n en la Comisi\u00f3n de Salud y continuar\u00e1 siendo la referente del espacio y del radicalismo provincial en este tema.<\/p>\n<p>\u201cVoy a presidir una Comisi\u00f3n que debe trabajar transversalmente sin ning\u00fan sello partidario en particular, aunque s\u00ed articulando con todos ellos en un tema en que el acompa\u00f1amiento, la visibilidad, y el respeto son claves para una sociedad que pide a gritos convivir igualitariamente en la diversidad\u201d\u00a0dijo la legisladora.<\/p>\n<p>\u201cSon desaf\u00edos muy importantes teniendo en cuenta que es un tema del momento, y la sociedad ha cambiado mucho en este aspecto\u201d, expres\u00f3 Lord\u00e9n en di\u00e1logo con<span style=\"color: #800080;\"><em><strong> Visi\u00f3n de Radio.<\/strong><\/em><\/span><\/p>\n<p>Y agreg\u00f3:\u00a0\u201cSe trata de b\u00e1sicos derechos humanos por los que siempre he tenido y tengo el sincero compromiso de trabajar<em>\u201d.<\/em><\/p>\n<p>\u201cSiempre que se habla de g\u00e9nero y diversidad se habla de derechos, de aceptaci\u00f3n, de pluralidad. Se habla de mujer, de violencia, de capacitaciones en g\u00e9nero, para que todos podamos convivir en una sociedad que ya hoy no tiene m\u00e1s ganas de estar en el closet, en cuanto a su diversidad sexual por ejemplo\u201d, indic\u00f3.<\/p>\n<p>\u201cLo m\u00e1s importante de la sociedad son los valores y el respeto hacia las diferencias que podamos tener, que no s\u00f3lo son las sexuales, tambi\u00e9n pueden ser culturales, religiosas\u201d.<\/p>\n<p>\u201cDentro de esto tambi\u00e9n entra el bullying, el ataque, el atacar a otro simplemente porque tiene determinada religi\u00f3n o por el sexo, o una caracter\u00edstica que no nos gusta, como el peso\u201d, detall\u00f3 Lord\u00e9n.<\/p>\n<p><strong>\u201cEstoy dispuesta a acompa\u00f1ar estos grupos, para la aceptaci\u00f3n\u201d<\/strong>, asegur\u00f3.<\/p>\n<p>La Diputada ha tenido ya varias reuniones con las mujeres trans que trabajan en la legislatura, y con grupo de activistas que realizar\u00e1n pr\u00f3ximamente un encuentro provincial.<\/p>\n<p>En ese sentido dijo: \u201cPor eso tuve reuniones con mujeres trans, uno escucha sus historias, empatiza con ellas, se pone en su piel, porque han pasado mucho hostigamiento\u201d y agreg\u00f3: \u201cEl promedio de vida aproximada que tienen es de 40 a\u00f1os y esto tiene que ver con la violencia, con el sufrimiento, entonces tenemos que evolucionar hacia una sociedad m\u00e1s comprensiva\u201d complet\u00f3. <strong>(VW)<\/strong><\/p>\n<p>&nbsp;<\/p>\n<p>&nbsp;<\/p>\n<p>&nbsp;<\/p>\n","protected":false},"excerpt":{"rendered":"<p>\u201cLo m\u00e1s importante de la sociedad son los valores y el respeto hacia las diferencias que podamos tener\u201d, expres\u00f3 Lord\u00e9n.<\/p>\n","protected":false},"author":4,"featured_media":5668,"comment_status":"closed","ping_status":"closed","sticky":false,"template":"","format":"standard","meta":{"_monsterinsights_skip_tracking":false,"_monsterinsights_sitenote_active":false,"_monsterinsights_sitenote_note":"","_monsterinsights_sitenote_category":0,"footnotes":""},"categories":[4,5],"tags":[2230,2307,2306],"class_list":["post-5666","post","type-post","status-publish","format-standard","has-post-thumbnail","hentry","category-politica","category-sociedad","tag-alejandra-lorden","tag-comision-genero-y-diversidad","tag-diputada-bonaerense"],"_links":{"self":[{"href":"https:\/\/www.visionweb.com.ar\/index.php?rest_route=\/wp\/v2\/posts\/5666","targetHints":{"allow":["GET"]}}],"collection":[{"href":"https:\/\/www.visionweb.com.ar\/index.php?rest_route=\/wp\/v2\/posts"}],"about":[{"href":"https:\/\/www.visionweb.com.ar\/index.php?rest_route=\/wp\/v2\/types\/post"}],"author":[{"embeddable":true,"href":"https:\/\/www.visionweb.com.ar\/index.php?rest_route=\/wp\/v2\/users\/4"}],"replies":[{"embeddable":true,"href":"https:\/\/www.visionweb.com.ar\/index.php?rest_route=%2Fwp%2Fv2%2Fcomments&post=5666"}],"version-history":[{"count":3,"href":"https:\/\/www.visionweb.com.ar\/index.php?rest_route=\/wp\/v2\/posts\/5666\/revisions"}],"predecessor-version":[{"id":5671,"href":"https:\/\/www.visionweb.com.ar\/index.php?rest_route=\/wp\/v2\/posts\/5666\/revisions\/5671"}],"wp:featuredmedia":[{"embeddable":true,"href":"https:\/\/www.visionweb.com.ar\/index.php?rest_route=\/wp\/v2\/media\/5668"}],"wp:attachment":[{"href":"https:\/\/www.visionweb.com.ar\/index.php?rest_route=%2Fwp%2Fv2%2Fmedia&parent=5666"}],"wp:term":[{"taxonomy":"category","embeddable":true,"href":"https:\/\/www.visionweb.com.ar\/index.php?rest_route=%2Fwp%2Fv2%2Fcategories&post=5666"},{"taxonomy":"post_tag","embeddable":true,"href":"https:\/\/www.visionweb.com.ar\/index.php?rest_route=%2Fwp%2Fv2%2Ftags&post=5666"}],"curies":[{"name":"wp","href":"https:\/\/api.w.org\/{rel}","templated":true}]}}