{"id":5658,"date":"2022-05-13T12:10:30","date_gmt":"2022-05-13T15:10:30","guid":{"rendered":"https:\/\/www.visionweb.com.ar\/?p=5658"},"modified":"2022-05-13T12:10:30","modified_gmt":"2022-05-13T15:10:30","slug":"legislatura-bonaerense-se-aprobo-el-proyecto-de-ley-parto-respetado","status":"publish","type":"post","link":"https:\/\/www.visionweb.com.ar\/?p=5658","title":{"rendered":"Legislatura bonaerense: Se aprob\u00f3 el proyecto de Ley Parto Respetado"},"content":{"rendered":"<header class=\"entry-header\">\n<p class=\"entry-title\"><em><strong>La iniciativa de la legislatura bonaerense busca complementarse con una Ley nacional,\u00a0 \u00abParto humanizado\u00bb.\u00a0Si pasa en el Senado provincia se implementar\u00e1 por etapas.<\/strong><\/em><\/p>\n<\/header>\n<p><!--more--><\/p>\n<div class=\"entry-content\">\n<p><strong><img loading=\"lazy\" decoding=\"async\" class=\"size-medium wp-image-2242 alignright\" src=\"https:\/\/www.visionweb.com.ar\/wp-content\/uploads\/2021\/07\/LEGISLATURA-DE-LA-PROVINCIA-DE-BUENOS-AIRES-300x199.png\" alt=\"\" width=\"300\" height=\"199\" srcset=\"https:\/\/www.visionweb.com.ar\/wp-content\/uploads\/2021\/07\/LEGISLATURA-DE-LA-PROVINCIA-DE-BUENOS-AIRES-300x199.png 300w, https:\/\/www.visionweb.com.ar\/wp-content\/uploads\/2021\/07\/LEGISLATURA-DE-LA-PROVINCIA-DE-BUENOS-AIRES-768x510.png 768w, https:\/\/www.visionweb.com.ar\/wp-content\/uploads\/2021\/07\/LEGISLATURA-DE-LA-PROVINCIA-DE-BUENOS-AIRES.png 800w\" sizes=\"auto, (max-width: 300px) 100vw, 300px\" \/>L<\/strong>a C\u00e1mara de Diputados bonaerense aprob\u00f3 hoy y gir\u00f3 al Senado un proyecto de ley sobre \u00abPlan Estrat\u00e9gico de Parto Respetado\u00bb, iniciativa que se complementar\u00e1 con la ley nacional de parto humanizado.<\/p>\n<p>Esta iniciativa provincial busca \u00aberradicar la violencia obst\u00e9trica\u00bb por etapas, lo que incluyen campa\u00f1as de concientizaci\u00f3n, visibilizaci\u00f3n, capacitaciones en g\u00e9nero y en derecho para los equipos de salud.<\/p>\n<p>\u00abPensamos este proyecto como complementario a la ley nacional de Parto Humanizado\u00bb, se\u00f1al\u00f3 la autora del proyecto, la diputada Mariana Larroque, quien indic\u00f3 que busca \u00abreafirmar los derechos que se consagran en esa ley para que se puedan hacer efectivos en todos el territorio de la provincia\u00bb.<\/p>\n<p>La legisladora indic\u00f3 que se habla de plan porque est\u00e1 pensando en etapas y \u00abplantea campa\u00f1as de concientizaci\u00f3n, visibilizaci\u00f3n, capacitaciones en g\u00e9nero y en derecho para los equipos de salud\u00bb.<\/p>\n<p>Adem\u00e1s, destac\u00f3 que el proyecto prev\u00e9 la creaci\u00f3n de una mesa intersectorial en el \u00e1mbito del Ministerio de Salud bonaerense con participaci\u00f3n del Ministerio de Mujeres, de los organismos con incumbencia en la tem\u00e1tica, de los colegios profesionales, la comunidad cient\u00edfica, equipos salud y las organizaciones libres del pueblo que vienen trabajando hace mucho tiempo con la tem\u00e1tica.<\/p>\n<p>Larroque tambi\u00e9n indic\u00f3 que el proyecto se \u00absometi\u00f3 a debate de la comunidad\u00bb y afirm\u00f3 que se gener\u00f3 un foro por regi\u00f3n sanitaria que terminar\u00e1 la semana pr\u00f3xima en el marco de la semana del parto respetado.<\/p>\n<p>\u00abEstamos buscando erradicar la violencia obst\u00e9trica tipificada en la ley de Protecci\u00f3n Integral Hacia las Mujeres como un tipo de violencia de g\u00e9nero\u00bb, dijo y se\u00f1al\u00f3 que por lo general se tratan de \u00abactos naturalizados que tienen que ver con un modelo de atenci\u00f3n sanitaria que queremos transformar\u00bb.<\/p>\n<p>La diputada radical Alejandra Lord\u00e9n, al exponer su argumentos relat\u00f3 experiencias de su profesi\u00f3n como m\u00e9dica obst\u00e9trica.<\/p>\n<p>\u00abParece mentira que tengamos que hacer una ley donde se indique que la protagonista es la persona gestante, que hay que tratarla con respeto, que si tenemos un cambio de actitud m\u00e9dico de un parto a una ces\u00e1rea hay que avisarle\u00bb, precis\u00f3.<\/p>\n<p>\u00abPor suerte las cosas cambiaron para bien, ojala el d\u00eda de ma\u00f1ana entendamos que el respeto entre todos no necesita leyes y entonces no tengamos que estar en esta casa votando estas leyes\u00bb, indic\u00f3 la legisladora radical<strong>(VW)<\/strong>.<\/p>\n<\/div>\n","protected":false},"excerpt":{"rendered":"<p>La iniciativa de la legislatura bonaerense busca complementarse con una Ley nacional,\u00a0 \u00abParto humanizado\u00bb.\u00a0Si pasa en el Senado provincia se implementar\u00e1 por etapas.<\/p>\n","protected":false},"author":3,"featured_media":2242,"comment_status":"closed","ping_status":"closed","sticky":false,"template":"","format":"standard","meta":{"_monsterinsights_skip_tracking":false,"_monsterinsights_sitenote_active":false,"_monsterinsights_sitenote_note":"","_monsterinsights_sitenote_category":0,"footnotes":""},"categories":[5],"tags":[2301,2300,468],"class_list":["post-5658","post","type-post","status-publish","format-standard","has-post-thumbnail","hentry","category-sociedad","tag-diputados-bonaerenses","tag-parto","tag-senado"],"_links":{"self":[{"href":"https:\/\/www.visionweb.com.ar\/index.php?rest_route=\/wp\/v2\/posts\/5658","targetHints":{"allow":["GET"]}}],"collection":[{"href":"https:\/\/www.visionweb.com.ar\/index.php?rest_route=\/wp\/v2\/posts"}],"about":[{"href":"https:\/\/www.visionweb.com.ar\/index.php?rest_route=\/wp\/v2\/types\/post"}],"author":[{"embeddable":true,"href":"https:\/\/www.visionweb.com.ar\/index.php?rest_route=\/wp\/v2\/users\/3"}],"replies":[{"embeddable":true,"href":"https:\/\/www.visionweb.com.ar\/index.php?rest_route=%2Fwp%2Fv2%2Fcomments&post=5658"}],"version-history":[{"count":1,"href":"https:\/\/www.visionweb.com.ar\/index.php?rest_route=\/wp\/v2\/posts\/5658\/revisions"}],"predecessor-version":[{"id":5659,"href":"https:\/\/www.visionweb.com.ar\/index.php?rest_route=\/wp\/v2\/posts\/5658\/revisions\/5659"}],"wp:featuredmedia":[{"embeddable":true,"href":"https:\/\/www.visionweb.com.ar\/index.php?rest_route=\/wp\/v2\/media\/2242"}],"wp:attachment":[{"href":"https:\/\/www.visionweb.com.ar\/index.php?rest_route=%2Fwp%2Fv2%2Fmedia&parent=5658"}],"wp:term":[{"taxonomy":"category","embeddable":true,"href":"https:\/\/www.visionweb.com.ar\/index.php?rest_route=%2Fwp%2Fv2%2Fcategories&post=5658"},{"taxonomy":"post_tag","embeddable":true,"href":"https:\/\/www.visionweb.com.ar\/index.php?rest_route=%2Fwp%2Fv2%2Ftags&post=5658"}],"curies":[{"name":"wp","href":"https:\/\/api.w.org\/{rel}","templated":true}]}}