{"id":5653,"date":"2022-05-13T11:27:11","date_gmt":"2022-05-13T14:27:11","guid":{"rendered":"https:\/\/www.visionweb.com.ar\/?p=5653"},"modified":"2022-05-13T11:27:11","modified_gmt":"2022-05-13T14:27:11","slug":"procrear-ii-abren-inscripciones-para-acceder-a-lotes","status":"publish","type":"post","link":"https:\/\/www.visionweb.com.ar\/?p=5653","title":{"rendered":"Procrear II: abren inscripciones para acceder a lotes"},"content":{"rendered":"<p><em><strong>El pr\u00f3ximo 16 de mayo comenzar\u00e1n las inscripciones para el acceso a lotes destinados a la construcci\u00f3n de viviendas de hasta 60m2, con cr\u00e9ditos a tasa cero.<\/strong><\/em><!--more--><\/p>\n<div id=\"attachment_5656\" style=\"width: 569px\" class=\"wp-caption aligncenter\"><img loading=\"lazy\" decoding=\"async\" aria-describedby=\"caption-attachment-5656\" class=\"wp-image-5656 size-full\" src=\"https:\/\/www.visionweb.com.ar\/wp-content\/uploads\/2022\/05\/procrear-2-terrenos.bmp\" alt=\"\" width=\"559\" height=\"373\" \/><p id=\"caption-attachment-5656\" class=\"wp-caption-text\">Imagen: argentina.gob.ar<\/p><\/div>\n<p><strong>E<\/strong>l ministerio de Desarrollo Territorial y H\u00e1bitat que conduce\u00a0Jorge Ferraresi, anunci\u00f3 que el pr\u00f3ximo lunes 16 de mayo inicia la<strong>\u00a0<\/strong>apertura de inscripciones para Lotes con Servicios de Procrear II, que abarca el financiamiento para la construcci\u00f3n de una vivienda de hasta 60 m2 en uno de los terrenos generados por programa y el Plan Nacional de Suelo Urbano.<\/p>\n<p>Las inscripciones se pueden realizar a trav\u00e9s de la p\u00e1gina del <a href=\"https:\/\/www.argentina.gob.ar\/habitat\"><strong>ministerio de Desarrollo Territorial y H\u00e1bitat<\/strong><\/a>, para acceder al lote y al cr\u00e9dito.<\/p>\n<p>Los <strong>cr\u00e9ditos<\/strong>, que ser\u00e1n <strong>a tasa cero<\/strong>, se actualizar\u00e1n a partir de la f\u00f3rmula Casa Propia, sobre la base del coeficiente de variaci\u00f3n salarial.<\/p>\n<p>Seg\u00fan consignan desde el ministerio, los lotes disponibles cuentan con \u00abla infraestructura urbana correspondiente\u00bb en municipios bonaerenses de las siguientes localidades: <strong>Adolfo Alsina, Bah\u00eda Blanca, Benito Ju\u00e1rez, Berazategui, Berisso, Carmen De Areco, Chacabuco, Coronel Pringles, Coronel Su\u00e1rez, Exaltaci\u00f3n De La Cruz, General Lamadrid, General Villegas, Hurlingham, La Plata, Las Flores, Lober\u00eda, Lobos, Mar Chiquita<\/strong>\u00a0(Coronel Vidal),\u00a0<strong>Mar Del Plata<\/strong><strong>\u00a0<\/strong>(243, 244 y 244A),<strong>Moreno, Olavarr\u00eda<\/strong><strong>\u00a0<\/strong>(Pickelado),<strong>\u00a0<\/strong><strong>Luj\u00e1n<\/strong><strong>\u00a0<\/strong>(Open Door),\u00a0<strong>Pergamino, Pila, Saladillo, San Miguel del Monte, San Nicol\u00e1s De Los Arroyos, Tandil<\/strong>(Garbellini),\u00a0<strong>Tornquist, Trenque Lauquen, Tres Lomas<\/strong><strong>\u00a0<\/strong>y<strong>\u00a0<\/strong><strong>Villa Gesell.<\/strong><\/p>\n<p>Mientras que en el resto de las provincias los predios se ubican en las siguientes localidades:\u00a0<strong>San Fernando del Valle de Catamarca<\/strong> (Catamarca),\u00a0<strong>Puerto Madryn DU y Puerto Madryn IPV<\/strong><strong>\u00a0<\/strong>(Chubut),\u00a0<strong>Villa Mar\u00eda<\/strong><strong>,\u00a0<\/strong><strong>Cintra y Sampacho<\/strong>\u00a0(C\u00f3rdoba),\u00a0<strong>Gualeguaych\u00fa<\/strong>\u00a0(Entre R\u00edos), <strong>Ciudad De Formosa<\/strong>\u00a0(Formosa),\u00a0<strong>Centenario<\/strong><strong>\u00a0<\/strong>y<strong>\u00a0<\/strong><strong>San Mart\u00edn De Los Andes<\/strong><strong>\u00a0<\/strong>(Neuqu\u00e9n),<strong>\u00a0<\/strong><strong>R\u00edo Gallegos<\/strong><strong>\u00a0<\/strong>(Santa Cruz),<strong>\u00a0<\/strong><strong>Esperanza<\/strong><strong>\u00a0<\/strong>(Santa Fe) y <strong>Tolhuin<\/strong><strong>\u00a0<\/strong>(Tierra del Fuego). <strong>(VW)<\/strong><\/p>\n","protected":false},"excerpt":{"rendered":"<p>El pr\u00f3ximo 16 de mayo comenzar\u00e1n las inscripciones para el acceso a lotes destinados a la construcci\u00f3n de viviendas de hasta 60m2, con cr\u00e9ditos a tasa cero.<\/p>\n","protected":false},"author":4,"featured_media":5656,"comment_status":"closed","ping_status":"closed","sticky":false,"template":"","format":"standard","meta":{"_monsterinsights_skip_tracking":false,"_monsterinsights_sitenote_active":false,"_monsterinsights_sitenote_note":"","_monsterinsights_sitenote_category":0,"footnotes":""},"categories":[4,5],"tags":[2299,84,1022,2298,2297],"class_list":["post-5653","post","type-post","status-publish","format-standard","has-post-thumbnail","hentry","category-politica","category-sociedad","tag-cobstruccion","tag-ferraresi","tag-inscripciones","tag-lotes","tag-procrear-ii"],"_links":{"self":[{"href":"https:\/\/www.visionweb.com.ar\/index.php?rest_route=\/wp\/v2\/posts\/5653","targetHints":{"allow":["GET"]}}],"collection":[{"href":"https:\/\/www.visionweb.com.ar\/index.php?rest_route=\/wp\/v2\/posts"}],"about":[{"href":"https:\/\/www.visionweb.com.ar\/index.php?rest_route=\/wp\/v2\/types\/post"}],"author":[{"embeddable":true,"href":"https:\/\/www.visionweb.com.ar\/index.php?rest_route=\/wp\/v2\/users\/4"}],"replies":[{"embeddable":true,"href":"https:\/\/www.visionweb.com.ar\/index.php?rest_route=%2Fwp%2Fv2%2Fcomments&post=5653"}],"version-history":[{"count":2,"href":"https:\/\/www.visionweb.com.ar\/index.php?rest_route=\/wp\/v2\/posts\/5653\/revisions"}],"predecessor-version":[{"id":5657,"href":"https:\/\/www.visionweb.com.ar\/index.php?rest_route=\/wp\/v2\/posts\/5653\/revisions\/5657"}],"wp:featuredmedia":[{"embeddable":true,"href":"https:\/\/www.visionweb.com.ar\/index.php?rest_route=\/wp\/v2\/media\/5656"}],"wp:attachment":[{"href":"https:\/\/www.visionweb.com.ar\/index.php?rest_route=%2Fwp%2Fv2%2Fmedia&parent=5653"}],"wp:term":[{"taxonomy":"category","embeddable":true,"href":"https:\/\/www.visionweb.com.ar\/index.php?rest_route=%2Fwp%2Fv2%2Fcategories&post=5653"},{"taxonomy":"post_tag","embeddable":true,"href":"https:\/\/www.visionweb.com.ar\/index.php?rest_route=%2Fwp%2Fv2%2Ftags&post=5653"}],"curies":[{"name":"wp","href":"https:\/\/api.w.org\/{rel}","templated":true}]}}