{"id":5645,"date":"2022-05-12T16:11:45","date_gmt":"2022-05-12T19:11:45","guid":{"rendered":"https:\/\/www.visionweb.com.ar\/?p=5645"},"modified":"2022-05-12T16:11:45","modified_gmt":"2022-05-12T19:11:45","slug":"provincia-50-de-aumento-para-las-jubilaciones-minimas-ips","status":"publish","type":"post","link":"https:\/\/www.visionweb.com.ar\/?p=5645","title":{"rendered":"Provincia: 50% de aumento para las jubilaciones m\u00ednimas IPS"},"content":{"rendered":"<p><em><strong>Son las jubilaciones y pensiones no contributivas que hoy perciben 14.040 pesos y pasar\u00e1n a\u00a0 21.060 pesos. Tambi\u00e9n habr\u00e1 un bono de 10 mil pesos.<\/strong><\/em><!--more--><\/p>\n<p><strong><img loading=\"lazy\" decoding=\"async\" class=\"size-full wp-image-5647 aligncenter\" src=\"https:\/\/www.visionweb.com.ar\/wp-content\/uploads\/2022\/05\/prevision-social-prov.bmp\" alt=\"\" width=\"476\" height=\"333\" \/>E<\/strong>l gobernador Axel Kicillof anunci\u00f3 hoy aumentos en jubilaciones y pensiones no contributivas y un bono \u00a0para beneficiarios del \u00a0Instituto de Previsi\u00f3n Social (IPS) de la Provincia.<\/p>\n<p>En el caso de las jubilaciones y pensiones m\u00ednimas, el aumento ser\u00e1 del 50% y permitir\u00e1 pasar de los 14.040 pesos actuales a <strong>21.060<\/strong> <strong>pesos<\/strong>. Alcanzar\u00e1 a 7.347 personas que representan el 2,6% de los beneficiarios del IPS, organismo en el cual el haber promedio mensual de las jubilaciones asciende a los 112.506,72 pesos.<\/p>\n<p>Asimismo, se otorgar\u00e1 un bono m\u00f3vil de hasta 10 mil pesos a 26.975 bonaerenses que cobran <strong>jubilaciones y pensiones contributivas menores a los 38 mil pesos<\/strong>.<\/p>\n<p>Otra correcci\u00f3n de montos est\u00e1 direccionada a las pensiones no contributivas que perciben menores de 21 a\u00f1os, que se incrementar\u00e1n un 76,4% para ascender a los 12.636 pesos, mientras que las del r\u00e9gimen general ser\u00e1n de 8.845,20 pesos.<\/p>\n<p>Adicionalmente, la Provincia entregar\u00e1 un bono de 6 mil pesos destinado a 24.800 beneficiarios de pensiones no contributivas.<\/p>\n<p>La decisi\u00f3n se anunci\u00f3 luego de una reuni\u00f3n del gobernador de la provincia de Buenos Aires, Axel Kicillof, con el ministro de Hacienda y Finanzas, Pablo L\u00f3pez, y la presidenta del Instituto de Previsi\u00f3n Social (IPS), Marina Moretti.<\/p>\n<p>\u201cEl objetivo de estas pol\u00edticas para fortalecer los ingresos es acompa\u00f1ar a los y las bonaerenses que se encuentran en una situaci\u00f3n de mayor vulnerabilidad\u201d, expres\u00f3 Kicillof y agreg\u00f3: \u201cEstamos trabajando para dar respuestas y sostener una reactivaci\u00f3n de la econom\u00eda que tiene que llegar a todos y todas\u201d.<\/p>\n<p>Moretti por su parte, explic\u00f3: \u201cMantuvimos una reuni\u00f3n de trabajo en la que el gobernador Kicillof tom\u00f3 la decisi\u00f3n de aumentar las jubilaciones y pensiones m\u00ednimas y otorgar un bono que reforzar\u00e1 los ingresos de muchas familias\u201d, y se\u00f1al\u00f3 que \u201clas pensiones no contributivas que perciben los menores de 21 a\u00f1os y del r\u00e9gimen general tambi\u00e9n se incrementar\u00e1n\u201d.<\/p>\n<p>\u201cEstamos trabajando para acompa\u00f1ar a un sector que, si bien representa a una parte peque\u00f1a de los beneficiarios del IPS, est\u00e1 conformado por quienes m\u00e1s necesitan del apoyo del Gobierno de la Provincia\u201d, a\u00f1adi\u00f3 Moretti. <strong>(VW)<\/strong><\/p>\n<p>&nbsp;<\/p>\n","protected":false},"excerpt":{"rendered":"<p>Son las jubilaciones y pensiones no contributivas que hoy perciben 14.040 pesos y pasar\u00e1n a\u00a0 21.060 pesos. Tambi\u00e9n habr\u00e1 un bono de 10 mil pesos.<\/p>\n","protected":false},"author":4,"featured_media":5647,"comment_status":"closed","ping_status":"closed","sticky":false,"template":"","format":"standard","meta":{"_monsterinsights_skip_tracking":false,"_monsterinsights_sitenote_active":false,"_monsterinsights_sitenote_note":"","_monsterinsights_sitenote_category":0,"footnotes":""},"categories":[6,5],"tags":[2294,2293,167,2296,2295,356],"class_list":["post-5645","post","type-post","status-publish","format-standard","has-post-thumbnail","hentry","category-economia","category-sociedad","tag-aumento-jubilaciones","tag-ips","tag-kicillof","tag-moretti","tag-no-contrubutivas","tag-provincia"],"_links":{"self":[{"href":"https:\/\/www.visionweb.com.ar\/index.php?rest_route=\/wp\/v2\/posts\/5645","targetHints":{"allow":["GET"]}}],"collection":[{"href":"https:\/\/www.visionweb.com.ar\/index.php?rest_route=\/wp\/v2\/posts"}],"about":[{"href":"https:\/\/www.visionweb.com.ar\/index.php?rest_route=\/wp\/v2\/types\/post"}],"author":[{"embeddable":true,"href":"https:\/\/www.visionweb.com.ar\/index.php?rest_route=\/wp\/v2\/users\/4"}],"replies":[{"embeddable":true,"href":"https:\/\/www.visionweb.com.ar\/index.php?rest_route=%2Fwp%2Fv2%2Fcomments&post=5645"}],"version-history":[{"count":2,"href":"https:\/\/www.visionweb.com.ar\/index.php?rest_route=\/wp\/v2\/posts\/5645\/revisions"}],"predecessor-version":[{"id":5648,"href":"https:\/\/www.visionweb.com.ar\/index.php?rest_route=\/wp\/v2\/posts\/5645\/revisions\/5648"}],"wp:featuredmedia":[{"embeddable":true,"href":"https:\/\/www.visionweb.com.ar\/index.php?rest_route=\/wp\/v2\/media\/5647"}],"wp:attachment":[{"href":"https:\/\/www.visionweb.com.ar\/index.php?rest_route=%2Fwp%2Fv2%2Fmedia&parent=5645"}],"wp:term":[{"taxonomy":"category","embeddable":true,"href":"https:\/\/www.visionweb.com.ar\/index.php?rest_route=%2Fwp%2Fv2%2Fcategories&post=5645"},{"taxonomy":"post_tag","embeddable":true,"href":"https:\/\/www.visionweb.com.ar\/index.php?rest_route=%2Fwp%2Fv2%2Ftags&post=5645"}],"curies":[{"name":"wp","href":"https:\/\/api.w.org\/{rel}","templated":true}]}}