{"id":5641,"date":"2022-05-12T13:32:06","date_gmt":"2022-05-12T16:32:06","guid":{"rendered":"https:\/\/www.visionweb.com.ar\/?p=5641"},"modified":"2022-05-12T13:32:06","modified_gmt":"2022-05-12T16:32:06","slug":"la-movilizacion-hacia-el-centro-porteno-provoca-serios-problemas-de-transito","status":"publish","type":"post","link":"https:\/\/www.visionweb.com.ar\/?p=5641","title":{"rendered":"La movilizaci\u00f3n hacia el centro porte\u00f1o provoca serios problemas de tr\u00e1nsito"},"content":{"rendered":"<p><em><strong>Movimientos sociales de base y organizaciones de izquierda realizan hoy la marcha desde distintos puntos del pa\u00eds. El puente Pueyrred\u00f3n, las estaciones de Once, Constituci\u00f3n y Retiro contin\u00faan muy complicadas, as\u00ed como las calles aleda\u00f1as.<\/strong><\/em><!--more--><\/p>\n<p><strong><img loading=\"lazy\" decoding=\"async\" class=\"size-full wp-image-5643 aligncenter\" src=\"https:\/\/www.visionweb.com.ar\/wp-content\/uploads\/2022\/05\/marcha-2.bmp\" alt=\"\" width=\"704\" height=\"359\" \/>I<\/strong>ntegrantes de diversas organizaciones sociales se movilizan este jueves hacia la Ciudad de Buenos Aires desde distintos puntos del pa\u00eds y provocan serios problemas de tr\u00e1nsito en los ingresos a Capital. El acto en Plaza de Mayo est\u00e1 previsto a partir de las 15, con m\u00e1s de 100 mil personas.<\/p>\n<p>Distintas columnas de la denominada \u201cMarcha federal por trabajo y por salario\u201d, comenzaron a arribar esta ma\u00f1ana a la ciudad de Buenos Aires para confluir por la tarde en la Plaza de Mayo.<\/p>\n<p>Las caravanas con los manifestantes partieron el martes desde cuatro puntos: <strong>NOA<\/strong> (La Quiaca, Jujuy; San Salvador; Salta; Tucum\u00e1n; Catamarca; Santiago del Estero y La Rioja); <strong>NEA<\/strong>: (Chaco, Corrientes, Misiones, Formosa, Entre R\u00edos); <strong>Cuyo<\/strong> (San Luis, San Juan y Mendoza); <strong>Neuqu\u00e9n y la Patagonia<\/strong> (Tierra del Fuego, Neuqu\u00e9n, Chubut, Santa Cruz, R\u00edo Negro). (Ver nota VW: <a href=\"https:\/\/www.visionweb.com.ar\/?p=5595\">https:\/\/www.visionweb.com.ar\/?p=5595<\/a> )<\/p>\n<p><strong>El tr\u00e1nsito<\/strong>: Muy dif\u00edcil circular por la Ciudad, por ejemplo por las avenidas Jujuy, Entre R\u00edos, Libertador que est\u00e1n muy congestionadas. Por Libertador circulan aproximadamente unas 5 mil personas, seg\u00fan datos de la Ciudad.<\/p>\n<p>Una de las subidas del Puente Pueyrred\u00f3n desde la avenida Hip\u00f3lito Yrigoyen, en Avellaneda fue obstruida, por lo cual el tr\u00e1nsito en ese acceso a Capital Federal est\u00e1 interrumpido.<\/p>\n<p>Las agrupaciones cortaron todos los carriles de las avenidas Pueyrred\u00f3n y Rivadavia, y estas interrupciones de tr\u00e1nsito no estaban acordadas en las reuniones previas.<\/p>\n<p>Un grupo de columnas avanzaron por Lima, y est\u00e1n cortadas las bajadas de la autopista 25 de Mayo, hacia 9 de Julio y San Juan.<\/p>\n<p>Concentraciones similares de manifestantes se registraban m\u00e1s temprano en torno a las estaciones ferroviarias de Retiro, Miserere y Constituci\u00f3n, y ya en horas cercanas al mediod\u00eda contin\u00faan colapsadas las calles adyacentes. <strong>(VW)<\/strong><\/p>\n","protected":false},"excerpt":{"rendered":"<p>Movimientos sociales de base y organizaciones de izquierda realizan hoy la marcha desde distintos puntos del pa\u00eds. El puente Pueyrred\u00f3n, las estaciones de Once, Constituci\u00f3n y Retiro contin\u00faan muy complicadas, as\u00ed como las calles&#46;&#46;&#46;<\/p>\n","protected":false},"author":4,"featured_media":5643,"comment_status":"closed","ping_status":"closed","sticky":false,"template":"","format":"standard","meta":{"_monsterinsights_skip_tracking":false,"_monsterinsights_sitenote_active":false,"_monsterinsights_sitenote_note":"","_monsterinsights_sitenote_category":0,"footnotes":""},"categories":[4,5],"tags":[2292,516,2289,2290,2291,592],"class_list":["post-5641","post","type-post","status-publish","format-standard","has-post-thumbnail","hentry","category-politica","category-sociedad","tag-caos-transito","tag-marcha","tag-movilizacion","tag-movimientos-sociales","tag-piqueteros","tag-plaza-de-mayo"],"_links":{"self":[{"href":"https:\/\/www.visionweb.com.ar\/index.php?rest_route=\/wp\/v2\/posts\/5641","targetHints":{"allow":["GET"]}}],"collection":[{"href":"https:\/\/www.visionweb.com.ar\/index.php?rest_route=\/wp\/v2\/posts"}],"about":[{"href":"https:\/\/www.visionweb.com.ar\/index.php?rest_route=\/wp\/v2\/types\/post"}],"author":[{"embeddable":true,"href":"https:\/\/www.visionweb.com.ar\/index.php?rest_route=\/wp\/v2\/users\/4"}],"replies":[{"embeddable":true,"href":"https:\/\/www.visionweb.com.ar\/index.php?rest_route=%2Fwp%2Fv2%2Fcomments&post=5641"}],"version-history":[{"count":2,"href":"https:\/\/www.visionweb.com.ar\/index.php?rest_route=\/wp\/v2\/posts\/5641\/revisions"}],"predecessor-version":[{"id":5644,"href":"https:\/\/www.visionweb.com.ar\/index.php?rest_route=\/wp\/v2\/posts\/5641\/revisions\/5644"}],"wp:featuredmedia":[{"embeddable":true,"href":"https:\/\/www.visionweb.com.ar\/index.php?rest_route=\/wp\/v2\/media\/5643"}],"wp:attachment":[{"href":"https:\/\/www.visionweb.com.ar\/index.php?rest_route=%2Fwp%2Fv2%2Fmedia&parent=5641"}],"wp:term":[{"taxonomy":"category","embeddable":true,"href":"https:\/\/www.visionweb.com.ar\/index.php?rest_route=%2Fwp%2Fv2%2Fcategories&post=5641"},{"taxonomy":"post_tag","embeddable":true,"href":"https:\/\/www.visionweb.com.ar\/index.php?rest_route=%2Fwp%2Fv2%2Ftags&post=5641"}],"curies":[{"name":"wp","href":"https:\/\/api.w.org\/{rel}","templated":true}]}}