{"id":5637,"date":"2022-05-12T12:05:39","date_gmt":"2022-05-12T15:05:39","guid":{"rendered":"https:\/\/www.visionweb.com.ar\/?p=5637"},"modified":"2022-05-12T12:05:39","modified_gmt":"2022-05-12T15:05:39","slug":"llega-la-expo-feria-2022-a-almirante-brown","status":"publish","type":"post","link":"https:\/\/www.visionweb.com.ar\/?p=5637","title":{"rendered":"Llega la Expo Feria 2022 a\u00a0Almirante Brown"},"content":{"rendered":"<p><em><strong>Este pr\u00f3ximo fin de semana estar\u00e1 la \u201cExpo Feria 2022\u201d en la Granja Educativa municipal de Ministro Rivadavia. Habr\u00e1 diversos shows, visitas guiadas en la Granja, ferias artesanales, productivas, entre otros eventos. La entrada es libre y gratuita.<\/strong><\/em><!--more--><\/p>\n<p><strong><img loading=\"lazy\" decoding=\"async\" class=\"size-full wp-image-5639 alignright\" src=\"https:\/\/www.visionweb.com.ar\/wp-content\/uploads\/2022\/05\/alte.-brown-feria-educativa.bmp\" alt=\"\" width=\"358\" height=\"357\" \/>L<\/strong>a Granja Educativa Municipal de Ministro Rivadavia en Almirante Brown, \u00a0ser\u00e1 sede de la edici\u00f3n 2022 de \u201cExpo Feria\u201d, una muestra con entrada libre y gratuita que se desarrollar\u00e1 el s\u00e1bado 14 y domingo 15 de mayo de 10 a 17, en el predio de Juan B. Justo 1000.<\/p>\n<p>La feria, organizada por la Secretaria de Producci\u00f3n, Empleo y Formaci\u00f3n Profesional de la comuna browniana, contar\u00e1 con la feria de Productores Rurales, feria de Mujeres Emprendedoras y feria de Artesan\u00edas.<\/p>\n<p>La propuesta contar\u00e1 diversos shows art\u00edsticos en vivo y ballets folkl\u00f3ricos, patio de comidas para almuerzo y merienda, y visitas guiadas brindadas por la Granja Educativa.<\/p>\n<p>En el predio, los visitantes encontrar\u00e1n productos regionales elaborados artesanalmente como quesos y chacinados, plantas ornamentales, de estaci\u00f3n y flores de corte; la producci\u00f3n de mujeres trabajadoras autogestivas y muestras de artesanos con trabajos en talabarter\u00eda, plater\u00eda, cer\u00e1mica y telar.<\/p>\n<p>En cuanto a los shows, que comenzar\u00e1n a partir de las 15, habr\u00e1 n\u00fameros de danza y m\u00fasica folkl\u00f3rica con las presentaciones de Siembra Tr\u00edo y de Sinergia folklore el s\u00e1bado, y de Marisa Barrios y Retumbe Leg\u00fcero el domingo. Tambi\u00e9n, la compa\u00f1\u00eda teatral \u201cCabeza de Alfajor\u201d actuar\u00e1 el s\u00e1bado al mediod\u00eda.<\/p>\n<p>Adem\u00e1s, y durante ambas jornadas, habr\u00e1 visitas guiadas a las 11, 12, 13, 14, 15 y 16. Tambi\u00e9n se brindar\u00e1 asesoramiento a los vecinos en diversas tem\u00e1ticas, como el censo digital.<\/p>\n<p>Desde la estaci\u00f3n de Longchamps, el colectivo para llegar a la granja, es la l\u00ednea 501, ramal \u201cLos Altos\u201d. <strong>(VW)<\/strong><\/p>\n<p>&nbsp;<\/p>\n","protected":false},"excerpt":{"rendered":"<p>Este pr\u00f3ximo fin de semana estar\u00e1 la \u201cExpo Feria 2022\u201d en la Granja Educativa municipal de Ministro Rivadavia. Habr\u00e1 diversos shows, visitas guiadas en la Granja, ferias artesanales, productivas, entre otros eventos. La entrada&#46;&#46;&#46;<\/p>\n","protected":false},"author":4,"featured_media":5639,"comment_status":"closed","ping_status":"closed","sticky":false,"template":"","format":"standard","meta":{"_monsterinsights_skip_tracking":false,"_monsterinsights_sitenote_active":false,"_monsterinsights_sitenote_note":"","_monsterinsights_sitenote_category":0,"footnotes":""},"categories":[8],"tags":[658,2286,2287,2288],"class_list":["post-5637","post","type-post","status-publish","format-standard","has-post-thumbnail","hentry","category-interes-general","tag-almirante-brown","tag-expo-feria-2022","tag-granha-educativa","tag-ministro-rivadavia"],"_links":{"self":[{"href":"https:\/\/www.visionweb.com.ar\/index.php?rest_route=\/wp\/v2\/posts\/5637","targetHints":{"allow":["GET"]}}],"collection":[{"href":"https:\/\/www.visionweb.com.ar\/index.php?rest_route=\/wp\/v2\/posts"}],"about":[{"href":"https:\/\/www.visionweb.com.ar\/index.php?rest_route=\/wp\/v2\/types\/post"}],"author":[{"embeddable":true,"href":"https:\/\/www.visionweb.com.ar\/index.php?rest_route=\/wp\/v2\/users\/4"}],"replies":[{"embeddable":true,"href":"https:\/\/www.visionweb.com.ar\/index.php?rest_route=%2Fwp%2Fv2%2Fcomments&post=5637"}],"version-history":[{"count":2,"href":"https:\/\/www.visionweb.com.ar\/index.php?rest_route=\/wp\/v2\/posts\/5637\/revisions"}],"predecessor-version":[{"id":5640,"href":"https:\/\/www.visionweb.com.ar\/index.php?rest_route=\/wp\/v2\/posts\/5637\/revisions\/5640"}],"wp:featuredmedia":[{"embeddable":true,"href":"https:\/\/www.visionweb.com.ar\/index.php?rest_route=\/wp\/v2\/media\/5639"}],"wp:attachment":[{"href":"https:\/\/www.visionweb.com.ar\/index.php?rest_route=%2Fwp%2Fv2%2Fmedia&parent=5637"}],"wp:term":[{"taxonomy":"category","embeddable":true,"href":"https:\/\/www.visionweb.com.ar\/index.php?rest_route=%2Fwp%2Fv2%2Fcategories&post=5637"},{"taxonomy":"post_tag","embeddable":true,"href":"https:\/\/www.visionweb.com.ar\/index.php?rest_route=%2Fwp%2Fv2%2Ftags&post=5637"}],"curies":[{"name":"wp","href":"https:\/\/api.w.org\/{rel}","templated":true}]}}