{"id":5629,"date":"2022-05-12T10:09:20","date_gmt":"2022-05-12T13:09:20","guid":{"rendered":"https:\/\/www.visionweb.com.ar\/?p=5629"},"modified":"2022-05-12T10:09:20","modified_gmt":"2022-05-12T13:09:20","slug":"suteba-baradel-logro-por-cuarta-vez-consecutiva-la-conduccion-del-gremio-docente","status":"publish","type":"post","link":"https:\/\/www.visionweb.com.ar\/?p=5629","title":{"rendered":"Suteba: Baradel logr\u00f3 por cuarta vez consecutiva\u00a0la conducci\u00f3n del gremio docente"},"content":{"rendered":"<p><em><strong>Luego del amplio triunfo en la reelecci\u00f3n del sindicato de docentes estatales, continuar\u00e1 al frente de la organizaci\u00f3n hasta<\/strong>\u00a0<\/em><strong><em>mayo de 2025. En la FEB tambi\u00e9n hubo elecciones<\/em>.<\/strong><!--more--><\/p>\n<p><strong><img loading=\"lazy\" decoding=\"async\" class=\"size-full wp-image-5631 aligncenter\" src=\"https:\/\/www.visionweb.com.ar\/wp-content\/uploads\/2022\/05\/baradel.bmp\" alt=\"\" width=\"451\" height=\"452\" \/>E<\/strong>l dirigente bonaerense Roberto Baradel consigui\u00f3 en las elecciones de ayer, su cuarto mandato en el Sindicato \u00danico de los Trabajadores de la Educaci\u00f3n de Buenos Aires (Suteba), con m\u00e1s respaldo que en 2017, y recuper\u00f3 distritos que manejaba la oposici\u00f3n de izquierda.<\/p>\n<p>Las elecciones para la renovaci\u00f3n de los cargos directivos de la entidad se llevaron a cabo ayer mi\u00e9rcoles. Votaron 85 mil trabajadores habilitados: docentes, profesores y preceptores afiliados de toda la Provincia de Buenos Aires,\u00a0 y lleg\u00f3 a las urnas el 51,7%<strong>\u00a0<\/strong>del padr\u00f3n seg\u00fan informaron a los medios desde la Junta Electoral.<\/p>\n<p>La Lista \u201cCeleste-Violeta\u201d que representa Baradel ten\u00eda casi el 80% de los votos cuando se escrut\u00f3 la mitad de las mesas, y con estos porcentuales logr\u00f3\u00a0recuperar cuatro de las secciones\u00a0que ten\u00eda la agrupaci\u00f3n \u201cMulticolor\u201d, una tendencia que lidera la diputada nacional Romina del Pl\u00e1.<\/p>\n<p>En ese sentido la lista de Baradel sumar\u00eda a\u00a0Escobar, Quilmes, Madariaga y Ensenada<strong>\u00a0<\/strong>en la n\u00f3mina de seccionales recuperadas por el oficialismo, de acuerdo con los datos que se conocen a pocas horas de cerrado el acto electoral.<\/p>\n<p>Un poco de historia: Desde 2006 fue secretario adjunto de Hugo Yasky, quien pas\u00f3 a conducir la CTA.\u00a0 En 2009 hab\u00eda sido designado secretario general del Suteba por primera vez.<\/p>\n<p>Con la elecci\u00f3n de este mi\u00e9rcoles, cumplir\u00e1\u00a019 a\u00f1os ininterrumpidos<strong>\u00a0<\/strong>en la direcci\u00f3n de docentes, de uno de los sindicatos de trabajadores estatales m\u00e1s grandes del pa\u00eds.<\/p>\n<p><strong>Elecciones en la FEB<\/strong><\/p>\n<p>Por su parte,\u00a0la Federaci\u00f3n de Educadores Bonaerenses (FEB), que agrupa a 60 mil afiliados, tambi\u00e9n concurri\u00f3 a las urnas, esta vez sin \u00a0el protagonismo de\u00a0Mirta Petrocini, quien decidi\u00f3 no postularse tras 16 a\u00f1os\u00a0conduciendo la Federaci\u00f3n Sarmiento.<\/p>\n<p>As\u00ed, Petrocini ser\u00e1 sucedida por\u00a0Liliana Olivera, representante de Suipacha<strong>\u00a0<\/strong>y tesorera de la entidad hasta el momento. Consigui\u00f3 el<strong>\u00a0<\/strong>56% de los votos, con m\u00e1s de 60 mil afiliados en todo el territorio.<\/p>\n<p><strong>Aumento para docentes<\/strong><\/p>\n<p>Las decisiones gremiales se conocieron un d\u00eda despu\u00e9s de que los docentes bonaerenses (igual que el resto de los estatales) consiguieron un aumento del 60,4%\u00a0 en los haberes para 2022. (Ver nota VW: https:\/\/www.visionweb.com.ar\/?p=5603 ).<\/p>\n<p>Esas paritarias ten\u00edan una cl\u00e1usula de revisi\u00f3n atada a los \u00edndices de inflaci\u00f3n, lo que posibilit\u00f3 una cuota adicional de aumento en mayo y otra en diciembre, para cerrar el ejercicio 2022 con m\u00e1s de 60 por ciento de incremento salarial.<\/p>\n<p>Buenos Aires tiene m\u00e1s de 320 mil docentes estatales y 120 mil que pertenecen a establecimientos privados, lo que constituye el sistema educativo m\u00e1s grande del pa\u00eds y uno de los mayores de Latinoam\u00e9rica, donde funcionan 13 mil establecimientos a los que asisten 5,2 millones de ni\u00f1os y adolescentes. <strong>(VW)<\/strong><\/p>\n<p>&nbsp;<\/p>\n","protected":false},"excerpt":{"rendered":"<p>Luego del amplio triunfo en la reelecci\u00f3n del sindicato de docentes estatales, continuar\u00e1 al frente de la organizaci\u00f3n hasta\u00a0mayo de 2025. En la FEB tambi\u00e9n hubo elecciones.<\/p>\n","protected":false},"author":4,"featured_media":5631,"comment_status":"closed","ping_status":"closed","sticky":false,"template":"","format":"standard","meta":{"_monsterinsights_skip_tracking":false,"_monsterinsights_sitenote_active":false,"_monsterinsights_sitenote_note":"","_monsterinsights_sitenote_category":0,"footnotes":""},"categories":[4],"tags":[2161,23,340,659,2159],"class_list":["post-5629","post","type-post","status-publish","format-standard","has-post-thumbnail","hentry","category-politica","tag-baradel","tag-educacion","tag-elecciones","tag-feb","tag-suteba"],"_links":{"self":[{"href":"https:\/\/www.visionweb.com.ar\/index.php?rest_route=\/wp\/v2\/posts\/5629","targetHints":{"allow":["GET"]}}],"collection":[{"href":"https:\/\/www.visionweb.com.ar\/index.php?rest_route=\/wp\/v2\/posts"}],"about":[{"href":"https:\/\/www.visionweb.com.ar\/index.php?rest_route=\/wp\/v2\/types\/post"}],"author":[{"embeddable":true,"href":"https:\/\/www.visionweb.com.ar\/index.php?rest_route=\/wp\/v2\/users\/4"}],"replies":[{"embeddable":true,"href":"https:\/\/www.visionweb.com.ar\/index.php?rest_route=%2Fwp%2Fv2%2Fcomments&post=5629"}],"version-history":[{"count":2,"href":"https:\/\/www.visionweb.com.ar\/index.php?rest_route=\/wp\/v2\/posts\/5629\/revisions"}],"predecessor-version":[{"id":5632,"href":"https:\/\/www.visionweb.com.ar\/index.php?rest_route=\/wp\/v2\/posts\/5629\/revisions\/5632"}],"wp:featuredmedia":[{"embeddable":true,"href":"https:\/\/www.visionweb.com.ar\/index.php?rest_route=\/wp\/v2\/media\/5631"}],"wp:attachment":[{"href":"https:\/\/www.visionweb.com.ar\/index.php?rest_route=%2Fwp%2Fv2%2Fmedia&parent=5629"}],"wp:term":[{"taxonomy":"category","embeddable":true,"href":"https:\/\/www.visionweb.com.ar\/index.php?rest_route=%2Fwp%2Fv2%2Fcategories&post=5629"},{"taxonomy":"post_tag","embeddable":true,"href":"https:\/\/www.visionweb.com.ar\/index.php?rest_route=%2Fwp%2Fv2%2Ftags&post=5629"}],"curies":[{"name":"wp","href":"https:\/\/api.w.org\/{rel}","templated":true}]}}