{"id":5624,"date":"2022-05-11T14:48:21","date_gmt":"2022-05-11T17:48:21","guid":{"rendered":"https:\/\/www.visionweb.com.ar\/?p=5624"},"modified":"2022-05-11T14:48:21","modified_gmt":"2022-05-11T17:48:21","slug":"luz-y-gas-ya-se-perfilan-los-incrementos-manana-sera-la-ultima-audiencia-por-la-segmentacion","status":"publish","type":"post","link":"https:\/\/www.visionweb.com.ar\/?p=5624","title":{"rendered":"Luz y gas: Ya se perfilan los incrementos.\u00a0Ma\u00f1ana ser\u00e1 la \u00faltima audiencia por la \u201csegmentaci\u00f3n\u201d"},"content":{"rendered":"<p><em><strong>En electricidad, los aumentos para todo el a\u00f1o ser\u00edan de 21,27% para los usuarios de tarifa social y del 42,72% para el resto de los usuarios. Y en el servicio de gas natural el aumento promedio rondar\u00eda en 20% para los usuarios sin tarifa social.<\/strong><\/em><!--more--><\/p>\n<p><strong>\u00a0<\/strong><strong>\u00a0\u00a0\u00a0\u00a0\u00a0\u00a0\u00a0\u00a0\u00a0\u00a0 <img loading=\"lazy\" decoding=\"async\" class=\"size-full wp-image-5626 aligncenter\" src=\"https:\/\/www.visionweb.com.ar\/wp-content\/uploads\/2022\/05\/cortes-de-luz.bmp\" alt=\"\" width=\"635\" height=\"333\" \/>\u00a0\u00a0\u00a0\u00a0\u00a0\u00a0\u00a0\u00a0\u00a0\u00a0 <\/strong><strong>E<\/strong>n medio de las tres audiencias p\u00fablicas sucesivas para definir las nuevas tarifas energ\u00e9ticas que comenzar\u00e1n a regir a partir del 1 de junio,\u00a0el aumento de la factura final del servicio de energ\u00eda el\u00e9ctrica para todo 2022 ser\u00eda de 42,72%\u00a0para los usuarios que no tengan tarifa social, y del 21,27% para aquellos que dispongan de ese beneficio, si se aprueba la propuesta presentada hoy por la Secretar\u00eda de Energ\u00eda.<\/p>\n<p>Esta propuesta fue presentada en el inicio de la\u00a0segunda audiencia p\u00fablica de hoy\u00a0para debatir los nuevos valores de referencia del\u00a0Precio Estacional de la Energ\u00eda El\u00e9ctrica<strong>\u00a0<\/strong>(PEST).<\/p>\n<p>La audiencia est\u00e1 presidida, por delegaci\u00f3n, por el subsecretario de Coordinaci\u00f3n Institucional de la Secretar\u00eda de Energ\u00eda, Guillermo Usandivaras, quien dio a conocer el informe basado en datos de la Subsecretar\u00eda de Planeamiento Energ\u00e9tico.<\/p>\n<p>Dicho informe precis\u00f3 que en el presente trimestre los subsidios tendr\u00e1n una cobertura del \u201c81,85% del costo total para abastecer la demanda residencial\u201d.<\/p>\n<p>Sobre la base del criterio de ajustar las tarifas seg\u00fan el Coeficiente de Variaci\u00f3n Salarial de 2021, Energ\u00eda dispuso que los aumentos para todo el a\u00f1o ser\u00edan de 21,27% para los usuarios de tarifa social y del 42,72% para el resto de los usuarios.<\/p>\n<p>La audiencia p\u00fablica de hoy es la segunda, luego de que ayer se iniciaran las exposiciones para la definici\u00f3n de los nuevos precios que estar\u00e1n vigentes a partir del 1 de junio para el gas natural en el Punto de Ingreso al Sistema de Transporte (PIST).<\/p>\n<p><a href=\"https:\/\/www.visionweb.com.ar\/wp-content\/uploads\/2022\/05\/aumento-de-gas.bmp\"><img loading=\"lazy\" decoding=\"async\" class=\"size-full wp-image-5627 aligncenter\" src=\"https:\/\/www.visionweb.com.ar\/wp-content\/uploads\/2022\/05\/aumento-de-gas.bmp\" alt=\"\" width=\"467\" height=\"307\" \/><\/a>Espec\u00edficamente en referencia <strong>al gas natural, la Secretar\u00eda de Energ\u00eda propuso\u00a0ayer un aumento promedio del 20% en el servicio para los usuarios sin tarifa social<\/strong>.<\/p>\n<p><strong>\u00a0<\/strong>La <strong>tercera audiencia<\/strong>, prevista para ma\u00f1ana, debatir\u00e1 la implementaci\u00f3n de la segmentaci\u00f3n en el otorgamiento de los subsidios al precio de la energ\u00eda por parte del Estado a los usuarios del servicio de gas natural y de energ\u00eda el\u00e9ctrica para el bienio 2022-2023.<\/p>\n<p>La jornada de este martes signific\u00f3 el inicio del proceso de actualizaci\u00f3n tarifaria definido por el Poder Ejecutivo en el programa econ\u00f3mico, con el que busca lograr \u00abniveles de tarifas razonables y susceptibles de ser aplicadas con criterios de justicia y equidad distributiva\u00bb para los servicios p\u00fablicos de gas y electricidad.<\/p>\n<p>A quienes involucran los aumentos de\u00a0\u201csegmentaci\u00f3n\u201d:<\/p>\n<p>Sibien a\u00fan no se defini\u00f3 cu\u00e1l ser\u00e1 el incremento que les llegar\u00e1 a los clientes a los que se les aplicar\u00e1 la quita de subsidios, si se aprueban las propuestas de \u201csegmentaci\u00f3n\u201d del Ejecutivo,\u00a0921.778 titulares del servicio de electricidad y 760.600 del servicio de gas residencial perder\u00e1n todo tipo de subsidio, por ser una franja que forma parte del 10 por ciento de usuarios con mayor poder adquisitivo.<\/p>\n<p>Seg\u00fan el plan de la Rosada el piso de ingreso para integrar el sector de\u00a0mayor poder adquisitivo rondar\u00eda en torno a los $ 314.000.<\/p>\n<p><strong>Alquileres:<\/strong><\/p>\n<p>En ese contexto, desde la Federaci\u00f3n de Inquilinos Nacional manifestaron el rechazo a la suba de tarifas. \u201cNo podemos soportar el aumento\u201d, advirtieron.<\/p>\n<p>La agrupaci\u00f3n asegur\u00f3 que: \u201cNueve millones de inquilinos e inquilinas no podemos soportar el aumento de tarifas. Frente a la situaci\u00f3n sumamente grave que atravesamos quienes alquilamos vivienda, queremos expresar nuestra completa objeci\u00f3n al intento del gobierno nacional por aumentar las tarifas de gas y luz\u201d.<\/p>\n<p>En un comunicado la Federaci\u00f3n detall\u00f3: \u201cEl gobierno decidi\u00f3 un aumento de tarifas a un segmento de consumidores que desconoce, no registra, no sabe nuestros ingresos ni conoce la relaci\u00f3n de alquiler que tenemos.\u00a0Este Estado que no mira a los que alquilamos vivienda, quiere obligarnos a pagar tarifas inalcanzables\u201d.<\/p>\n<p>\u201cA esto se le suma el intento del mercado inmobiliario por modificar la Ley de Alquileres, acortando plazos de contratos y aumentando los precios mediante la posibilidad de que se pueda actualizar el precio de forma semestral y sin ning\u00fan \u00edndice oficial\u201d, concluye el.<\/p>\n<p>En ese sentido, hoy en la Comisi\u00f3n de Legislaci\u00f3n General de la C\u00e1mara de Diputados, el Frente de Todos impulsar\u00e1 que se emita un dictamen a un\u00a0<strong>proyecto de reforma de la ley de alquileres<\/strong>\u00a0que incorpora incentivos fiscales para propietarios e inquilinos con el fin de mejorar la oferta de viviendas, manteniendo los ejes centrales de la norma aprobada en 2020. \u00a0<strong>(VW)<\/strong><\/p>\n","protected":false},"excerpt":{"rendered":"<p>En electricidad, los aumentos para todo el a\u00f1o ser\u00edan de 21,27% para los usuarios de tarifa social y del 42,72% para el resto de los usuarios. Y en el servicio de gas natural el&#46;&#46;&#46;<\/p>\n","protected":false},"author":4,"featured_media":5627,"comment_status":"closed","ping_status":"closed","sticky":false,"template":"","format":"standard","meta":{"_monsterinsights_skip_tracking":false,"_monsterinsights_sitenote_active":false,"_monsterinsights_sitenote_note":"","_monsterinsights_sitenote_category":0,"footnotes":""},"categories":[6,5],"tags":[1754,2280,2279,2281],"class_list":["post-5624","post","type-post","status-publish","format-standard","has-post-thumbnail","hentry","category-economia","category-sociedad","tag-audiencias-publicas","tag-incrementos","tag-luz-y-gas","tag-segmentacion"],"_links":{"self":[{"href":"https:\/\/www.visionweb.com.ar\/index.php?rest_route=\/wp\/v2\/posts\/5624","targetHints":{"allow":["GET"]}}],"collection":[{"href":"https:\/\/www.visionweb.com.ar\/index.php?rest_route=\/wp\/v2\/posts"}],"about":[{"href":"https:\/\/www.visionweb.com.ar\/index.php?rest_route=\/wp\/v2\/types\/post"}],"author":[{"embeddable":true,"href":"https:\/\/www.visionweb.com.ar\/index.php?rest_route=\/wp\/v2\/users\/4"}],"replies":[{"embeddable":true,"href":"https:\/\/www.visionweb.com.ar\/index.php?rest_route=%2Fwp%2Fv2%2Fcomments&post=5624"}],"version-history":[{"count":2,"href":"https:\/\/www.visionweb.com.ar\/index.php?rest_route=\/wp\/v2\/posts\/5624\/revisions"}],"predecessor-version":[{"id":5628,"href":"https:\/\/www.visionweb.com.ar\/index.php?rest_route=\/wp\/v2\/posts\/5624\/revisions\/5628"}],"wp:featuredmedia":[{"embeddable":true,"href":"https:\/\/www.visionweb.com.ar\/index.php?rest_route=\/wp\/v2\/media\/5627"}],"wp:attachment":[{"href":"https:\/\/www.visionweb.com.ar\/index.php?rest_route=%2Fwp%2Fv2%2Fmedia&parent=5624"}],"wp:term":[{"taxonomy":"category","embeddable":true,"href":"https:\/\/www.visionweb.com.ar\/index.php?rest_route=%2Fwp%2Fv2%2Fcategories&post=5624"},{"taxonomy":"post_tag","embeddable":true,"href":"https:\/\/www.visionweb.com.ar\/index.php?rest_route=%2Fwp%2Fv2%2Ftags&post=5624"}],"curies":[{"name":"wp","href":"https:\/\/api.w.org\/{rel}","templated":true}]}}