{"id":5617,"date":"2022-05-11T09:47:46","date_gmt":"2022-05-11T12:47:46","guid":{"rendered":"https:\/\/www.visionweb.com.ar\/?p=5617"},"modified":"2022-05-11T09:49:01","modified_gmt":"2022-05-11T12:49:01","slug":"lanus-reducen-un-30-en-tasas-de-seguridad-e-higiene","status":"publish","type":"post","link":"https:\/\/www.visionweb.com.ar\/?p=5617","title":{"rendered":"Lan\u00fas: Reducen un 30% las tasas de seguridad e higiene"},"content":{"rendered":"<p><em><strong>Una medida pr\u00e1cticamente in\u00e9dita en estos tiempos de inflaci\u00f3n: En un contexto donde todo aumenta, el Intendente reduce un 30% las tasas a comercios de barrio, como ayuda frente a la crisis econ\u00f3mica. Se enviar\u00e1 un proyecto al Concejo Deliberante local para alcanzar una baja del 100%. Iniciativa para imitar.<\/strong><\/em><!--more--><\/p>\n<div id=\"attachment_5619\" style=\"width: 310px\" class=\"wp-caption alignright\"><img loading=\"lazy\" decoding=\"async\" aria-describedby=\"caption-attachment-5619\" class=\"wp-image-5619 size-medium\" src=\"https:\/\/www.visionweb.com.ar\/wp-content\/uploads\/2022\/05\/1-GRINDETTI-REDUCE-TASA-COMERCIOS-300x255.jpg\" alt=\"\" width=\"300\" height=\"255\" srcset=\"https:\/\/www.visionweb.com.ar\/wp-content\/uploads\/2022\/05\/1-GRINDETTI-REDUCE-TASA-COMERCIOS-300x255.jpg 300w, https:\/\/www.visionweb.com.ar\/wp-content\/uploads\/2022\/05\/1-GRINDETTI-REDUCE-TASA-COMERCIOS.jpg 538w\" sizes=\"auto, (max-width: 300px) 100vw, 300px\" \/><p id=\"caption-attachment-5619\" class=\"wp-caption-text\">El intendente anunci\u00f3 la reducci\u00f3n de tasas a 1500 comercios locales. (Imagen: Prensa de Lan\u00fas)<\/p><\/div>\n<p><strong>E<\/strong>l intendente de Lan\u00fas N\u00e9stor Grindetti, anunci\u00f3 una baja del 30% en la tasa de seguridad e higiene, con la posibilidad de llegar al 100%, para 1.500 peque\u00f1os y medianos comerciantes. Este beneficio est\u00e1 destinado a paliar los efectos de la inflaci\u00f3n y regir\u00e1 desde junio hasta fin de 2022.<\/p>\n<p>En el marco de las pol\u00edticas implementadas por el Municipio para reactivar el sector comercial local y aminorar los efectos inflacionarios, un total de 1.500 peque\u00f1os y medianos comercios habilitados recibir\u00e1n una quita del 30 por ciento en la Tasa por Inspecci\u00f3n de Seguridad e Higiene, conforme destac\u00f3 Prensa de Lan\u00fas.<\/p>\n<p>En una visita realizada al Almac\u00e9n \u201cTutti Frutti\u201d de Lan\u00fas Este, el Intendente Grindetti, anunci\u00f3 esta medida y expres\u00f3: \u00abLos peque\u00f1os comerciantes son el \u00faltimo eslab\u00f3n de la cadena. <strong>Est\u00e1 mal generar dispositivos para cerrarlos c\u00f3mo \u00fanica medida para luchar contra la inflaci\u00f3n cuando el problema es macroecon\u00f3mico<\/strong>\u201d.<\/p>\n<p>Adem\u00e1s, el intendente resalt\u00f3: \u201cEsto no se resuelve con controles de precios y amenazas. Desde el Municipio <strong>encontramos esta manera de aportar <\/strong>a un tema que preocupa a la gente pero que depende de lo que haga el gobierno nacional\u00bb.<\/p>\n<p><img loading=\"lazy\" decoding=\"async\" class=\"size-medium wp-image-5620 alignleft\" src=\"https:\/\/www.visionweb.com.ar\/wp-content\/uploads\/2022\/05\/GRINDETTI-REDUCE-TASA1-300x226.jpg\" alt=\"\" width=\"300\" height=\"226\" srcset=\"https:\/\/www.visionweb.com.ar\/wp-content\/uploads\/2022\/05\/GRINDETTI-REDUCE-TASA1-300x226.jpg 300w, https:\/\/www.visionweb.com.ar\/wp-content\/uploads\/2022\/05\/GRINDETTI-REDUCE-TASA1-320x240.jpg 320w, https:\/\/www.visionweb.com.ar\/wp-content\/uploads\/2022\/05\/GRINDETTI-REDUCE-TASA1.jpg 512w\" sizes=\"auto, (max-width: 300px) 100vw, 300px\" \/>La medida, que tiene un costo fiscal de $18.000.000, alcanzar\u00e1 a comercios ligados a los rubros: <strong>Panader\u00edas, despensas, almacenes y peque\u00f1os mercados<\/strong>, y entrar\u00e1 en vigencia \u00a0durante el per\u00edodo 5\u00ba del a\u00f1o 2022, cuyo vencimiento opera del 21 de Junio de 2022 hasta fin de a\u00f1o.<\/p>\n<p>Cabe destacar que el Municipio, por decreto, puede reducir las tasas hasta en un 30% pero se enviar\u00e1 un proyecto de ordenanza al Concejo Deliberante local para alcanzar una baja del 100% en dicha tasa.<\/p>\n<p>En cuanto a su modalidad de aplicaci\u00f3n, los vecinos y vecinas <strong>no deber\u00e1n realizar ning\u00fan tr\u00e1mite personal <\/strong>ya que el descuento se har\u00e1 autom\u00e1ticamente al momento de presentar la declaraci\u00f3n jurada durante junio, y para los contribuyentes del RUC en las boletas que faltan por vencer. <strong>(VW)<\/strong><\/p>\n<p>En la visita al comercio de Lan\u00fas Este, N\u00e9stor Grindetti estuvo junto al secretario de Econom\u00eda y Finanzas, Dami\u00e1n Schiavone.<\/p>\n","protected":false},"excerpt":{"rendered":"<p>Una medida pr\u00e1cticamente in\u00e9dita en estos tiempos de inflaci\u00f3n: En un contexto donde todo aumenta, el Intendente reduce un 30% las tasas a comercios de barrio, como ayuda frente a la crisis econ\u00f3mica. Se&#46;&#46;&#46;<\/p>\n","protected":false},"author":4,"featured_media":5620,"comment_status":"closed","ping_status":"closed","sticky":false,"template":"","format":"standard","meta":{"_monsterinsights_skip_tracking":false,"_monsterinsights_sitenote_active":false,"_monsterinsights_sitenote_note":"","_monsterinsights_sitenote_category":0,"footnotes":""},"categories":[6,5],"tags":[48,18,19,2277,2278],"class_list":["post-5617","post","type-post","status-publish","format-standard","has-post-thumbnail","hentry","category-economia","category-sociedad","tag-comercios","tag-grindetti","tag-lanus","tag-reduccion-de-tasas","tag-seguridad-e-higiene"],"_links":{"self":[{"href":"https:\/\/www.visionweb.com.ar\/index.php?rest_route=\/wp\/v2\/posts\/5617","targetHints":{"allow":["GET"]}}],"collection":[{"href":"https:\/\/www.visionweb.com.ar\/index.php?rest_route=\/wp\/v2\/posts"}],"about":[{"href":"https:\/\/www.visionweb.com.ar\/index.php?rest_route=\/wp\/v2\/types\/post"}],"author":[{"embeddable":true,"href":"https:\/\/www.visionweb.com.ar\/index.php?rest_route=\/wp\/v2\/users\/4"}],"replies":[{"embeddable":true,"href":"https:\/\/www.visionweb.com.ar\/index.php?rest_route=%2Fwp%2Fv2%2Fcomments&post=5617"}],"version-history":[{"count":4,"href":"https:\/\/www.visionweb.com.ar\/index.php?rest_route=\/wp\/v2\/posts\/5617\/revisions"}],"predecessor-version":[{"id":5623,"href":"https:\/\/www.visionweb.com.ar\/index.php?rest_route=\/wp\/v2\/posts\/5617\/revisions\/5623"}],"wp:featuredmedia":[{"embeddable":true,"href":"https:\/\/www.visionweb.com.ar\/index.php?rest_route=\/wp\/v2\/media\/5620"}],"wp:attachment":[{"href":"https:\/\/www.visionweb.com.ar\/index.php?rest_route=%2Fwp%2Fv2%2Fmedia&parent=5617"}],"wp:term":[{"taxonomy":"category","embeddable":true,"href":"https:\/\/www.visionweb.com.ar\/index.php?rest_route=%2Fwp%2Fv2%2Fcategories&post=5617"},{"taxonomy":"post_tag","embeddable":true,"href":"https:\/\/www.visionweb.com.ar\/index.php?rest_route=%2Fwp%2Fv2%2Ftags&post=5617"}],"curies":[{"name":"wp","href":"https:\/\/api.w.org\/{rel}","templated":true}]}}