{"id":5610,"date":"2022-05-11T09:53:41","date_gmt":"2022-05-11T12:53:41","guid":{"rendered":"https:\/\/www.visionweb.com.ar\/?p=5610"},"modified":"2022-05-10T17:54:15","modified_gmt":"2022-05-10T20:54:15","slug":"los-vecinos-de-avellaneda-coparon-expo-fierro-2022","status":"publish","type":"post","link":"https:\/\/www.visionweb.com.ar\/?p=5610","title":{"rendered":"Los vecinos de Avellaneda coparon \u00abExpo Fierro 2022\u00bb"},"content":{"rendered":"<p class=\"pt-4\"><em><strong>Se desarroll\u00f3 durante el fin de semana en el Parque La Estaci\u00f3n. La muestra exhibi\u00f3 colectivos de los a\u00f1os 50 y hasta el Rambler presidencial.<\/strong><\/em><!--more--><\/p>\n<p>\u00a0 \u00a0 \u00a0 <img loading=\"lazy\" decoding=\"async\" class=\"size-medium wp-image-5611 alignright\" src=\"https:\/\/www.visionweb.com.ar\/wp-content\/uploads\/2022\/05\/TC-300x200.png\" alt=\"\" width=\"300\" height=\"200\" srcset=\"https:\/\/www.visionweb.com.ar\/wp-content\/uploads\/2022\/05\/TC-300x200.png 300w, https:\/\/www.visionweb.com.ar\/wp-content\/uploads\/2022\/05\/TC.png 640w\" sizes=\"auto, (max-width: 300px) 100vw, 300px\" \/><strong>C<\/strong>on la participaci\u00f3n de m\u00e1s de 400 veh\u00edculos se realiz\u00f3 este s\u00e1bado y domingo Expo Fierro 2022 en el Parque Municipal Multiprop\u00f3sito La Estaci\u00f3n, ubicado en G\u00fcemes 700, Avellaneda.<\/p>\n<p>Entre los veh\u00edculos exhibidos los vecinos tuvieron la posibilidad de ver los nost\u00e1lgicos b\u00f3lidos que formaron parte del Turismo Carretera cunado a\u00fan se corr\u00eda en las rutas y calles de todo el pa\u00eds, el Rambler Presidencial, motos y colectivos.<\/p>\n<p>Durante la primera \u00a0jornada, el intendente Alejo Chornobroff visit\u00f3 el evento, dialog\u00f3 con los expositores y con los visitantes que se acercaron a apreciar todas las m\u00e1quinas.<\/p>\n<p>Participaron ilustradorxs, escultorxs y autojumble. Tambi\u00e9n se ubicaron stands de la feria de la econom\u00eda social y foodtrucks<strong>(VW)<\/strong>.<\/p>\n","protected":false},"excerpt":{"rendered":"<p>Se desarroll\u00f3 durante el fin de semana en el Parque La Estaci\u00f3n. La muestra exhibi\u00f3 colectivos de los a\u00f1os 50 y hasta el Rambler presidencial.<\/p>\n","protected":false},"author":3,"featured_media":5611,"comment_status":"closed","ping_status":"closed","sticky":false,"template":"","format":"standard","meta":{"_monsterinsights_skip_tracking":false,"_monsterinsights_sitenote_active":false,"_monsterinsights_sitenote_note":"","_monsterinsights_sitenote_category":0,"footnotes":""},"categories":[8],"tags":[],"class_list":["post-5610","post","type-post","status-publish","format-standard","has-post-thumbnail","hentry","category-interes-general"],"_links":{"self":[{"href":"https:\/\/www.visionweb.com.ar\/index.php?rest_route=\/wp\/v2\/posts\/5610","targetHints":{"allow":["GET"]}}],"collection":[{"href":"https:\/\/www.visionweb.com.ar\/index.php?rest_route=\/wp\/v2\/posts"}],"about":[{"href":"https:\/\/www.visionweb.com.ar\/index.php?rest_route=\/wp\/v2\/types\/post"}],"author":[{"embeddable":true,"href":"https:\/\/www.visionweb.com.ar\/index.php?rest_route=\/wp\/v2\/users\/3"}],"replies":[{"embeddable":true,"href":"https:\/\/www.visionweb.com.ar\/index.php?rest_route=%2Fwp%2Fv2%2Fcomments&post=5610"}],"version-history":[{"count":1,"href":"https:\/\/www.visionweb.com.ar\/index.php?rest_route=\/wp\/v2\/posts\/5610\/revisions"}],"predecessor-version":[{"id":5612,"href":"https:\/\/www.visionweb.com.ar\/index.php?rest_route=\/wp\/v2\/posts\/5610\/revisions\/5612"}],"wp:featuredmedia":[{"embeddable":true,"href":"https:\/\/www.visionweb.com.ar\/index.php?rest_route=\/wp\/v2\/media\/5611"}],"wp:attachment":[{"href":"https:\/\/www.visionweb.com.ar\/index.php?rest_route=%2Fwp%2Fv2%2Fmedia&parent=5610"}],"wp:term":[{"taxonomy":"category","embeddable":true,"href":"https:\/\/www.visionweb.com.ar\/index.php?rest_route=%2Fwp%2Fv2%2Fcategories&post=5610"},{"taxonomy":"post_tag","embeddable":true,"href":"https:\/\/www.visionweb.com.ar\/index.php?rest_route=%2Fwp%2Fv2%2Ftags&post=5610"}],"curies":[{"name":"wp","href":"https:\/\/api.w.org\/{rel}","templated":true}]}}