{"id":5606,"date":"2022-05-11T09:23:41","date_gmt":"2022-05-11T12:23:41","guid":{"rendered":"https:\/\/www.visionweb.com.ar\/?p=5606"},"modified":"2022-05-10T17:58:05","modified_gmt":"2022-05-10T20:58:05","slug":"la-provincia-pone-en-marcha-el-programa-reactiva","status":"publish","type":"post","link":"https:\/\/www.visionweb.com.ar\/?p=5606","title":{"rendered":"La Provincia pone en marcha el programa \u00abReactiva\u00bb"},"content":{"rendered":"<p><strong><em>Durante la jornada tambi\u00e9n se firm\u00f3 un convenio con el INTI para fortalecer las capacitaciones y asistencias en el marco del programa Reconocimiento a la Calidad Cooperativa (RECC).<\/em><\/strong><!--more--><\/p>\n<p><strong>\u00a0 \u00a0 <img loading=\"lazy\" decoding=\"async\" class=\"size-medium wp-image-5608 alignleft\" src=\"https:\/\/www.visionweb.com.ar\/wp-content\/uploads\/2022\/05\/COOPERATIVAS-PLAN-REACTIVA-1-300x198.png\" alt=\"\" width=\"300\" height=\"198\" srcset=\"https:\/\/www.visionweb.com.ar\/wp-content\/uploads\/2022\/05\/COOPERATIVAS-PLAN-REACTIVA-1-300x198.png 300w, https:\/\/www.visionweb.com.ar\/wp-content\/uploads\/2022\/05\/COOPERATIVAS-PLAN-REACTIVA-1.png 576w\" sizes=\"auto, (max-width: 300px) 100vw, 300px\" \/>\u00a0 \u00a0 E<\/strong>l Ministerio de Producci\u00f3n, Ciencia e Innovaci\u00f3n Tecnol\u00f3gica de la provincia de Buenos Aires lanz\u00f3 en la v\u00edspera el programa Reactiva.<\/p>\n<p>Esta iniciativa apunta a un acompa\u00f1amiento integral de cada empresa recuperada seg\u00fan sus necesidades espec\u00edficas, generando capacidades de gesti\u00f3n con un impacto en la competitividad y productividad de cada una de ellas.<\/p>\n<p>El plan, busca que el desarrollo de estas capacidades de gesti\u00f3n faciliten a la cooperativa realizar mejoras que impliquen modificaciones en los procesos administrativos, productivos y comerciales que se traduzcan en mejores ingresos para sus asociados\/as y\/o nuevos puestos de trabajo, contempla la entrega de subsidios de hasta 5 millones de pesos.<\/p>\n<h3 style=\"text-align: center;\"><span style=\"color: #3366ff;\"><em>Los emprendimientos pueden recibir financiamiento de hasta $5 millones\u00a0<\/em><\/span><\/h3>\n<p>\u00abTrabajamos para impulsar a todas las cooperativas de nuestra Provincia con este nuevo programa. Gracias al enorme esfuerzo de muchos de los sectores estamos en un proceso de recuperaci\u00f3n. Esto es gracias a un Estado presente que da herramientas a todo nuestro entramado productivo. Queremos devolverle al movimiento cooperativo bonaerense el lugar que tiene que tener\u00bb, dijo el ministro Augusto Costa.<\/p>\n<p>Durante la jornada tambi\u00e9n se firm\u00f3 un convenio con el INTI para fortalecer las capacitaciones y asistencias en el marco del programa Reconocimiento a la Calidad Cooperativa (RECC).<\/p>\n<p>El objetivo de la iniciativa, que cuenta adem\u00e1s con las participaciones de los Ministerios de Ambiente, Mujeres y Trabajo, es brindar formaciones m\u00e1s robustas en temas vinculados a calidad y herramientas de gesti\u00f3n, adem\u00e1s de fortalecer las asistencias t\u00e9cnicas<strong>(VW).<\/strong><\/p>\n<p>&nbsp;<\/p>\n","protected":false},"excerpt":{"rendered":"<p>Durante la jornada tambi\u00e9n se firm\u00f3 un convenio con el INTI para fortalecer las capacitaciones y asistencias en el marco del programa Reconocimiento a la Calidad Cooperativa (RECC).<\/p>\n","protected":false},"author":3,"featured_media":5608,"comment_status":"closed","ping_status":"closed","sticky":false,"template":"","format":"standard","meta":{"_monsterinsights_skip_tracking":false,"_monsterinsights_sitenote_active":false,"_monsterinsights_sitenote_note":"","_monsterinsights_sitenote_category":0,"footnotes":""},"categories":[749],"tags":[],"class_list":["post-5606","post","type-post","status-publish","format-standard","has-post-thumbnail","hentry","category-pymes"],"_links":{"self":[{"href":"https:\/\/www.visionweb.com.ar\/index.php?rest_route=\/wp\/v2\/posts\/5606","targetHints":{"allow":["GET"]}}],"collection":[{"href":"https:\/\/www.visionweb.com.ar\/index.php?rest_route=\/wp\/v2\/posts"}],"about":[{"href":"https:\/\/www.visionweb.com.ar\/index.php?rest_route=\/wp\/v2\/types\/post"}],"author":[{"embeddable":true,"href":"https:\/\/www.visionweb.com.ar\/index.php?rest_route=\/wp\/v2\/users\/3"}],"replies":[{"embeddable":true,"href":"https:\/\/www.visionweb.com.ar\/index.php?rest_route=%2Fwp%2Fv2%2Fcomments&post=5606"}],"version-history":[{"count":1,"href":"https:\/\/www.visionweb.com.ar\/index.php?rest_route=\/wp\/v2\/posts\/5606\/revisions"}],"predecessor-version":[{"id":5609,"href":"https:\/\/www.visionweb.com.ar\/index.php?rest_route=\/wp\/v2\/posts\/5606\/revisions\/5609"}],"wp:featuredmedia":[{"embeddable":true,"href":"https:\/\/www.visionweb.com.ar\/index.php?rest_route=\/wp\/v2\/media\/5608"}],"wp:attachment":[{"href":"https:\/\/www.visionweb.com.ar\/index.php?rest_route=%2Fwp%2Fv2%2Fmedia&parent=5606"}],"wp:term":[{"taxonomy":"category","embeddable":true,"href":"https:\/\/www.visionweb.com.ar\/index.php?rest_route=%2Fwp%2Fv2%2Fcategories&post=5606"},{"taxonomy":"post_tag","embeddable":true,"href":"https:\/\/www.visionweb.com.ar\/index.php?rest_route=%2Fwp%2Fv2%2Ftags&post=5606"}],"curies":[{"name":"wp","href":"https:\/\/api.w.org\/{rel}","templated":true}]}}