{"id":5603,"date":"2022-05-10T16:59:57","date_gmt":"2022-05-10T19:59:57","guid":{"rendered":"https:\/\/www.visionweb.com.ar\/?p=5603"},"modified":"2022-05-10T16:59:57","modified_gmt":"2022-05-10T19:59:57","slug":"el-gobierno-bonaerense-acordo-un-aumento-de-10-puntos","status":"publish","type":"post","link":"https:\/\/www.visionweb.com.ar\/?p=5603","title":{"rendered":"El gobierno bonaerense acord\u00f3 un aumento de 10 puntos"},"content":{"rendered":"<p><strong><em>El beneficio alcanza a los m\u00e9dicos, los docentes, judiciales y empleados del estado provincial. En dieimbre la suba total alcanzar\u00e1 al 60%.<\/em><\/strong><!--more--><\/p>\n<p><img loading=\"lazy\" decoding=\"async\" class=\"size-medium wp-image-5604 alignleft\" src=\"https:\/\/www.visionweb.com.ar\/wp-content\/uploads\/2022\/05\/paritaria-docente-300x300.jpg\" alt=\"\" width=\"300\" height=\"300\" srcset=\"https:\/\/www.visionweb.com.ar\/wp-content\/uploads\/2022\/05\/paritaria-docente-300x300.jpg 300w, https:\/\/www.visionweb.com.ar\/wp-content\/uploads\/2022\/05\/paritaria-docente-150x150.jpg 150w, https:\/\/www.visionweb.com.ar\/wp-content\/uploads\/2022\/05\/paritaria-docente-80x80.jpg 80w, https:\/\/www.visionweb.com.ar\/wp-content\/uploads\/2022\/05\/paritaria-docente-320x320.jpg 320w, https:\/\/www.visionweb.com.ar\/wp-content\/uploads\/2022\/05\/paritaria-docente-65x65.jpg 65w, https:\/\/www.visionweb.com.ar\/wp-content\/uploads\/2022\/05\/paritaria-docente.jpg 680w\" sizes=\"auto, (max-width: 300px) 100vw, 300px\" \/>\u00a0 \u00a0<strong>E<\/strong>l gobierno bonaerense acord\u00f3 este martes con los secretarios generales de los gremios\u00a0 de m\u00e9dicos, docentes, judiciales y estatales un ajuste de 10 puntos porcentuales a la fecha y en diciembre, el ajuste totalizar\u00e1\u00a0 60%.<\/p>\n<p>El acuerdo se alcanz\u00f3 durante un encuentro realizado en Casa de Gobierno de la Provincia, entre el gobernador Axel Kicillof, los ministros de Hacienda, Pablo L\u00f3pez; de Trabajo, Mara Ruiz Malec; y el jefe de Gabinete, Mart\u00edn Insaurralde.<\/p>\n<p>\u00abEn esta oportunidad, el Poder Ejecutivo ha decidido actuar con premura agregando 10 puntos porcentuales a todas las etapas de los acuerdos concertados y adicionar asimismo un nuevo aumento en el mes de diciembre que asegure un piso de aumento salarial en l\u00ednea con las proyecciones actuales aumentos salariales del 60%\u00bb, indicaron fuentes del Gobierno.<\/p>\n<h3 style=\"text-align: center;\"><em>Los docentes hab\u00edan alcanzado un acuerdo en febrero con un ajuste cercano al 42% y una clausula de reapertura de negociaciones<\/em><\/h3>\n<p>Remarcaron, al mismo tiempo, que continua vigente la cl\u00e1usula de monitoreo, a la que se agrega una revisi\u00f3n en el \u00faltimo trimestre del a\u00f1o.<\/p>\n<p>\u00abDe esta manera se busca dar una perspectiva para lo que queda del a\u00f1o, creemos que es importante que los trabajadores pueden tener certidumbre en un contexto vol\u00e1til como el actual\u00bb, se\u00f1alaron y analizaron que as\u00ed se aporta \u00abcerteza, tranquilidad y recuperaci\u00f3n del poder adquisitivo a los trabajadores, con las herramientas que disponemos desde el Gobierno provincial, es una muestra del valor que asignamos al Estado y al trabajo de diario de cada trabajador\u00bb.<\/p>\n<p>El \u00faltimo acuerdo paritario entre la provincia y los maestros se firm\u00f3 en febrero pasado y contemplaba un incremento cercano al 42% en una escalada en tres tramos, mientras que el acuerdo con los trabajadores estatales y judiciales se cerr\u00f3 un mes despu\u00e9s, con un incremento del 40%.\u00a0En aquel entonces, se consensu\u00f3 tambi\u00e9n incluir una cl\u00e1usula de reapertura y otra de seguimiento<strong>(VW)<\/strong>.<\/p>\n","protected":false},"excerpt":{"rendered":"<p>El beneficio alcanza a los m\u00e9dicos, los docentes, judiciales y empleados del estado provincial. En dieimbre la suba total alcanzar\u00e1 al 60%.<\/p>\n","protected":false},"author":3,"featured_media":5604,"comment_status":"closed","ping_status":"closed","sticky":false,"template":"","format":"standard","meta":{"_monsterinsights_skip_tracking":false,"_monsterinsights_sitenote_active":false,"_monsterinsights_sitenote_note":"","_monsterinsights_sitenote_category":0,"footnotes":""},"categories":[4],"tags":[410,1907,649,677],"class_list":["post-5603","post","type-post","status-publish","format-standard","has-post-thumbnail","hentry","category-politica","tag-docentes","tag-estatales","tag-judiciales","tag-medicos"],"_links":{"self":[{"href":"https:\/\/www.visionweb.com.ar\/index.php?rest_route=\/wp\/v2\/posts\/5603","targetHints":{"allow":["GET"]}}],"collection":[{"href":"https:\/\/www.visionweb.com.ar\/index.php?rest_route=\/wp\/v2\/posts"}],"about":[{"href":"https:\/\/www.visionweb.com.ar\/index.php?rest_route=\/wp\/v2\/types\/post"}],"author":[{"embeddable":true,"href":"https:\/\/www.visionweb.com.ar\/index.php?rest_route=\/wp\/v2\/users\/3"}],"replies":[{"embeddable":true,"href":"https:\/\/www.visionweb.com.ar\/index.php?rest_route=%2Fwp%2Fv2%2Fcomments&post=5603"}],"version-history":[{"count":1,"href":"https:\/\/www.visionweb.com.ar\/index.php?rest_route=\/wp\/v2\/posts\/5603\/revisions"}],"predecessor-version":[{"id":5605,"href":"https:\/\/www.visionweb.com.ar\/index.php?rest_route=\/wp\/v2\/posts\/5603\/revisions\/5605"}],"wp:featuredmedia":[{"embeddable":true,"href":"https:\/\/www.visionweb.com.ar\/index.php?rest_route=\/wp\/v2\/media\/5604"}],"wp:attachment":[{"href":"https:\/\/www.visionweb.com.ar\/index.php?rest_route=%2Fwp%2Fv2%2Fmedia&parent=5603"}],"wp:term":[{"taxonomy":"category","embeddable":true,"href":"https:\/\/www.visionweb.com.ar\/index.php?rest_route=%2Fwp%2Fv2%2Fcategories&post=5603"},{"taxonomy":"post_tag","embeddable":true,"href":"https:\/\/www.visionweb.com.ar\/index.php?rest_route=%2Fwp%2Fv2%2Ftags&post=5603"}],"curies":[{"name":"wp","href":"https:\/\/api.w.org\/{rel}","templated":true}]}}