{"id":5595,"date":"2022-05-10T13:08:23","date_gmt":"2022-05-10T16:08:23","guid":{"rendered":"https:\/\/www.visionweb.com.ar\/?p=5595"},"modified":"2022-05-10T15:44:31","modified_gmt":"2022-05-10T18:44:31","slug":"marcha-federal-habra-3-dias-de-movilizacion-hasta-llegar-el-jueves-a-plaza-de-mayo","status":"publish","type":"post","link":"https:\/\/www.visionweb.com.ar\/?p=5595","title":{"rendered":"Marcha federal: Habr\u00e1 3 d\u00edas de movilizaci\u00f3n hasta llegar el jueves a Plaza de Mayo"},"content":{"rendered":"<p><em><strong>Organizaciones sociales preparan tres d\u00edas de cortes. La marcha se inici\u00f3 este martes en La Quiaca y habr\u00e1 5 caravanas desde distintas regiones del pa\u00eds, para concentrar el pr\u00f3ximo jueves frente a Casa de Gobierno. El Presidente inici\u00f3 hoy su gira por Europa, esta ma\u00f1ana arrib\u00f3 en Espa\u00f1a.<\/strong><\/em><!--more--><\/p>\n<div id=\"attachment_5597\" style=\"width: 412px\" class=\"wp-caption alignright\"><img loading=\"lazy\" decoding=\"async\" aria-describedby=\"caption-attachment-5597\" class=\"wp-image-5597 size-full\" src=\"https:\/\/www.visionweb.com.ar\/wp-content\/uploads\/2022\/05\/marcha-piquetera.bmp\" alt=\"\" width=\"402\" height=\"499\" \/><p id=\"caption-attachment-5597\" class=\"wp-caption-text\">Convocatoria a la marcha, imagen:internet.<\/p><\/div>\n<p><strong>L<\/strong>a \u00abMarcha Federal por Trabajo y por Salario contra el Hambre y la Pobreza\u00bb se inici\u00f3 este martes en La Quiaca.<\/p>\n<p>La protesta es contra las pol\u00edticas del Gobierno, la inflaci\u00f3n y la desocupaci\u00f3n. Desde distintas regiones del pa\u00eds, cinco caravanas confluir\u00e1n el jueves 12 en Plaza de Mayo.<\/p>\n<p>En tanto, hubo un encuentro entre autoridades porte\u00f1as y referentes de organizaciones sociales para ordenar el tr\u00e1nsito. Se espera que se movilicen 100.000 personas.<\/p>\n<p>Entre las demandas solicitadas figuran: los puestos de trabajo \u201cgenuinos sin precarizaci\u00f3n laboral; un salario equivalente a la canasta familiar y\u00a0 un aumento de emergencia para que ning\u00fan\/a trabajador\/a ni jubilado\/a est\u00e9 por debajo de la canasta de pobreza\u201d.<\/p>\n<p>Tambi\u00e9n reclaman \u201cun aumento inmediato en los programas sociales, su apertura para todos lo que necesitan, y su universalizaci\u00f3n; la asistencia integral a los comedores populares y acceso a una vivienda digna, por salud y educaci\u00f3n p\u00fablica de calidad\u201d.<\/p>\n<p>Los manifestantes marchar\u00e1n desde las principales ciudades de todo el pa\u00eds y, llegar\u00e1n a la Ciudad de Buenos Aires desde distintos puntos del pa\u00eds en micros, camiones, autos y trenes.<\/p>\n<p>La protesta se extender\u00e1 hasta el jueves<strong>,\u00a0<\/strong>con un cierre en la ciudad de Buenos Aires, y seg\u00fan detallaron los organizadores a los medios, cinco caravanas partir\u00e1n desde distintas regiones del pa\u00eds.<\/p>\n<p>Desde Jujuy, los convocantes informaron a los medios que el objetivo de la marcha es desplegar una \u00abgran movilizaci\u00f3n de trabajadores\u00bb a nivel nacional, e inici\u00f3 hoy en la plaza Centenario de La Quiaca, en la frontera con Bolivia, para luego realizar otro acto, en la plaza central de la capital juje\u00f1a.<\/p>\n<p>\u00abEl reclamo es contra el Gobierno nacional, que est\u00e1 haciendo el ajuste tras el acuerdo con el FMI,\u00a0 y en lugar de combatir la inflaci\u00f3n, le echa m\u00e1s le\u00f1a al fuego\u00bb, indic\u00f3 el representante del Polo Obrero en Jujuy, Sebasti\u00e1n Copello.<\/p>\n<p>En este marco, y frente a un colapso de tr\u00e1nsito, autoridades del gobierno de la ciudad de Buenos Aires mantuvieron una reuni\u00f3n en la tarde de ayer lunes, con representantes de las organizaciones sociales que el jueves se concentrar\u00e1n en la Plaza de Mayo por su reclamo al Gobierno nacional.<\/p>\n<p>Seg\u00fan indicaron fuentes porte\u00f1as,<strong>\u00a0<\/strong>se lleg\u00f3 a un acuerdo para que el Metrobus est\u00e9 liberado\u00a0durante la jornada de protesta y para que<strong>\u00a0<\/strong>los micros que trasladen a los manifestantes aparquen en la Costanera\u00a0y no en la 9 de Julio, para facilitar la circulaci\u00f3n.<\/p>\n<p>Conforme a estimaciones de diferentes referentes piqueteros,<strong>\u00a0<\/strong>se movilizar\u00e1n m\u00e1s de 100.000 personas, que van a estar ingresando a la Ciudad entre las 12 y las 14 de este jueves a trav\u00e9s de Once, Puente Pueyrred\u00f3n y Retiro. La idea es comenzar a marchar a las 15 hacia Plaza de Mayo y dar por finalizada la protesta alrededor de las 18.<\/p>\n<p>En la mencionada reuni\u00f3n con D&#8217; Alessandro, hubo\u00a0representantes del Polo Obrero, el FOL, CUBA MTR, MTA An\u00edbal Ver\u00f3n, MST y Barrios de Pie.<\/p>\n<p>En ese sentido, el Ministro de\u00a0Seguridad y Justicia de la ciudad de Buenos Aires, detall\u00f3 a los medios, luego de la reuni\u00f3n: \u00abEstamos en presencia de un conflicto entre las organizaciones piqueteras y el gobierno nacional que, al no dar respuesta, termina escalando a un problema de circulaci\u00f3n que afecta a los tres millones de porte\u00f1os que viven en la Ciudad y a otras tres millones de personas que entran y transitan diariamente\u00bb.<\/p>\n<p>Con el principal objetivo de la administraci\u00f3n porte\u00f1a de evitar cortes de tr\u00e1nsito masivos, D\u00b4Alessandro sostuvo que \u00abEn la manifestaci\u00f3n que termina el jueves 12 en la Ciudad, las organizaciones dicen que van a llegar m\u00e1s de 100.000 personas. Por eso, y por m\u00e1s que ya estemos trabajando para evitar que la Ciudad colapse, tenemos que ser realistas: es muy dif\u00edcil que no se produzca alg\u00fan corte cuando m\u00e1s de 100.000 personas ingresen por los accesos\u00bb.<\/p>\n<p>Las jornadas de la\u00a0\u201cmarcha federal\u201d se realizan bajo las consignas \u201cpor trabajo y salario digno\u201d, y \u201ccontra el hambre y la pobreza\u201d. As\u00ed lo informaron en un comunicado de prensa conjunto, con las firmas del Polo Obrero (PO), MTR Votamos Luchar, Cuba-MTR, Movimiento de Acci\u00f3n Revolucionaria (MAR), Movimiento 29 de Mayo, el Bloque Piquetero Nacional, la Agrupaci\u00f3n Armando Conciencia, Movimiento Teresa Rodr\u00edguez 12 de Abril, fracciones del MTL Rebelde y el Frente de la Resistencia y el Centro William Cooke<\/p>\n<p><strong>Gira presidencial<\/strong><\/p>\n<p>Por su parte, el presidente Alberto Fern\u00e1ndez, no estar\u00e1 presente en el pa\u00eds para recibir a los grupos que reclaman, ya que en el marco de una gira por Europa, lleg\u00f3 esta ma\u00f1ana a Madrid donde hoy lo recibi\u00f3 el presidente del Gobierno espa\u00f1ol, Pedro S\u00e1nchez.<\/p>\n<p>Lo acompa\u00f1an el canciller Santiago Cafiero; los secretarios de Relaciones Econ\u00f3micas Internacionales, Cecilia Todesca; de Asuntos Estrat\u00e9gicos, Gustavo Beliz; el secretario general de la Presidencia, Julio Vitobello, y la portavoz Gabriela Cerruti.<\/p>\n<p>En el marco de una breve gira eminentemente pol\u00edtica por Europa, ma\u00f1ana estar\u00e1 en Berl\u00edn, Alemania, donde se reunir\u00e1 con el canciller de ese pa\u00eds, Olaf Scholz.<\/p>\n<p>El objetivo del recorrido es conversar con los l\u00edderes europeos sobre el \u00a0impacto que la guerra en Ucrania\u00a0acarrea en materia econ\u00f3mica y comercial, y de qu\u00e9 manera la Argentina puede colaborar proveyendo alimentos y energ\u00eda.<\/p>\n<p>A\u00fan sin confirmaci\u00f3n oficial, el viaje incluir\u00eda una \u00faltima etapa en Par\u00eds entre viernes y s\u00e1bado para un encuentro con el presidente Emmanuel Macron, recientemente reelecto.<strong>(VW)<\/strong><\/p>\n<p>&nbsp;<\/p>\n","protected":false},"excerpt":{"rendered":"<p>Organizaciones sociales preparan tres d\u00edas de cortes. La marcha se inici\u00f3 este martes en La Quiaca y habr\u00e1 5 caravanas desde distintas regiones del pa\u00eds, para concentrar el pr\u00f3ximo jueves frente a Casa de&#46;&#46;&#46;<\/p>\n","protected":false},"author":4,"featured_media":5597,"comment_status":"closed","ping_status":"closed","sticky":false,"template":"","format":"standard","meta":{"_monsterinsights_skip_tracking":false,"_monsterinsights_sitenote_active":false,"_monsterinsights_sitenote_note":"","_monsterinsights_sitenote_category":0,"footnotes":""},"categories":[4,5],"tags":[2272,2270,2271,2273],"class_list":["post-5595","post","type-post","status-publish","format-standard","has-post-thumbnail","hentry","category-politica","category-sociedad","tag-jueves-casa-de-gobierno","tag-marcha-federal","tag-organizaciones-sociales","tag-tres-dias-marcha"],"_links":{"self":[{"href":"https:\/\/www.visionweb.com.ar\/index.php?rest_route=\/wp\/v2\/posts\/5595","targetHints":{"allow":["GET"]}}],"collection":[{"href":"https:\/\/www.visionweb.com.ar\/index.php?rest_route=\/wp\/v2\/posts"}],"about":[{"href":"https:\/\/www.visionweb.com.ar\/index.php?rest_route=\/wp\/v2\/types\/post"}],"author":[{"embeddable":true,"href":"https:\/\/www.visionweb.com.ar\/index.php?rest_route=\/wp\/v2\/users\/4"}],"replies":[{"embeddable":true,"href":"https:\/\/www.visionweb.com.ar\/index.php?rest_route=%2Fwp%2Fv2%2Fcomments&post=5595"}],"version-history":[{"count":6,"href":"https:\/\/www.visionweb.com.ar\/index.php?rest_route=\/wp\/v2\/posts\/5595\/revisions"}],"predecessor-version":[{"id":5602,"href":"https:\/\/www.visionweb.com.ar\/index.php?rest_route=\/wp\/v2\/posts\/5595\/revisions\/5602"}],"wp:featuredmedia":[{"embeddable":true,"href":"https:\/\/www.visionweb.com.ar\/index.php?rest_route=\/wp\/v2\/media\/5597"}],"wp:attachment":[{"href":"https:\/\/www.visionweb.com.ar\/index.php?rest_route=%2Fwp%2Fv2%2Fmedia&parent=5595"}],"wp:term":[{"taxonomy":"category","embeddable":true,"href":"https:\/\/www.visionweb.com.ar\/index.php?rest_route=%2Fwp%2Fv2%2Fcategories&post=5595"},{"taxonomy":"post_tag","embeddable":true,"href":"https:\/\/www.visionweb.com.ar\/index.php?rest_route=%2Fwp%2Fv2%2Ftags&post=5595"}],"curies":[{"name":"wp","href":"https:\/\/api.w.org\/{rel}","templated":true}]}}