{"id":5584,"date":"2022-05-10T09:23:31","date_gmt":"2022-05-10T12:23:31","guid":{"rendered":"https:\/\/www.visionweb.com.ar\/?p=5584"},"modified":"2022-05-09T20:45:02","modified_gmt":"2022-05-09T23:45:02","slug":"caminos-y-sabores-despues-de-dos-anos-vuelve-la-presencialidad-a-palermo","status":"publish","type":"post","link":"https:\/\/www.visionweb.com.ar\/?p=5584","title":{"rendered":"Caminos y sabores: Despu\u00e9s de dos a\u00f1os vuelve la presencialidad a Palermo"},"content":{"rendered":"<p><em><strong>El evento m\u00e1s esperado por los productores de alimentos, artesanos, cocineros, emprendedores y los apasionados de la cultura y gastronom\u00eda argentina. Todos se reunir\u00e1n en La Rural.\u00a0<\/strong><\/em><!--more--><\/p>\n<p><img loading=\"lazy\" decoding=\"async\" class=\"size-medium wp-image-5585 alignleft\" src=\"https:\/\/www.visionweb.com.ar\/wp-content\/uploads\/2022\/05\/CAMINOS-Y-SABORES-DOS-300x200.png\" alt=\"\" width=\"300\" height=\"200\" srcset=\"https:\/\/www.visionweb.com.ar\/wp-content\/uploads\/2022\/05\/CAMINOS-Y-SABORES-DOS-300x200.png 300w, https:\/\/www.visionweb.com.ar\/wp-content\/uploads\/2022\/05\/CAMINOS-Y-SABORES-DOS-768x512.png 768w, https:\/\/www.visionweb.com.ar\/wp-content\/uploads\/2022\/05\/CAMINOS-Y-SABORES-DOS.png 800w\" sizes=\"auto, (max-width: 300px) 100vw, 300px\" \/> \u00a0 \u00a0<strong>B<\/strong>ajo la idea de que lo rico est\u00e1 en los sabores y la riqueza en las experiencias, luego de 2 a\u00f1os de interrupci\u00f3n por la pandemia, se llevar\u00e1 a cabo una nueva edici\u00f3n de Caminos y Sabores, la feria que re\u00fane en un solo lugar sabores, aromas, texturas y paisajes.<\/p>\n<p>La 16\u00b0 edici\u00f3n de la feria Caminos y Sabores se realizar\u00e1 del 7 al 10 de julio en el predio ferial de La Rural.<\/p>\n<p>A\u00f1o a a\u00f1o, expositores de todas las provincias participan distribuidos en los 9 Caminos Tem\u00e1ticos: Federal; de las Picadas; de los Aderezos y Aceites; de las Bebidas; de los Dulces; de los Frutos de la Tierra; de las Infusiones; del Turismo y la Tradici\u00f3n; de tu Cocina, como tambi\u00e9n de las cocinas en escena y los espacios para compartir comidas y bebidas. En Caminos y Sabores se vive la argentinidad a pleno.<\/p>\n<h3 style=\"text-align: center;\"><em><strong>En la \u00faltima edici\u00f3n participaron 450 expositores<\/strong><\/em><\/h3>\n<p>Hoy se ha convertido en El Gran Mercado Argentino en el que confluyen una inimaginable variedad de alimentos, bebidas, artesan\u00edas y destinos tur\u00edsticos del pa\u00eds empujados por la pasi\u00f3n de sus emprendedores.<\/p>\n<p>De esta manera, se posiciona como el evento id\u00f3neo para concretar operaciones comerciales y en una gran oportunidad para vender productos.\u00a0M\u00e1s a\u00fan, despu\u00e9s de dos a\u00f1os sin ferias de esta magnitud que tan necesarias resultan como canal de venta para los emprendedores.<\/p>\n<div id=\"attachment_5586\" style=\"width: 310px\" class=\"wp-caption alignright\"><img loading=\"lazy\" decoding=\"async\" aria-describedby=\"caption-attachment-5586\" class=\"wp-image-5586 size-medium\" src=\"https:\/\/www.visionweb.com.ar\/wp-content\/uploads\/2022\/05\/PRODUCTOS-CYS-300x112.png\" alt=\"\" width=\"300\" height=\"112\" srcset=\"https:\/\/www.visionweb.com.ar\/wp-content\/uploads\/2022\/05\/PRODUCTOS-CYS-300x112.png 300w, https:\/\/www.visionweb.com.ar\/wp-content\/uploads\/2022\/05\/PRODUCTOS-CYS.png 640w\" sizes=\"auto, (max-width: 300px) 100vw, 300px\" \/><p id=\"caption-attachment-5586\" class=\"wp-caption-text\"><em><strong>En la muestra, como se hizo en los \u00faltimos 16 a\u00f1os, productos para todos los paladares<\/strong><\/em>.<\/p><\/div>\n<p>Cabe destacar que muchos de ellos ya incluyeron la participaci\u00f3n en Caminos y Sabores dentro de su estrategia de marketing y plan de negocios.<\/p>\n<p>A su vez, CyS abre un mundo de posibilidades post feria en cuanto a negocios (nuevos clientes, distribuidores, asociaciones con otras marcas o chefs, cooperativismo), que ayuda a los expositores a sostenerse todo el a\u00f1o.<\/p>\n<p>Su \u00faltima edici\u00f3n en 2019, registro la llegada de 110.000 visitantes y, logr\u00f3 reunir a 450 expositores de todo el pa\u00eds y 40 chefs en escena. Adem\u00e1s se concretaron 224 reuniones en la Ronda de Negocios.<\/p>\n<p>Adem\u00e1s, la Feria permiti\u00f3 concretar 224 reuniones en la Ronda de Negocios, con la presencia de 40 chefs en escena.<\/p>\n<h3 style=\"text-align: center;\"><em><strong>En el gran mercado de alimento se realziaron 224 reuniones de negocios.<\/strong><\/em><\/h3>\n<p>En esta nueva instancia los emprendedores argentinos se preparan para el regreso despu\u00e9s de dos a\u00f1os al Gran Mercado Argentino que tendr\u00e1 lugar en el mes de julio en La Rural.<\/p>\n<p><strong>La elegida<\/strong><\/p>\n<p>Seg\u00fan un relevamiento realizado por la encuestadora Map of Agriculture en la \u00faltima edici\u00f3n de Caminos y Sabores en 2019, m\u00e1s del 90% de los expositores considera de gran importancia para su negocio participar de Caminos y Sabores y m\u00e1s del 80% se mostr\u00f3 muy conforme con la difusi\u00f3n de su marca o producto.<\/p>\n<p>Teniendo en cuenta estos guarismos y el \u00e9xito logrado en la 15\u00b0 edici\u00f3n, con m\u00e1s de 110.000 visitantes, 450 expositores de todo el pa\u00eds,<\/p>\n<p><strong>El Gran Mercado online<\/strong><\/p>\n<p>M\u00e1s all\u00e1 de la pandemia por COVID-19, que posterg\u00f3 la realizaci\u00f3n de la feria en 2020 y 2021, CyS siempre sigui\u00f3 en contacto con sus protagonistas: los emprendedores expositores.<\/p>\n<p>Las nuevas tecnolog\u00edas permitieron acompa\u00f1arlos, brindando difusi\u00f3n a los productos de emprendedores de todo el pa\u00eds a trav\u00e9s de las Redes Sociales de CyS. Tambi\u00e9n se convirtieron en una excelente herramienta para conocer el detr\u00e1s de escena de cada productor, emprendedor, celebrities, cocinero e influencer a trav\u00e9s de entrevistas v\u00eda Instagram Live.<\/p>\n<p>Sumado a ello, la pandemia junto con la tecnolog\u00eda fue una excelente fuente de inspiraci\u00f3n para la creaci\u00f3n de un Recetario Digital con recetas de cocina enviadas por los expositores, influencers y reconocidos especialistas que pasaron por Caminos y Sabores.<\/p>\n<p>Por todo lo mencionado, Caminos y Sabores es mucho m\u00e1s que un evento gastron\u00f3mico, es una experiencia \u00fanica para los visitantes, a quienes les ofrece la posibilidad de comprar, degustar y conocer en profundidad alimentos, bebidas, artesan\u00edas y destinos tur\u00edsticos<strong>(VW)<\/strong><\/p>\n","protected":false},"excerpt":{"rendered":"<p>El evento m\u00e1s esperado por los productores de alimentos, artesanos, cocineros, emprendedores y los apasionados de la cultura y gastronom\u00eda argentina. Todos se reunir\u00e1n en La Rural.\u00a0<\/p>\n","protected":false},"author":3,"featured_media":5585,"comment_status":"closed","ping_status":"closed","sticky":false,"template":"","format":"standard","meta":{"_monsterinsights_skip_tracking":false,"_monsterinsights_sitenote_active":false,"_monsterinsights_sitenote_note":"","_monsterinsights_sitenote_category":0,"footnotes":""},"categories":[1317],"tags":[2265,2263,2264],"class_list":["post-5584","post","type-post","status-publish","format-standard","has-post-thumbnail","hentry","category-sabores-y-tendencias","tag-delicatences","tag-fiambres","tag-quesos"],"_links":{"self":[{"href":"https:\/\/www.visionweb.com.ar\/index.php?rest_route=\/wp\/v2\/posts\/5584","targetHints":{"allow":["GET"]}}],"collection":[{"href":"https:\/\/www.visionweb.com.ar\/index.php?rest_route=\/wp\/v2\/posts"}],"about":[{"href":"https:\/\/www.visionweb.com.ar\/index.php?rest_route=\/wp\/v2\/types\/post"}],"author":[{"embeddable":true,"href":"https:\/\/www.visionweb.com.ar\/index.php?rest_route=\/wp\/v2\/users\/3"}],"replies":[{"embeddable":true,"href":"https:\/\/www.visionweb.com.ar\/index.php?rest_route=%2Fwp%2Fv2%2Fcomments&post=5584"}],"version-history":[{"count":2,"href":"https:\/\/www.visionweb.com.ar\/index.php?rest_route=\/wp\/v2\/posts\/5584\/revisions"}],"predecessor-version":[{"id":5588,"href":"https:\/\/www.visionweb.com.ar\/index.php?rest_route=\/wp\/v2\/posts\/5584\/revisions\/5588"}],"wp:featuredmedia":[{"embeddable":true,"href":"https:\/\/www.visionweb.com.ar\/index.php?rest_route=\/wp\/v2\/media\/5585"}],"wp:attachment":[{"href":"https:\/\/www.visionweb.com.ar\/index.php?rest_route=%2Fwp%2Fv2%2Fmedia&parent=5584"}],"wp:term":[{"taxonomy":"category","embeddable":true,"href":"https:\/\/www.visionweb.com.ar\/index.php?rest_route=%2Fwp%2Fv2%2Fcategories&post=5584"},{"taxonomy":"post_tag","embeddable":true,"href":"https:\/\/www.visionweb.com.ar\/index.php?rest_route=%2Fwp%2Fv2%2Ftags&post=5584"}],"curies":[{"name":"wp","href":"https:\/\/api.w.org\/{rel}","templated":true}]}}