{"id":5576,"date":"2022-05-09T13:25:08","date_gmt":"2022-05-09T16:25:08","guid":{"rendered":"https:\/\/www.visionweb.com.ar\/?p=5576"},"modified":"2022-05-09T13:25:08","modified_gmt":"2022-05-09T16:25:08","slug":"covid-preocupacion-por-el-aumento-de-casos","status":"publish","type":"post","link":"https:\/\/www.visionweb.com.ar\/?p=5576","title":{"rendered":"Covid: Preocupaci\u00f3n por el aumento de casos"},"content":{"rendered":"<p>Crecieron un 54 por ciento los casos positivos por Covid-19 en la \u00faltima semana. La cifra total de fallecidos en todo el pa\u00eds es de 128.729, seg\u00fan datos oficiales.<!--more--><\/p>\n<p><strong><img loading=\"lazy\" decoding=\"async\" class=\"size-full wp-image-5578 alignright\" src=\"https:\/\/www.visionweb.com.ar\/wp-content\/uploads\/2022\/05\/covid-restricciones.bmp\" alt=\"\" width=\"447\" height=\"306\" \/>E<\/strong>l Ministerio de Salud de la Naci\u00f3n report\u00f3 este lunes 76 muertes por coronavirus y 17.646 contagios en la \u00faltima semana, con lo que suman 128.729 los fallecidos registrados oficialmente a nivel nacional, y 9.101.319 los contagiados desde el inicio de la pandemia, con un crecimiento del 54 por ciento con respecto a la semana anterior.<\/p>\n<p>A la vez, la cartera sanitaria indic\u00f3 que son 295 los internados con coronavirus en unidades de terapia intensiva, con un porcentaje de ocupaci\u00f3n de camas de adultos en el sector p\u00fablico y privado de 41,1% en el pa\u00eds.<\/p>\n<p>Cabe recordar, que desde mediados de abril, el Ministerio de Salud de la Naci\u00f3n decidi\u00f3 que el parte diario de la situaci\u00f3n epidemiol\u00f3gica de la Argentina pasara a ser semanal, y seg\u00fan se inform\u00f3 la decisi\u00f3n fue tomada por el descenso de casos de COVID-19 registrados hasta esa fecha. Sin embargo, a s\u00f3lo tres semanas de esa disposici\u00f3n, las cifras oficiales dan cuenta de un aumento sostenido de casos en todo el pa\u00eds.<\/p>\n<p>Con relaci\u00f3n a esto, el pasado primero de mayo, la cartera sanitaria hab\u00eda consignado 11.433 contagios y 111 fallecidos en la semana precedente. Con los n\u00fameros difundidos este domingo, ascend\u00eda a 9.101.319 la cantidad de casos positivos de Covid-19 desde que se inici\u00f3 el brote en la Argentina, en marzo de 2020, y a 128.729 los decesos.<\/p>\n<p>Por otro lado, se indic\u00f3 que eran 295 las personas con coronavirus internadas en terapia intensiva, mientras que la camas del servicio para toda patolog\u00eda y en centros de salud p\u00fablicos y privados de todo el pa\u00eds, se encontraban ocupadas en un 41,1 por ciento.<\/p>\n<p>Las jurisdicciones que reportaron esta semana fallecidos por Covid-19 son la provincia de Buenos Aires (42 y 60.070 acumulados), CABA (13 y 12.598), Tucum\u00e1n (6 y 3644), Chubut (5 y 1662), Salta (3 y 3.433), Santa Fe (2 y 9390), C\u00f3rdoba (1 y 7852), Jujuy (1 y 1691), La Pampa (1 y 1158), R\u00edo Negro (1 y 2617), Santiago del Estero (1 y 1347) y Tierra del Fuego (1 y 565).<\/p>\n<p>La provincia de Entre R\u00edos descont\u00f3 una muerte por coronavirus al adjudicarla a otra jurisdicci\u00f3n y qued\u00f3 con un acumulado de 2810.<\/p>\n<p>En la \u00faltima semana no informaron muertes por la pandemia Catamarca (770 acumuladas), Chaco (2.650), Corrientes (1733), Formosa (1302), La Rioja (1042), Mendoza (4963), Misiones (932), Neuqu\u00e9n (2568), San Juan (1236), San Luis (1603) y Santa Cruz (1093).<\/p>\n<p>Algunos especialistas consideran que la actual suba de casos es preocupante, por tratarse de grupos m\u00e1s j\u00f3venes con infecci\u00f3n leve que no se hacen la prueba y por ende no quedan registrados.<\/p>\n<p><a href=\"https:\/\/www.visionweb.com.ar\/wp-content\/uploads\/2022\/05\/vacunas-covid.bmp\"><img loading=\"lazy\" decoding=\"async\" class=\"size-full wp-image-5579 alignleft\" src=\"https:\/\/www.visionweb.com.ar\/wp-content\/uploads\/2022\/05\/vacunas-covid.bmp\" alt=\"\" width=\"315\" height=\"155\" \/><\/a>En ese sentido, el infect\u00f3logo Hugo Pizzi, del comit\u00e9 asesor del Gobierno sobre la pandemia,\u00a0explic\u00f3 d\u00edas pasados a los medios, que existen partidas de vacunas \u00abque\u00a0se est\u00e1n venciendo. Muchos vacunatorios cerraron porque la gente no iba a vacunarse\u00bb.<\/p>\n<p>Con respecto al incremento de contagios, explic\u00f3: \u00abEs una\u00a0gran preocupaci\u00f3n, porque\u00a0cuando empiezan a bajar las temperaturas se cierran las ventanas, la gente se abigarra en las habitaciones y ah\u00ed las v\u00edas a\u00e9reas superiores enganchan cualquier microorganismo que haya\u00bb, sostuvo el especialista en declaraciones radiales.<\/p>\n<p>A la vez advirti\u00f3, que actualmente \u00abhay un\u00a0subregistro<strong>\u00a0<\/strong>de los casos de coronavirus del que nadie habla\u00bb. Ante este escenario, el experto indic\u00f3 que \u00ablo ideal ser\u00eda estar vacunado con tres dosis contra el covid y tambi\u00e9n con la vacuna de la gripe\u00bb.<\/p>\n<p>Respecto a la campa\u00f1a de vacunaci\u00f3n contra el Sars Cov-2, Pizzi se\u00f1al\u00f3 que \u00abhay partidas de vacunas que se est\u00e1n venciendo y hay mucha gente que no se ha colocado la segunda o la tercera dosis\u00bb. Y agreg\u00f3 que \u00abhay muchos lugares que se hab\u00edan convertido en vacunatorios y tuvieron que cerrar porque no iba gente\u00bb.<\/p>\n<p>Con referencia a las vacunas, el Monitor P\u00fablico de Vacunaci\u00f3n contabiliz\u00f3 un total de dosis aplicadas de 99.481.347, de los cuales 40.732.502 recibieron una dosis, 37.319.564 las dos, 3.026.186 una adicional y 18.403.095 una de refuerzo, mientras que las vacunas distribuidas a las jurisdicciones llegan a 107.449.144 y las donadas a 5.083.000. <strong>(VW)<\/strong><\/p>\n<p>&nbsp;<\/p>\n","protected":false},"excerpt":{"rendered":"<p>Crecieron un 54 por ciento los casos positivos por Covid-19 en la \u00faltima semana. La cifra total de fallecidos en todo el pa\u00eds es de 128.729, seg\u00fan datos oficiales.<\/p>\n","protected":false},"author":4,"featured_media":5579,"comment_status":"closed","ping_status":"closed","sticky":false,"template":"","format":"standard","meta":{"_monsterinsights_skip_tracking":false,"_monsterinsights_sitenote_active":false,"_monsterinsights_sitenote_note":"","_monsterinsights_sitenote_category":0,"footnotes":""},"categories":[3],"tags":[2261,1615,1899,1622],"class_list":["post-5576","post","type-post","status-publish","format-standard","has-post-thumbnail","hentry","category-actualidad","tag-aumento-de-casos","tag-covud","tag-ministerio-de-salud","tag-reportes"],"_links":{"self":[{"href":"https:\/\/www.visionweb.com.ar\/index.php?rest_route=\/wp\/v2\/posts\/5576","targetHints":{"allow":["GET"]}}],"collection":[{"href":"https:\/\/www.visionweb.com.ar\/index.php?rest_route=\/wp\/v2\/posts"}],"about":[{"href":"https:\/\/www.visionweb.com.ar\/index.php?rest_route=\/wp\/v2\/types\/post"}],"author":[{"embeddable":true,"href":"https:\/\/www.visionweb.com.ar\/index.php?rest_route=\/wp\/v2\/users\/4"}],"replies":[{"embeddable":true,"href":"https:\/\/www.visionweb.com.ar\/index.php?rest_route=%2Fwp%2Fv2%2Fcomments&post=5576"}],"version-history":[{"count":2,"href":"https:\/\/www.visionweb.com.ar\/index.php?rest_route=\/wp\/v2\/posts\/5576\/revisions"}],"predecessor-version":[{"id":5580,"href":"https:\/\/www.visionweb.com.ar\/index.php?rest_route=\/wp\/v2\/posts\/5576\/revisions\/5580"}],"wp:featuredmedia":[{"embeddable":true,"href":"https:\/\/www.visionweb.com.ar\/index.php?rest_route=\/wp\/v2\/media\/5579"}],"wp:attachment":[{"href":"https:\/\/www.visionweb.com.ar\/index.php?rest_route=%2Fwp%2Fv2%2Fmedia&parent=5576"}],"wp:term":[{"taxonomy":"category","embeddable":true,"href":"https:\/\/www.visionweb.com.ar\/index.php?rest_route=%2Fwp%2Fv2%2Fcategories&post=5576"},{"taxonomy":"post_tag","embeddable":true,"href":"https:\/\/www.visionweb.com.ar\/index.php?rest_route=%2Fwp%2Fv2%2Ftags&post=5576"}],"curies":[{"name":"wp","href":"https:\/\/api.w.org\/{rel}","templated":true}]}}