{"id":5567,"date":"2022-05-09T13:11:28","date_gmt":"2022-05-09T16:11:28","guid":{"rendered":"https:\/\/www.visionweb.com.ar\/?p=5567"},"modified":"2022-05-09T13:13:30","modified_gmt":"2022-05-09T16:13:30","slug":"acumar-presento-el-centro-documental-de-la-cuenca","status":"publish","type":"post","link":"https:\/\/www.visionweb.com.ar\/?p=5567","title":{"rendered":"ACUMAR present\u00f3 el centro documental de la Cuenca"},"content":{"rendered":"<p><strong><em>La plataforma digital re\u00fane m\u00e1s de cinco mil im\u00e1genes y documentos hist\u00f3ricos de archivos de instituciones, organizaciones, personas particulares y materiales producidos por <\/em><em>ACUMAR<\/em>.<\/strong><!--more--><\/p>\n<p><strong>\u00a0 \u00a0 <img loading=\"lazy\" decoding=\"async\" class=\"size-medium wp-image-5571 alignright\" src=\"https:\/\/www.visionweb.com.ar\/wp-content\/uploads\/2022\/05\/desde-una-app-300x200.png\" alt=\"\" width=\"300\" height=\"200\" srcset=\"https:\/\/www.visionweb.com.ar\/wp-content\/uploads\/2022\/05\/desde-una-app-300x200.png 300w, https:\/\/www.visionweb.com.ar\/wp-content\/uploads\/2022\/05\/desde-una-app-1024x683.png 1024w, https:\/\/www.visionweb.com.ar\/wp-content\/uploads\/2022\/05\/desde-una-app-768x512.png 768w, https:\/\/www.visionweb.com.ar\/wp-content\/uploads\/2022\/05\/desde-una-app-1536x1024.png 1536w, https:\/\/www.visionweb.com.ar\/wp-content\/uploads\/2022\/05\/desde-una-app.png 1920w\" sizes=\"auto, (max-width: 300px) 100vw, 300px\" \/>L<\/strong>uego de un largo trabajo de recopilaci\u00f3n de documentaci\u00f3n y fotograf\u00edas, en muchos casos aportados por los vecinos , ACUMAR present\u00f3 el Centro Documental de la Cuenca Matanza Riachuelo.<\/p>\n<p>La presentaci\u00f3n se concret\u00f3 el jueves \u00faltimo en el Archivo General de la Naci\u00f3n y se trata de una plataforma digital que busca convertirse en una referencia para estudiantes, docentes, equipos de investigaci\u00f3n, medios de prensa.<\/p>\n<p>A la plataforma, adem\u00e1s tendr\u00e1 acceso toda la ciudadan\u00eda interesada en la historia, el patrimonio y la cultura de la Cuenca, con el objetivo de contribuir a la creaci\u00f3n de nuevos imaginarios e ideas acerca del territorio.<\/p>\n<p>El encuentro titulado \u201cEl aporte de los archivos a la recuperaci\u00f3n del ambiente\u201d cont\u00f3 con la participaci\u00f3n de representantes del organismo, de la Biblioteca Nacional Mariano Moreno, del Archivo General de la Naci\u00f3n y de la Universidad Nacional de Tres de Febrero (UNTREF).<\/p>\n<p>Moder\u00f3 la jornada la directora de Fortalecimiento Comunitario y Promoci\u00f3n del Desarrollo de ACUMAR, Mar\u00eda Jos\u00e9 Parra, en la que expusieron el director del Archivo General de la Naci\u00f3n, Pablo Fontdevila, el coordinador de Comunicaci\u00f3n y Acci\u00f3n Cultural del Archivo General de la Naci\u00f3n, Diego Echezarreta, la coordinadora de Cultura y Patrimonio de ACUMAR, Mar\u00eda Lorena Su\u00e1rez y el coordinador de MUNTREF Centro de Arte y Naturaleza, Pablo Lapadula.<\/p>\n<p>\u201cEn esta etapa de gesti\u00f3n del organismo, adem\u00e1s de dinamizar las iniciativas que hacen al saneamiento de la Cuenca, se impulsan proyectos, sistematizan y difunden las expresiones y experiencias sociales positivas que tambi\u00e9n hacen a la vida y a la historia de los pueblos. Este proyecto re\u00fane las mejores experiencias de la archiv\u00edstica nacional, pero tambi\u00e9n los aportes de las colecciones privadas y de la participaci\u00f3n social y comunitaria en un repositorio abierto que conecta nuestra historia con la capacidad humana de imaginar, recrear y construir formas nuevas, cuidadas y comunitarias, de vincularnos con el territorio que habitamos\u201d, destac\u00f3 Parra.<\/p>\n<p><img loading=\"lazy\" decoding=\"async\" class=\"size-medium wp-image-5572 alignleft\" src=\"https:\/\/www.visionweb.com.ar\/wp-content\/uploads\/2022\/05\/CENTRO-DE-DOCUMENTACION-300x200.png\" alt=\"\" width=\"300\" height=\"200\" srcset=\"https:\/\/www.visionweb.com.ar\/wp-content\/uploads\/2022\/05\/CENTRO-DE-DOCUMENTACION-300x200.png 300w, https:\/\/www.visionweb.com.ar\/wp-content\/uploads\/2022\/05\/CENTRO-DE-DOCUMENTACION-1024x683.png 1024w, https:\/\/www.visionweb.com.ar\/wp-content\/uploads\/2022\/05\/CENTRO-DE-DOCUMENTACION-768x512.png 768w, https:\/\/www.visionweb.com.ar\/wp-content\/uploads\/2022\/05\/CENTRO-DE-DOCUMENTACION-1536x1024.png 1536w, https:\/\/www.visionweb.com.ar\/wp-content\/uploads\/2022\/05\/CENTRO-DE-DOCUMENTACION.png 1920w\" sizes=\"auto, (max-width: 300px) 100vw, 300px\" \/>Durante el encuentro se expuso sobre la creaci\u00f3n y gesti\u00f3n del Centro Documental de la Cuenca y se abord\u00f3 el potencial de los archivos en procesos de recuperaci\u00f3n ambiental, y en particular sus aportes a la revaloraci\u00f3n social del territorio, sus paisajes e imaginarios.<\/p>\n<p>Tambi\u00e9n se convers\u00f3 sobre el trabajo realizado para que los documentos puedan incorporarse a las colecciones p\u00fablicas y los beneficios de los sistemas de c\u00f3digo abierto, adem\u00e1s quienes asistieron tuvieron la oportunidad de tomar la palabra pudiendo realizar sus consultas, como as\u00ed tambi\u00e9n expresar sus aportes.<\/p>\n<p>El Centro Documental cataloga, preserva y difunde registros a los que hasta ahora era dif\u00edcil acceder por encontrarse dispersos en numerosos archivos, diferentes soportes y medios de prensa, entre otros, y que resultan de inter\u00e9s para la historia y el presente del territorio.<\/p>\n<p>\u201cExisten imaginarios negativos, un imaginario donde est\u00e1 todo perdido, a mucha gente incluso le cuesta imaginar usos en torno al r\u00edo, y la cultura viene a trabajar para revertir eso, con la posibilidad de recuperarlo\u201d, asegur\u00f3 Su\u00e1rez.<\/p>\n<p>Entre los recursos disponibles se destacan las amplias colecciones de im\u00e1genes del Archivo General de la Naci\u00f3n y de la Biblioteca Nacional sobre la vida social y productiva en las orillas del r\u00edo entre fines del siglo XIX y mediados del siglo XX, im\u00e1genes recientes tomadas por ACUMAR durante su trabajo en el territorio, de paisajes de los distintos sectores de la Cuenca, en sus zonas urbanas y rurales.<\/p>\n<p>Quienes quieran colaborar con fotos, videos o documentos de inter\u00e9s pueden escribir a culturaypatrimonio@acumar.gov.ar. <strong>(VW)<\/strong><\/p>\n","protected":false},"excerpt":{"rendered":"<p>La plataforma digital re\u00fane m\u00e1s de cinco mil im\u00e1genes y documentos hist\u00f3ricos de archivos de instituciones, organizaciones, personas particulares y materiales producidos por ACUMAR.<\/p>\n","protected":false},"author":3,"featured_media":5571,"comment_status":"closed","ping_status":"closed","sticky":false,"template":"","format":"standard","meta":{"_monsterinsights_skip_tracking":false,"_monsterinsights_sitenote_active":false,"_monsterinsights_sitenote_note":"","_monsterinsights_sitenote_category":0,"footnotes":""},"categories":[7],"tags":[],"class_list":["post-5567","post","type-post","status-publish","format-standard","has-post-thumbnail","hentry","category-educacion-y-cultura"],"_links":{"self":[{"href":"https:\/\/www.visionweb.com.ar\/index.php?rest_route=\/wp\/v2\/posts\/5567","targetHints":{"allow":["GET"]}}],"collection":[{"href":"https:\/\/www.visionweb.com.ar\/index.php?rest_route=\/wp\/v2\/posts"}],"about":[{"href":"https:\/\/www.visionweb.com.ar\/index.php?rest_route=\/wp\/v2\/types\/post"}],"author":[{"embeddable":true,"href":"https:\/\/www.visionweb.com.ar\/index.php?rest_route=\/wp\/v2\/users\/3"}],"replies":[{"embeddable":true,"href":"https:\/\/www.visionweb.com.ar\/index.php?rest_route=%2Fwp%2Fv2%2Fcomments&post=5567"}],"version-history":[{"count":3,"href":"https:\/\/www.visionweb.com.ar\/index.php?rest_route=\/wp\/v2\/posts\/5567\/revisions"}],"predecessor-version":[{"id":5575,"href":"https:\/\/www.visionweb.com.ar\/index.php?rest_route=\/wp\/v2\/posts\/5567\/revisions\/5575"}],"wp:featuredmedia":[{"embeddable":true,"href":"https:\/\/www.visionweb.com.ar\/index.php?rest_route=\/wp\/v2\/media\/5571"}],"wp:attachment":[{"href":"https:\/\/www.visionweb.com.ar\/index.php?rest_route=%2Fwp%2Fv2%2Fmedia&parent=5567"}],"wp:term":[{"taxonomy":"category","embeddable":true,"href":"https:\/\/www.visionweb.com.ar\/index.php?rest_route=%2Fwp%2Fv2%2Fcategories&post=5567"},{"taxonomy":"post_tag","embeddable":true,"href":"https:\/\/www.visionweb.com.ar\/index.php?rest_route=%2Fwp%2Fv2%2Ftags&post=5567"}],"curies":[{"name":"wp","href":"https:\/\/api.w.org\/{rel}","templated":true}]}}