{"id":5562,"date":"2022-05-09T12:10:21","date_gmt":"2022-05-09T15:10:21","guid":{"rendered":"https:\/\/www.visionweb.com.ar\/?p=5562"},"modified":"2022-05-09T12:10:21","modified_gmt":"2022-05-09T15:10:21","slug":"el-con-urbano-sur-lidera-la-desocupacion-entre-varones","status":"publish","type":"post","link":"https:\/\/www.visionweb.com.ar\/?p=5562","title":{"rendered":"El con-urbano sur lidera la desocupaci\u00f3n entre varones"},"content":{"rendered":"<p><strong><em>Los \u00edndices m\u00e1s elevados de desempleo se detectaron en el sur del GBA, pero se observa una leve recuperaci\u00f3n del empleo genuino en el oeste y en el norte.<\/em><\/strong>\u00a0 <!--more--><\/p>\n<div id=\"attachment_5563\" style=\"width: 310px\" class=\"wp-caption alignleft\"><img loading=\"lazy\" decoding=\"async\" aria-describedby=\"caption-attachment-5563\" class=\"wp-image-5563 size-medium\" src=\"https:\/\/www.visionweb.com.ar\/wp-content\/uploads\/2022\/05\/DESOCUPACION-300x187.png\" alt=\"\" width=\"300\" height=\"187\" srcset=\"https:\/\/www.visionweb.com.ar\/wp-content\/uploads\/2022\/05\/DESOCUPACION-300x187.png 300w, https:\/\/www.visionweb.com.ar\/wp-content\/uploads\/2022\/05\/DESOCUPACION-768x478.png 768w, https:\/\/www.visionweb.com.ar\/wp-content\/uploads\/2022\/05\/DESOCUPACION.png 800w\" sizes=\"auto, (max-width: 300px) 100vw, 300px\" \/><p id=\"caption-attachment-5563\" class=\"wp-caption-text\"><strong><em>En varias localidades del GBA se observa largas colas para cubrir un puesto de trabajo.<\/em><\/strong><\/p><\/div>\n<p><strong>\u00a0 \u00a0 \u00a0 U<\/strong>n informe elaborado por la Universidad Nacional de General Sarmiento (UNGS) dete3ct\u00f3 que en la tercera secci\u00f3n electoral se registran los mayores \u00edndices de desocupaci\u00f3n entre los varones.<\/p>\n<p>El estudio, desarrollado por del Observatorio del Conurbano de la UNGS, asegura que se detect\u00f3 una alta tasa de\u00a0 de informalidad laboral y desocupaci\u00f3n, con una mayor\u00a0 concentr\u00e1ndose en Lan\u00fas y alrededores.<\/p>\n<p>A trav\u00e9s del informe \u201cPanorama del mercado de trabajo: impactos de una crisis de m\u00faltiples aristas\u201d, los investigadores se\u00f1alan que hay una \u00abpersistencia de un escenario fuertemente complejo\u00bb, que tiene lugar debido a \u00ablos efectos perjudiciales prepandemia (asociados al \u00faltimo ciclo neoliberal) como los propios de la pandemia todav\u00eda vigentes\u00bb.<\/p>\n<p>A esta caracterizaci\u00f3n se suman las \u00abconsecuencias de la guerra entre Rusia y Ucrania, que repercute en el incremento acelerado de los precios de la canasta b\u00e1sica\u00bb, indicaron los investigadores.<\/p>\n<p>Los datos indican que en los 24 partidos del Gran Buenos Aires hubo un proceso sistem\u00e1tico de p\u00e9rdida de empleo registrado entre 2015 y 2019, con excepci\u00f3n de San Miguel, Moreno, Malvinas Argentinas y Jos\u00e9 C. Paz (subregi\u00f3n noroeste 2), municipios que presentan un desempe\u00f1o de largo plazo por encima del punto de partida del per\u00edodo.<\/p>\n<p>En tanto, en 2020, los principales impactos en t\u00e9rminos de empleo se advierten en la subregi\u00f3n norte (Vicente L\u00f3pez, Tigre, San Isidro y San Fernando), con una ca\u00edda de 17.000 puestos entre 2019 y 2020, frente a una ca\u00edda de 3.300 en la zona oeste, mientras que entre 2020 y 2021 se observan repuntes con creaci\u00f3n neta de empleo en la zona noroeste 2 (Jos\u00e9 C. Paz, Malvinas Argentinas, Moreno y San Miguel) y en la zona norte.<\/p>\n<p>Para el 1er trimestre de 2021, en un contexto de repunte de la actividad econ\u00f3mica, observaron una tasa de actividad y una tasa de empleo del conurbano bonaerense altas, que superan en un punto porcentual al promedio de la Provincia de Buenos Aires.<\/p>\n<p>\u00abPuede advertirse tambi\u00e9n que, por lo general, la creaci\u00f3n de empleo registrado, y en el sector manufacturero en particular, cobra mayor fuerza en los municipios del segundo y tercer cord\u00f3n que en los del primero, con establecimientos m\u00e1s peque\u00f1os y menor personal\u00bb, indica el informe.<\/p>\n<p>Por otro lado, sostienen que en el primer trimestre de 2021, la tasa de desocupaci\u00f3n se mantuvo 1 punto por encima del promedio provincial, alcanzando el 12,9%. Los valores m\u00e1s altos se observan en Hurlingham, Ituzaing\u00f3, Jos\u00e9 C. Paz, Malvinas Argentinas, San Fernando, San Miguel y Tigre, con 17,2%, y en La Matanza, Merlo y Moreno, con 14,3%.<\/p>\n<p>En este marco, destacaron importantes heterogeneidades intrarregionales, como las relacionadas con la brecha de g\u00e9nero. El equipo del Instituto del Conurbano (ICO-UNGS) detall\u00f3 que \u00abla tasa de desocupaci\u00f3n en mujeres es fuertemente superior a la de los hombres en el conurbano bonaerense con 16,6%, contra el 9,7%, respectivamente\u00bb.<\/p>\n<p>Las cifras m\u00e1s elevadas de desocupaci\u00f3n de las mujeres se observan en el Conurbano Oeste (La Matanza, Merlo y Moreno), y en el Periurbano Norte, mientras que las cifras m\u00e1s altas de los hombres se advierten en el Conurbano Sur (Avellaneda, Lan\u00fas, Lomas de Zamora y Quilmes) y Periurbano Norte.<\/p>\n<p>Respecto de la informalidad, informaron que alcanz\u00f3 al 38,8%, con sus valores m\u00e1s altos en el Conurbano Oeste con 47,6%, seguido por el Periurbano Sur (Almirante Brown, Berazategui, Esteban Echeverr\u00eda, Ezeiza y Florencio Varela), Periurbano Norte (Hurlingham, Ituzaing\u00f3, Jos\u00e9 C. Paz, Malvinas Argentinas, San Fernando, San Miguel y Tigre) y Conurbano Sur<strong>(VW)<\/strong>.<\/p>\n","protected":false},"excerpt":{"rendered":"<p>Los \u00edndices m\u00e1s elevados de desempleo se detectaron en el sur del GBA, pero se observa una leve recuperaci\u00f3n del empleo genuino en el oeste y en el norte.\u00a0<\/p>\n","protected":false},"author":3,"featured_media":5563,"comment_status":"closed","ping_status":"closed","sticky":false,"template":"","format":"standard","meta":{"_monsterinsights_skip_tracking":false,"_monsterinsights_sitenote_active":false,"_monsterinsights_sitenote_note":"","_monsterinsights_sitenote_category":0,"footnotes":""},"categories":[5],"tags":[2256,2000,1662,2257],"class_list":["post-5562","post","type-post","status-publish","format-standard","has-post-thumbnail","hentry","category-sociedad","tag-despocupacion","tag-empleo","tag-gba","tag-ungs"],"_links":{"self":[{"href":"https:\/\/www.visionweb.com.ar\/index.php?rest_route=\/wp\/v2\/posts\/5562","targetHints":{"allow":["GET"]}}],"collection":[{"href":"https:\/\/www.visionweb.com.ar\/index.php?rest_route=\/wp\/v2\/posts"}],"about":[{"href":"https:\/\/www.visionweb.com.ar\/index.php?rest_route=\/wp\/v2\/types\/post"}],"author":[{"embeddable":true,"href":"https:\/\/www.visionweb.com.ar\/index.php?rest_route=\/wp\/v2\/users\/3"}],"replies":[{"embeddable":true,"href":"https:\/\/www.visionweb.com.ar\/index.php?rest_route=%2Fwp%2Fv2%2Fcomments&post=5562"}],"version-history":[{"count":1,"href":"https:\/\/www.visionweb.com.ar\/index.php?rest_route=\/wp\/v2\/posts\/5562\/revisions"}],"predecessor-version":[{"id":5564,"href":"https:\/\/www.visionweb.com.ar\/index.php?rest_route=\/wp\/v2\/posts\/5562\/revisions\/5564"}],"wp:featuredmedia":[{"embeddable":true,"href":"https:\/\/www.visionweb.com.ar\/index.php?rest_route=\/wp\/v2\/media\/5563"}],"wp:attachment":[{"href":"https:\/\/www.visionweb.com.ar\/index.php?rest_route=%2Fwp%2Fv2%2Fmedia&parent=5562"}],"wp:term":[{"taxonomy":"category","embeddable":true,"href":"https:\/\/www.visionweb.com.ar\/index.php?rest_route=%2Fwp%2Fv2%2Fcategories&post=5562"},{"taxonomy":"post_tag","embeddable":true,"href":"https:\/\/www.visionweb.com.ar\/index.php?rest_route=%2Fwp%2Fv2%2Ftags&post=5562"}],"curies":[{"name":"wp","href":"https:\/\/api.w.org\/{rel}","templated":true}]}}