{"id":5559,"date":"2022-05-09T11:44:27","date_gmt":"2022-05-09T14:44:27","guid":{"rendered":"https:\/\/www.visionweb.com.ar\/?p=5559"},"modified":"2022-05-09T11:44:27","modified_gmt":"2022-05-09T14:44:27","slug":"lomas-de-zamora-se-puso-en-marcha-un-nuevo-centro-para-la-prevencion-del-cancer","status":"publish","type":"post","link":"https:\/\/www.visionweb.com.ar\/?p=5559","title":{"rendered":"Lomas de Zamora: Se puso en marcha un nuevo centro para la prevenci\u00f3n del c\u00e1ncer"},"content":{"rendered":"<p><strong><em>El nuevo espacio de salud atiende a pacientes para prevenir el c\u00e1ncer de cuello uterino y de mamas. Los pasos para sacar turno.<\/em><\/strong><!--more--><\/p>\n<p><strong>\u00a0 \u00a0 \u00a0 <img loading=\"lazy\" decoding=\"async\" class=\"size-medium wp-image-5560 alignright\" src=\"https:\/\/www.visionweb.com.ar\/wp-content\/uploads\/2022\/05\/CENTRO-E-ATENCION-PRIMARIA-PARA-LA-PREVENCION-DEL-CANCER-300x200.png\" alt=\"\" width=\"300\" height=\"200\" srcset=\"https:\/\/www.visionweb.com.ar\/wp-content\/uploads\/2022\/05\/CENTRO-E-ATENCION-PRIMARIA-PARA-LA-PREVENCION-DEL-CANCER-300x200.png 300w, https:\/\/www.visionweb.com.ar\/wp-content\/uploads\/2022\/05\/CENTRO-E-ATENCION-PRIMARIA-PARA-LA-PREVENCION-DEL-CANCER-768x512.png 768w, https:\/\/www.visionweb.com.ar\/wp-content\/uploads\/2022\/05\/CENTRO-E-ATENCION-PRIMARIA-PARA-LA-PREVENCION-DEL-CANCER.png 800w\" sizes=\"auto, (max-width: 300px) 100vw, 300px\" \/> \u00a0U<\/strong>n Centro Integral de Salud (CIS) especializado en prevenci\u00f3n de c\u00e1ncer de cuello de \u00fatero y de mama, que se dedica a la prevenci\u00f3n y detecci\u00f3n temprana para tratamiento, fue inaugurado en la Unidad Sanitaria Doctor Federico Payas, en Llavallol.<\/p>\n<p>Las nuevas instalaciones cuentan con \u201cm\u00faltiples servicios de atenci\u00f3n y avanzada tecnolog\u00eda para poder brindar un servicio profesional y de calidad\u201d, afirm\u00f3 la intendenta interina de Lomas de Zamora, Marina Lesci, quien recorri\u00f3 el nuevo servicio\u00a0junto al secretario de Salud, Mariano Ortega Soler, la secretaria de Innovaci\u00f3n y Control, Alejandra Insaurralde, y la subsecretaria de Atenci\u00f3n Primaria de Salud del Municipio, Sonia Nanni.<\/p>\n<p>Los pacientes podr\u00e1n ser derivados all\u00ed para recibir una atenci\u00f3n integral y realizarse los estudios correspondientes, ya que el centro cuenta con video colposcopio digital, ec\u00f3grafo de \u00faltima generaci\u00f3n, toco ginec\u00f3logas, enfermer\u00eda, cl\u00ednica m\u00e9dica, pediatr\u00eda, odontolog\u00eda, nutrici\u00f3n y psicopedagog\u00eda.<\/p>\n<p><strong>D\u00f3nde queda y c\u00f3mo sacar los turnos para atenderse<\/strong><\/p>\n<p>Los turnos se podr\u00e1n gestionar a trav\u00e9s de la\u00a0<a href=\"https:\/\/www.lomasdezamora.gov.ar\/TurnosSalud.aspx\" target=\"_blank\" rel=\"noreferrer noopener\" data-type=\"URL\" data-id=\"https:\/\/www.lomasdezamora.gov.ar\/TurnosSalud.aspx\">web<\/a>\u00a0del Municipio o de manera presencial en la Unidad Sanitaria\u00a0Doctor Federico Payas, ubicada en Doyhenard 1240, en Llavallol, donde tambi\u00e9n hay psicolog\u00eda, enfermer\u00eda y vacunaci\u00f3n, cl\u00ednica m\u00e9dica, pediatr\u00eda, odontolog\u00eda, nutrici\u00f3n y psicopedagog\u00eda.<\/p>\n","protected":false},"excerpt":{"rendered":"<p>El nuevo espacio de salud atiende a pacientes para prevenir el c\u00e1ncer de cuello uterino y de mamas. Los pasos para sacar turno.<\/p>\n","protected":false},"author":3,"featured_media":5560,"comment_status":"closed","ping_status":"closed","sticky":false,"template":"","format":"standard","meta":{"_monsterinsights_skip_tracking":false,"_monsterinsights_sitenote_active":false,"_monsterinsights_sitenote_note":"","_monsterinsights_sitenote_category":0,"footnotes":""},"categories":[5],"tags":[2253,2255,2254],"class_list":["post-5559","post","type-post","status-publish","format-standard","has-post-thumbnail","hentry","category-sociedad","tag-cancer","tag-cuello-uterino","tag-mamas"],"_links":{"self":[{"href":"https:\/\/www.visionweb.com.ar\/index.php?rest_route=\/wp\/v2\/posts\/5559","targetHints":{"allow":["GET"]}}],"collection":[{"href":"https:\/\/www.visionweb.com.ar\/index.php?rest_route=\/wp\/v2\/posts"}],"about":[{"href":"https:\/\/www.visionweb.com.ar\/index.php?rest_route=\/wp\/v2\/types\/post"}],"author":[{"embeddable":true,"href":"https:\/\/www.visionweb.com.ar\/index.php?rest_route=\/wp\/v2\/users\/3"}],"replies":[{"embeddable":true,"href":"https:\/\/www.visionweb.com.ar\/index.php?rest_route=%2Fwp%2Fv2%2Fcomments&post=5559"}],"version-history":[{"count":1,"href":"https:\/\/www.visionweb.com.ar\/index.php?rest_route=\/wp\/v2\/posts\/5559\/revisions"}],"predecessor-version":[{"id":5561,"href":"https:\/\/www.visionweb.com.ar\/index.php?rest_route=\/wp\/v2\/posts\/5559\/revisions\/5561"}],"wp:featuredmedia":[{"embeddable":true,"href":"https:\/\/www.visionweb.com.ar\/index.php?rest_route=\/wp\/v2\/media\/5560"}],"wp:attachment":[{"href":"https:\/\/www.visionweb.com.ar\/index.php?rest_route=%2Fwp%2Fv2%2Fmedia&parent=5559"}],"wp:term":[{"taxonomy":"category","embeddable":true,"href":"https:\/\/www.visionweb.com.ar\/index.php?rest_route=%2Fwp%2Fv2%2Fcategories&post=5559"},{"taxonomy":"post_tag","embeddable":true,"href":"https:\/\/www.visionweb.com.ar\/index.php?rest_route=%2Fwp%2Fv2%2Ftags&post=5559"}],"curies":[{"name":"wp","href":"https:\/\/api.w.org\/{rel}","templated":true}]}}