{"id":5546,"date":"2022-05-07T12:17:34","date_gmt":"2022-05-07T15:17:34","guid":{"rendered":"https:\/\/www.visionweb.com.ar\/?p=5546"},"modified":"2022-05-07T12:48:22","modified_gmt":"2022-05-07T15:48:22","slug":"dirigentes-de-la-ucr-y-el-gen-de-lanus-se-proponen-trabajar-en-conjunto","status":"publish","type":"post","link":"https:\/\/www.visionweb.com.ar\/?p=5546","title":{"rendered":"Dirigentes de la UCR y el GEN de Lan\u00fas se proponen trabajar en conjunto"},"content":{"rendered":"<p><strong><em>El encuentro entre los dirigentes de la UCR y el GEN local, (la agrupaci\u00f3n pol\u00edtica fundada por Margarita Stolbizer) es el moj\u00f3n de partida para llevar adelante una serie de acciones conjuntas en Lan\u00fas con el foco puesto en el medio ambiente.<\/em><\/strong> <!--more--><\/p>\n<div id=\"attachment_5547\" style=\"width: 310px\" class=\"wp-caption alignright\"><img loading=\"lazy\" decoding=\"async\" aria-describedby=\"caption-attachment-5547\" class=\"wp-image-5547 size-medium\" src=\"https:\/\/www.visionweb.com.ar\/wp-content\/uploads\/2022\/05\/GEN-RADICALES-300x137.png\" alt=\"\" width=\"300\" height=\"137\" srcset=\"https:\/\/www.visionweb.com.ar\/wp-content\/uploads\/2022\/05\/GEN-RADICALES-300x137.png 300w, https:\/\/www.visionweb.com.ar\/wp-content\/uploads\/2022\/05\/GEN-RADICALES-768x350.png 768w, https:\/\/www.visionweb.com.ar\/wp-content\/uploads\/2022\/05\/GEN-RADICALES.png 800w\" sizes=\"auto, (max-width: 300px) 100vw, 300px\" \/><p id=\"caption-attachment-5547\" class=\"wp-caption-text\"><em><strong>Una instancia de la reuni\u00f3n que se concret\u00f3 d\u00edas pasados en la sede distrital de la UCR (Foto: Getileza GEN)<\/strong><\/em><\/p><\/div>\n<p><strong>\u00a0 \u00a0 \u00a0 \u00a0C<\/strong>on la mirada puesta en generar un espacio de trabajo conjunto, la conducci\u00f3n de la UCR (Uni\u00f3n C\u00edvica Radical) y del GEN (Generaci\u00f3n para un Encuentro Nacional), Lan\u00fas,\u00a0 se reunieron este mi\u00e9rcoles en la sede distrital del partido fundado por Leandro N. Alem .<\/p>\n<p>En la reuni\u00f3n los dirigentes de las dos agrupaciones pol\u00edticas, integrantes de Juntos por el Cambio, acordaron estableces una estrategia para llevar adelante diversas acciones para atender la problem\u00e1tica de los espacios verdes y urbanisticos.<\/p>\n<p>\u201cLa idea es generar un espacio de trabajo para generar acciones conjuntas\u00a0 para poner en marcha un proyecto de medio ambiente en el municipio\u00a0 que incluya a las huertas\u201d, dijeron a <a href=\"http:\/\/www.visionweb.com.ar\">www.visionweb.com.ar<\/a>, fuentes cercanas a la reuni\u00f3n.<\/p>\n<p>La iniciativa propuesta por los protagonistas del encuentro, apunta adem\u00e1s a capacitar a algunas personas para que actuar como \u00a0promotores ambientales.<\/p>\n<p>Desde la dirigencia del GEN reconocieron tambi\u00e9n que en la reuni\u00f3n se trataron algunos temas coyunturales, pero, aclararon, se trabaja para consolidar una integraci\u00f3n con el Frente de Juntos por el Cambio en el espacio Empat\u00eda por Lan\u00fas \u201cpara incorporar nuevas voces a la coalici\u00f3n\u201d, detallaron fuentes del encuentro.<\/p>\n<p>Entre los referentes pol\u00edticos asistieron\u00a0 el titular de la UCR Leandro Bechara, junto a los miembros de la Mesa Mirian Mart\u00edn, Mario Ledesma, Gustavo Hornos, Carlos Zerbo y Jorge Astone, y el concejal Emiliano Bursese.<\/p>\n<p>En tanto por parte\u00a0 del GEN (Lan\u00fas) asistieron el presidente Daniel L\u00f3pez y los dirigentes Luis Belvisiotti y Gerardo Solari.<\/p>\n<p>La semana pr\u00f3xima habr\u00e1 un nuevo encuentro para comenzar a armar una agenda de trabajo con objetivos esperables de mediano y largo plazo. <strong>(VW)<\/strong><\/p>\n<p>&nbsp;<\/p>\n","protected":false},"excerpt":{"rendered":"<p>El encuentro entre los dirigentes de la UCR y el GEN local, (la agrupaci\u00f3n pol\u00edtica fundada por Margarita Stolbizer) es el moj\u00f3n de partida para llevar adelante una serie de acciones conjuntas en Lan\u00fas&#46;&#46;&#46;<\/p>\n","protected":false},"author":3,"featured_media":5547,"comment_status":"closed","ping_status":"closed","sticky":false,"template":"","format":"standard","meta":{"_monsterinsights_skip_tracking":false,"_monsterinsights_sitenote_active":false,"_monsterinsights_sitenote_note":"","_monsterinsights_sitenote_category":0,"footnotes":""},"categories":[4],"tags":[678,19,551],"class_list":["post-5546","post","type-post","status-publish","format-standard","has-post-thumbnail","hentry","category-politica","tag-gen","tag-lanus","tag-ucr"],"_links":{"self":[{"href":"https:\/\/www.visionweb.com.ar\/index.php?rest_route=\/wp\/v2\/posts\/5546","targetHints":{"allow":["GET"]}}],"collection":[{"href":"https:\/\/www.visionweb.com.ar\/index.php?rest_route=\/wp\/v2\/posts"}],"about":[{"href":"https:\/\/www.visionweb.com.ar\/index.php?rest_route=\/wp\/v2\/types\/post"}],"author":[{"embeddable":true,"href":"https:\/\/www.visionweb.com.ar\/index.php?rest_route=\/wp\/v2\/users\/3"}],"replies":[{"embeddable":true,"href":"https:\/\/www.visionweb.com.ar\/index.php?rest_route=%2Fwp%2Fv2%2Fcomments&post=5546"}],"version-history":[{"count":4,"href":"https:\/\/www.visionweb.com.ar\/index.php?rest_route=\/wp\/v2\/posts\/5546\/revisions"}],"predecessor-version":[{"id":5557,"href":"https:\/\/www.visionweb.com.ar\/index.php?rest_route=\/wp\/v2\/posts\/5546\/revisions\/5557"}],"wp:featuredmedia":[{"embeddable":true,"href":"https:\/\/www.visionweb.com.ar\/index.php?rest_route=\/wp\/v2\/media\/5547"}],"wp:attachment":[{"href":"https:\/\/www.visionweb.com.ar\/index.php?rest_route=%2Fwp%2Fv2%2Fmedia&parent=5546"}],"wp:term":[{"taxonomy":"category","embeddable":true,"href":"https:\/\/www.visionweb.com.ar\/index.php?rest_route=%2Fwp%2Fv2%2Fcategories&post=5546"},{"taxonomy":"post_tag","embeddable":true,"href":"https:\/\/www.visionweb.com.ar\/index.php?rest_route=%2Fwp%2Fv2%2Ftags&post=5546"}],"curies":[{"name":"wp","href":"https:\/\/api.w.org\/{rel}","templated":true}]}}