{"id":5540,"date":"2022-05-06T11:10:49","date_gmt":"2022-05-06T14:10:49","guid":{"rendered":"https:\/\/www.visionweb.com.ar\/?p=5540"},"modified":"2022-05-06T11:12:55","modified_gmt":"2022-05-06T14:12:55","slug":"diputados-convirtio-en-ley-el-desarrollo-del-cannabis-medicinal","status":"publish","type":"post","link":"https:\/\/www.visionweb.com.ar\/?p=5540","title":{"rendered":"Diputados convirti\u00f3 en ley el desarrollo del cannabis medicinal"},"content":{"rendered":"<p><em><strong>El proyecto Cannabis Medicinal finalmente se convirti\u00f3 en ley, con 155 votos positivos, 56 negativos y 19 abstenciones. Tambi\u00e9n Diputados aprob\u00f3 y gir\u00f3 al Senado el abordaje integral por enfermedades de VIH, Hepatitis y Tuberculosis, y la pr\u00f3rroga del blanqueo de capitales.<\/strong><\/em><!--more--><\/p>\n<div id=\"attachment_5542\" style=\"width: 586px\" class=\"wp-caption aligncenter\"><img loading=\"lazy\" decoding=\"async\" aria-describedby=\"caption-attachment-5542\" class=\"wp-image-5542 size-full\" src=\"https:\/\/www.visionweb.com.ar\/wp-content\/uploads\/2022\/05\/cannabis-medicinal-aprobado-el-proyecto-5-3-22.bmp\" alt=\"\" width=\"576\" height=\"359\" \/><p id=\"caption-attachment-5542\" class=\"wp-caption-text\">Carolina Gaillard: \u00abHay miles de familias que est\u00e1n esperando este dictamen, el dolor no puede esperar\u00bb . (Imagen: internet)<\/p><\/div>\n<p><strong>\u00a0<\/strong><strong>\u00a0\u00a0 \u00a0\u00a0\u00a0\u00a0\u00a0\u00a0\u00a0\u00a0\u00a0\u00a0 L<\/strong>a C\u00e1mara baja, en la sesi\u00f3n especial de ayer, convirti\u00f3 en ley el proyecto que establece el marco regulatorio para la inversi\u00f3n p\u00fablica y privada en toda la cadena del Cannabis Medicinal y Ca\u00f1amo Industrial.<\/p>\n<p>La norma en s\u00ed misma promueve mecanismos de autorizaciones para los productores y comercializadores, y estrategias de seguridad,\u00a0fiscalizaci\u00f3n y trazabilidad\u00a0en la cadena.<\/p>\n<p>El objetivo en torno al cannabis medicinal, es brindar un marco regulatorio para la inversi\u00f3n p\u00fablica y privada en toda la cadena del cannabis medicinal y complementar la actual legislaci\u00f3n, la ley 27.350, que autoriza el\u00a0uso terap\u00e9utico y paliativo\u00a0del cannabis.<\/p>\n<p>Hubo un tenso debate en horas de la noche, en torno a este proyecto, ya que es una iniciativa sumamente resistida por varios legisladores de distintos bloques, por considerar\u00a0que podr\u00eda ser\u00a0la antesala para la\u00a0legalizaci\u00f3n del consumo de la marihuana.<\/p>\n<p>Durante el debate en el recinto Mara Brawer, del Frente de Todos resalt\u00f3 que es un \u201cproyecto federal que generar\u00e1 muchos puestos de trabajo, que en el mundo hay aproximadamente 25 mil usos para la planta del c\u00e1\u00f1amo, de la cual se utilizan todas sus partes, desde la ra\u00edz hasta las hojas\u00bb y adem\u00e1s destac\u00f3 que \u00abse trata de una industria sustentable con el ambiente\u00bb.<\/p>\n<p>Carolina Gaillard, compa\u00f1era de bloque, por su parte detall\u00f3 que \u00abesta ley de marco regulatorio garantiza que las familias puedan acceder a un producto seguro y de calidad. En este sentido, viene a complementar la ley 27.350, del uso medicinal del cannabis. Hay miles de familias que est\u00e1n esperando este dictamen, el dolor no puede esperar\u201d.<\/p>\n<p>\u00abAdem\u00e1s, es una gran oportunidad para Argentina, ya que aporta divisas y genera puestos de trabajo\u201d, y ahond\u00f3: \u201cpuede generar 500 millones de d\u00f3lares al a\u00f1o en el mercado interno y 50 millones de d\u00f3lares de exportaciones anuales\u00bb.<\/p>\n<p>El radical Ricardo Buryaile, de Juntos por el Cambio, y presidente de la Comisi\u00f3n de Agricultura y Ganader\u00eda, subray\u00f3 que \u00abaprobar este proyecto <strong>no es una carta blanca ni para el consumo, ni para el narcotr\u00e1fico<\/strong>. Es simplemente iniciar una etapa en la Argentina donde se legaliza lo que es la producci\u00f3n que hoy hacen miles y miles de mam\u00e1s para sus hijos\u00bb.<\/p>\n<p>Buryaile adem\u00e1s record\u00f3 que \u00aben 2017 se sancion\u00f3 la ley 27.350, que establec\u00eda un marco regulatorio para la investigaci\u00f3n m\u00e9dica y cient\u00edfica del cannabis medicinal y sus derivados, pero era insuficiente para llegar a la sociedad, paso que pretendemos dar hoy. Estamos estableciendo que las etapas de producci\u00f3n y comercializaci\u00f3n con fines terap\u00e9uticos est\u00e9n contemplados en la ley, cosa que no suced\u00eda hasta hoy\u00bb.<\/p>\n<p>\u00abEstamos apostando a la salud p\u00fablica, a miles de personas a quienes vamos a mejorar el tratamiento, vamos a mejorar su calidad de vida. No es el mejor proyecto, es perfectible, esto es un paso adelante\u00bb, destac\u00f3 Buryaile.<\/p>\n<p>En cambio, y en contra de la iniciativa, la diputada Graciela Oca\u00f1a, del PRO, justific\u00f3 que \u00abel aparato burocr\u00e1tico de magnitud que se crea para implementar la ley va a traer un gasto enorme y no un beneficio para el tema de la salud, por eso no acompa\u00f1o el proyecto\u00bb.<\/p>\n<p>Graciela Cama\u00f1o, por Identidad bonaerense, tambi\u00e9n declar\u00f3 su rechazo, al advertir que \u00abel Estado no tiene pol\u00edticas de combate de la droga ni de las adicciones, en ese marco venimos a poner un nuevo commodity bajo el ropaje del cannabis medicinal. Queda claro que lo que viene despu\u00e9s es la legalizaci\u00f3n de la marihuana\u00bb.<\/p>\n<p>Por otra parte,\u00a0Diputados aprob\u00f3 y gir\u00f3 al Senado las iniciativas de abordaje integral sobre las enfermedades de VIH, que propone un abordaje integral desde la salud colectiva, Hepatitis y Tuberculosis, y tambi\u00e9n de pr\u00f3rroga del blanqueo de capitales para activar de manera espec\u00edfica la construcci\u00f3n con incentivos impositivos. <strong>(VW)<\/strong><\/p>\n<p>&nbsp;<\/p>\n","protected":false},"excerpt":{"rendered":"<p>El proyecto Cannabis Medicinal finalmente se convirti\u00f3 en ley, con 155 votos positivos, 56 negativos y 19 abstenciones. Tambi\u00e9n Diputados aprob\u00f3 y gir\u00f3 al Senado el abordaje integral por enfermedades de VIH, Hepatitis y&#46;&#46;&#46;<\/p>\n","protected":false},"author":4,"featured_media":5542,"comment_status":"closed","ping_status":"closed","sticky":false,"template":"","format":"standard","meta":{"_monsterinsights_skip_tracking":false,"_monsterinsights_sitenote_active":false,"_monsterinsights_sitenote_note":"","_monsterinsights_sitenote_category":0,"footnotes":""},"categories":[4,5],"tags":[2246,143,186,2248,2247],"class_list":["post-5540","post","type-post","status-publish","format-standard","has-post-thumbnail","hentry","category-politica","category-sociedad","tag-cannabis-medicinal","tag-diputados","tag-ley","tag-ley-27-350","tag-regulacion"],"_links":{"self":[{"href":"https:\/\/www.visionweb.com.ar\/index.php?rest_route=\/wp\/v2\/posts\/5540","targetHints":{"allow":["GET"]}}],"collection":[{"href":"https:\/\/www.visionweb.com.ar\/index.php?rest_route=\/wp\/v2\/posts"}],"about":[{"href":"https:\/\/www.visionweb.com.ar\/index.php?rest_route=\/wp\/v2\/types\/post"}],"author":[{"embeddable":true,"href":"https:\/\/www.visionweb.com.ar\/index.php?rest_route=\/wp\/v2\/users\/4"}],"replies":[{"embeddable":true,"href":"https:\/\/www.visionweb.com.ar\/index.php?rest_route=%2Fwp%2Fv2%2Fcomments&post=5540"}],"version-history":[{"count":3,"href":"https:\/\/www.visionweb.com.ar\/index.php?rest_route=\/wp\/v2\/posts\/5540\/revisions"}],"predecessor-version":[{"id":5544,"href":"https:\/\/www.visionweb.com.ar\/index.php?rest_route=\/wp\/v2\/posts\/5540\/revisions\/5544"}],"wp:featuredmedia":[{"embeddable":true,"href":"https:\/\/www.visionweb.com.ar\/index.php?rest_route=\/wp\/v2\/media\/5542"}],"wp:attachment":[{"href":"https:\/\/www.visionweb.com.ar\/index.php?rest_route=%2Fwp%2Fv2%2Fmedia&parent=5540"}],"wp:term":[{"taxonomy":"category","embeddable":true,"href":"https:\/\/www.visionweb.com.ar\/index.php?rest_route=%2Fwp%2Fv2%2Fcategories&post=5540"},{"taxonomy":"post_tag","embeddable":true,"href":"https:\/\/www.visionweb.com.ar\/index.php?rest_route=%2Fwp%2Fv2%2Ftags&post=5540"}],"curies":[{"name":"wp","href":"https:\/\/api.w.org\/{rel}","templated":true}]}}