{"id":5536,"date":"2022-05-06T09:54:30","date_gmt":"2022-05-06T12:54:30","guid":{"rendered":"https:\/\/www.visionweb.com.ar\/?p=5536"},"modified":"2022-05-06T09:54:30","modified_gmt":"2022-05-06T12:54:30","slug":"identidad-de-genero-convocan-a-una-marcha-para-el-8-de-mayo","status":"publish","type":"post","link":"https:\/\/www.visionweb.com.ar\/?p=5536","title":{"rendered":"Identidad de genero: Convocan a una marcha para el 8 de mayo"},"content":{"rendered":"<p><strong><em>Ser\u00e1 en la plaza\u00a0 de los dos Congresos. La celebraci\u00f3n ser\u00e1 tambi\u00e9n en el interior del pa\u00eds. Habr\u00e1 homenaje para todos los que lucharon para el reconocimiento de la identidad de genero.<\/em><\/strong><!--more--><\/p>\n<p><strong><img loading=\"lazy\" decoding=\"async\" class=\"size-medium wp-image-5537 alignright\" src=\"https:\/\/www.visionweb.com.ar\/wp-content\/uploads\/2022\/05\/DIA-DE-LA-IDENTIDAD-DE-GENERO-300x164.png\" alt=\"\" width=\"300\" height=\"164\" srcset=\"https:\/\/www.visionweb.com.ar\/wp-content\/uploads\/2022\/05\/DIA-DE-LA-IDENTIDAD-DE-GENERO-300x164.png 300w, https:\/\/www.visionweb.com.ar\/wp-content\/uploads\/2022\/05\/DIA-DE-LA-IDENTIDAD-DE-GENERO.png 640w\" sizes=\"auto, (max-width: 300px) 100vw, 300px\" \/> O<\/strong>rganizado por el Frente Orgullo y Lucha y diversas organizaciones travestis y trans convocaron a la celebraci\u00f3n de los 10 a\u00f1os de la sanci\u00f3n de la ley de Identidad de G\u00e9nero con un banderazo que se realizar\u00e1 el domingo 8 de mayo en la Plaza de los Dos Congresos.<\/p>\n<p>La convocatoria ser\u00e1 a partir de las 16 horas, frente al congreso de la naci\u00f3n, donde\u00a0 las organizaciones realizar\u00e1n una bandera gigante con los colores que identifican la lucha por los derechos humanos de las personas travestis y trans, dijeron desde la la organizaci\u00f3n en un comunicado.<\/p>\n<p>Adem\u00e1s, activistas de diferentes regiones del pa\u00eds dar\u00e1n a conocer un documento en reclamo de una reparaci\u00f3n hist\u00f3rica para las sobrevivientes de la represi\u00f3n institucional por motivos de identidad de g\u00e9nero y la inclusi\u00f3n en la seguridad social de las personas mayores travestis y trans.<\/p>\n<p>Asimismo, se recordar\u00e1 a las activistas Lohana Berkins, Diana Sacay\u00e1n, Claudia P\u00eda Baudracco y a todas las que lucharon por el derecho a la identidad de g\u00e9nero en el pa\u00eds, y se reclamar\u00e1 justicia por Tehuel de la Torre \u2013 el joven trans que fue visto por \u00faltima vez el 11 de marzo de 2021 en la localidad bonaerense de San Vicente-, y por una reforma de la justicia desde una perspectiva transfeminista <strong>(VW)<\/strong><\/p>\n","protected":false},"excerpt":{"rendered":"<p>Ser\u00e1 en la plaza\u00a0 de los dos Congresos. La celebraci\u00f3n ser\u00e1 tambi\u00e9n en el interior del pa\u00eds. Habr\u00e1 homenaje para todos los que lucharon para el reconocimiento de la identidad de genero.<\/p>\n","protected":false},"author":3,"featured_media":5537,"comment_status":"closed","ping_status":"closed","sticky":false,"template":"","format":"standard","meta":{"_monsterinsights_skip_tracking":false,"_monsterinsights_sitenote_active":false,"_monsterinsights_sitenote_note":"","_monsterinsights_sitenote_category":0,"footnotes":""},"categories":[5],"tags":[2244,2243,2245],"class_list":["post-5536","post","type-post","status-publish","format-standard","has-post-thumbnail","hentry","category-sociedad","tag-8-de-mayo","tag-banderazo","tag-plaza-de-los-dos-congresos"],"_links":{"self":[{"href":"https:\/\/www.visionweb.com.ar\/index.php?rest_route=\/wp\/v2\/posts\/5536","targetHints":{"allow":["GET"]}}],"collection":[{"href":"https:\/\/www.visionweb.com.ar\/index.php?rest_route=\/wp\/v2\/posts"}],"about":[{"href":"https:\/\/www.visionweb.com.ar\/index.php?rest_route=\/wp\/v2\/types\/post"}],"author":[{"embeddable":true,"href":"https:\/\/www.visionweb.com.ar\/index.php?rest_route=\/wp\/v2\/users\/3"}],"replies":[{"embeddable":true,"href":"https:\/\/www.visionweb.com.ar\/index.php?rest_route=%2Fwp%2Fv2%2Fcomments&post=5536"}],"version-history":[{"count":1,"href":"https:\/\/www.visionweb.com.ar\/index.php?rest_route=\/wp\/v2\/posts\/5536\/revisions"}],"predecessor-version":[{"id":5538,"href":"https:\/\/www.visionweb.com.ar\/index.php?rest_route=\/wp\/v2\/posts\/5536\/revisions\/5538"}],"wp:featuredmedia":[{"embeddable":true,"href":"https:\/\/www.visionweb.com.ar\/index.php?rest_route=\/wp\/v2\/media\/5537"}],"wp:attachment":[{"href":"https:\/\/www.visionweb.com.ar\/index.php?rest_route=%2Fwp%2Fv2%2Fmedia&parent=5536"}],"wp:term":[{"taxonomy":"category","embeddable":true,"href":"https:\/\/www.visionweb.com.ar\/index.php?rest_route=%2Fwp%2Fv2%2Fcategories&post=5536"},{"taxonomy":"post_tag","embeddable":true,"href":"https:\/\/www.visionweb.com.ar\/index.php?rest_route=%2Fwp%2Fv2%2Ftags&post=5536"}],"curies":[{"name":"wp","href":"https:\/\/api.w.org\/{rel}","templated":true}]}}