{"id":5530,"date":"2022-05-06T09:22:28","date_gmt":"2022-05-06T12:22:28","guid":{"rendered":"https:\/\/www.visionweb.com.ar\/?p=5530"},"modified":"2022-05-05T21:34:34","modified_gmt":"2022-05-06T00:34:34","slug":"intendentes-del-pro-pidieron-boleta-unica-para-la-provincia","status":"publish","type":"post","link":"https:\/\/www.visionweb.com.ar\/?p=5530","title":{"rendered":"Intendentes del PRO pidieron Boleta \u00danica para la Provincia"},"content":{"rendered":"<p><em><strong>La boleta \u00fanica en papel (BUP) se convirti\u00f3 en una punta de lanza en la oposici\u00f3n. En tanto, en el Congreso los legisladores oficialistas le bajaron el pulgar a la inicativa.<\/strong><\/em><!--more--><\/p>\n<p><strong><img loading=\"lazy\" decoding=\"async\" class=\"size-medium wp-image-5531 alignright\" src=\"https:\/\/www.visionweb.com.ar\/wp-content\/uploads\/2022\/05\/Intendentes-del-Pro-300x197.png\" alt=\"\" width=\"300\" height=\"197\" srcset=\"https:\/\/www.visionweb.com.ar\/wp-content\/uploads\/2022\/05\/Intendentes-del-Pro-300x197.png 300w, https:\/\/www.visionweb.com.ar\/wp-content\/uploads\/2022\/05\/Intendentes-del-Pro-768x504.png 768w, https:\/\/www.visionweb.com.ar\/wp-content\/uploads\/2022\/05\/Intendentes-del-Pro.png 800w\" sizes=\"auto, (max-width: 300px) 100vw, 300px\" \/>E<\/strong>n consonancia con una iniciativo del bloque de diputados nacionales Juntos por el Cambio, los intendentes del PRO, solicitaron a los legisladores provinciales se env\u00ede a la legislatura bonaerense un proyecto de Ley que para utilizar la \u00abBoleta \u00danica\u00bb en papel.<\/p>\n<p>La iniciativa surgi\u00f3 en un almuerzo que se\u00a0 concret\u00f3 ayer en La Plata con la presencia de los intendentes del PRO que tuvo como anfitri\u00f3n al jefe comunal de la capital bonaerense, Julio Garro.<\/p>\n<p>La iniciativa de los alcaldes bonaerenses fue uno de los pocos que se trat\u00f3 en esa reuni\u00f3n en medio de un debate interno en todo el arco opositor, que por estas horas tambi\u00e9n atraviesa una conversaci\u00f3n dirigencial sobre cu\u00e1les tiene que ser los l\u00edmites pol\u00edticos para ensanchar el espacio en vistas al armado electoral 2023.<\/p>\n<p>Casi a la misma hora que en la C\u00e1mara de Diputados de la Naci\u00f3n se debat\u00eda este asunto, en La Plata los intendentes del PRO cerraban filas para ir por el mismo camino en la provincia de Buenos Aires.<\/p>\n<p>\u201cHemos hablado muy seriamente de presentar un proyecto de ley para que la Provincia adhiera a la Boleta \u00danica en las pr\u00f3ximas elecciones, que es un sistema que no solo nos hace ahorrar un dineral sino que tambi\u00e9n garantiza la transparencia y la defensa de la democracia\u201d, explic\u00f3 el intendente de La Plata y anfitri\u00f3n del almuerzo celebrado en el Club San Luis de la capital bonaerense, Julio Garro.<\/p>\n<p>El tema de la boleta \u00fanica en papel (BUP) se convirti\u00f3 en una punta de lanza en la oposici\u00f3n por estos tiempos. Por eso, con la avanzada en el Congreso se busca el replique en la provincia de Buenos Aires.<\/p>\n<p>La BUP, a nivel nacional contiene los nombres y las fotos de todos los candidatos, divididos por casilleros (Presidente, diputados, senadores, dependiendo de la elecci\u00f3n).<\/p>\n<p>Los electores tienen la posibilidad de elegir a sus postulantes preferidos o no marcar a ninguno y votar en blanco si as\u00ed lo prefieren.<\/p>\n<p>Uno de los argumentos que se plasmaron en el discusi\u00f3n en el Congreso fue que el Estado nacional se ahorrar\u00eda $3.000 millones solo en impresi\u00f3n de boletas y el comicio ser\u00eda m\u00e1s respetuoso del medio ambiente ya que se usar\u00eda mucho menos papel.<\/p>\n<p>Pese a las discusiones preelectorales y de armado hacia el 2023, los intendentes coincidieron ante la prensa de que nada se habl\u00f3 del tema de candidaturas. Sin embargo, lo que s\u00ed se plante\u00f3 fue buscar un lugar como bloque de intendentes dentro de la mesa nacional del PRO, una jugada un tanto compleja.<\/p>\n<p>Entr\u00f3 tambi\u00e9n en el radar de los jefes comunales la interna pol\u00edtica de la alianza de gobierno. Con temor, aducen que los cruces dentro del Frente de Todos le paraliza las gestiones con los organismos nacionales y provinciales.<\/p>\n<p>\u201cNos preocupa que llegue el dinero del Fondo de Infraestructura Municipal (FIM), nos preocupa que hoy estamos licitando obras que se acordaron en la Legislatura y no se nos presentan empresas porque tienen incertidumbre por el tema de la inflaci\u00f3n. En la agenda de los intendentes, hoy el tema de candidaturas no ocupa un lugar preponderante\u201d, asegur\u00f3 Garro.<\/p>\n<p>\u201cHay un loteo en los ministerios donde cada uno tiene posiciones pol\u00edticas diferentes y eso impacta en la gente que vive en las ciudades\u201d, ahond\u00f3 Garro y su par de Bah\u00eda Blanca advirti\u00f3 que ellos se llevan mejor con los funcionarios que fueron intendentes.<\/p>\n<p>\u201cLa mayor\u00eda de nosotros los mejores di\u00e1logos lo tenemos con Mart\u00edn Insaurralde -jefe de Gabinete bonaerense-, Leonardo Nardini -ministro de Infraestructura y Servicios P\u00fablicos bonaerense- y Gabriel Katopodis -ministro de Obra P\u00fablica de la Naci\u00f3n\u201d.<\/p>\n<p>Adem\u00e1s de Garro, hasta La Plata llegaron, Guillermo Montenegro (General Pueyrred\u00f3n), Diego Valenzuela (Tres de Febrero), Soledad Mart\u00ednez (Vicente L\u00f3pez), Mariano Barroso (9 de Julio), H\u00e9ctor Gay (Bah\u00eda Blanca), Mart\u00edn Yeza (Pinamar) y, Pablo Petrecca (Jun\u00edn),.<\/p>\n<p>Adem\u00e1s asistieron al convite Javier Mart\u00ednez (Pergamino), Gustavo Perie (Ramallo), Javier Iguacel (Capit\u00e1n Sarmiento), Jorge Echeverry (Lobos), Lisandro Matzkin (Coronel Pringles), Mariano Uset (Coronel Rosales).<\/p>\n<p>Pese a la amplia convocatoria hubo algunas ausencias como las de Ezequiel Galli (Olavarr\u00eda), Sebasti\u00e1n Abella (Campana), Jos\u00e9 Luis Zara (Carmen de Patagones),\u00a0 Camilo Etchevarren (Dolores). Tampoco fue de la partida\u00a0 el intendente de San Nicol\u00e1s, Manuel Passaglia <strong>(VW)<\/strong>.<\/p>\n<p><strong>Con informaci\u00f3n de la agencia DIB<\/strong><\/p>\n","protected":false},"excerpt":{"rendered":"<p>La boleta \u00fanica en papel (BUP) se convirti\u00f3 en una punta de lanza en la oposici\u00f3n. En tanto, en el Congreso los legisladores oficialistas le bajaron el pulgar a la inicativa.<\/p>\n","protected":false},"author":3,"featured_media":5531,"comment_status":"closed","ping_status":"closed","sticky":false,"template":"","format":"standard","meta":{"_monsterinsights_skip_tracking":false,"_monsterinsights_sitenote_active":false,"_monsterinsights_sitenote_note":"","_monsterinsights_sitenote_category":0,"footnotes":""},"categories":[4],"tags":[2237,2239,2240],"class_list":["post-5530","post","type-post","status-publish","format-standard","has-post-thumbnail","hentry","category-politica","tag-boleta-unica","tag-intendentes-del-pro","tag-legislatura-bonaerense"],"_links":{"self":[{"href":"https:\/\/www.visionweb.com.ar\/index.php?rest_route=\/wp\/v2\/posts\/5530","targetHints":{"allow":["GET"]}}],"collection":[{"href":"https:\/\/www.visionweb.com.ar\/index.php?rest_route=\/wp\/v2\/posts"}],"about":[{"href":"https:\/\/www.visionweb.com.ar\/index.php?rest_route=\/wp\/v2\/types\/post"}],"author":[{"embeddable":true,"href":"https:\/\/www.visionweb.com.ar\/index.php?rest_route=\/wp\/v2\/users\/3"}],"replies":[{"embeddable":true,"href":"https:\/\/www.visionweb.com.ar\/index.php?rest_route=%2Fwp%2Fv2%2Fcomments&post=5530"}],"version-history":[{"count":1,"href":"https:\/\/www.visionweb.com.ar\/index.php?rest_route=\/wp\/v2\/posts\/5530\/revisions"}],"predecessor-version":[{"id":5532,"href":"https:\/\/www.visionweb.com.ar\/index.php?rest_route=\/wp\/v2\/posts\/5530\/revisions\/5532"}],"wp:featuredmedia":[{"embeddable":true,"href":"https:\/\/www.visionweb.com.ar\/index.php?rest_route=\/wp\/v2\/media\/5531"}],"wp:attachment":[{"href":"https:\/\/www.visionweb.com.ar\/index.php?rest_route=%2Fwp%2Fv2%2Fmedia&parent=5530"}],"wp:term":[{"taxonomy":"category","embeddable":true,"href":"https:\/\/www.visionweb.com.ar\/index.php?rest_route=%2Fwp%2Fv2%2Fcategories&post=5530"},{"taxonomy":"post_tag","embeddable":true,"href":"https:\/\/www.visionweb.com.ar\/index.php?rest_route=%2Fwp%2Fv2%2Ftags&post=5530"}],"curies":[{"name":"wp","href":"https:\/\/api.w.org\/{rel}","templated":true}]}}