{"id":5504,"date":"2022-05-04T10:45:23","date_gmt":"2022-05-04T13:45:23","guid":{"rendered":"https:\/\/www.visionweb.com.ar\/?p=5504"},"modified":"2022-05-04T10:45:23","modified_gmt":"2022-05-04T13:45:23","slug":"acumar-presento-su-nuevo-material-sobre-educacion-ambiental","status":"publish","type":"post","link":"https:\/\/www.visionweb.com.ar\/?p=5504","title":{"rendered":"ACUMAR present\u00f3 su nuevo material sobre Educaci\u00f3n Ambiental"},"content":{"rendered":"<p><em><strong>Es el libro \u201cDocumentaci\u00f3n Narrativa de Experiencias Pedag\u00f3gicas\u201d que fue elaborado por docentes de la Cuenca y se puede descargar en forma gratuita. Ya est\u00e1 abierta la inscripci\u00f3n para una nueva edici\u00f3n.<\/strong><\/em><!--more--><\/p>\n<p><strong>\u00a0<\/strong>\u00a0\u00a0\u00a0\u00a0 <img loading=\"lazy\" decoding=\"async\" class=\"size-full wp-image-5506 aligncenter\" src=\"https:\/\/www.visionweb.com.ar\/wp-content\/uploads\/2022\/05\/acumar-educativo.bmp\" alt=\"\" width=\"569\" height=\"351\" \/>\u00a0\u00a0\u00a0\u00a0\u00a0\u00a0\u00a0\u00a0\u00a0\u00a0\u00a0\u00a0\u00a0\u00a0 <strong>L<\/strong>a presentaci\u00f3n del material\u00a0<a href=\"https:\/\/acumar.tr.pemsv06.net\/c\/eyJhIjoiYWN1bWFyIiwibSI6Im1haWxfY2wycWZybDB2aG4wdTA4MDNpN3lrZGdhMSIsImwiOiJsaW5rXzJhYzhmYWNmM2IwNmJiNTI1ZDlkNDMzNzhiNzc4ZmY4M2I2NmQyNTkiLCJpIjpbXSwidSI6Imh0dHBzOi8vd3d3LmFjdW1hci5nb2IuYXIvbWF0ZXJpYWxlcy9kb2N1bWVudGFjaW9uLW5hcnJhdGl2YS1leHBlcmllbmNpYXMtcGVkYWdvZ2ljYXMvIiwiYyI6IiIsImgiOiJhOWFmMjMifQ\">\u201cDocumentaci\u00f3n Narrativa de Experiencias Pedag\u00f3gicas\u201c<\/a>,se llev\u00f3 a cabo en el auditorio \u201cGerm\u00e1n Abdala\u201d de la Jefatura de Gabinete de la Naci\u00f3n. La publicaci\u00f3n re\u00fane relatos en primera persona de docentes de distintos puntos de la Cuenca en torno a sus experiencias y aprendizajes en el desarrollo de proyectos educativos ambientales.<\/p>\n<p>Este libro es el resultado de una serie de talleres que llev\u00f3 adelante la Autoridad de Cuenca Matanza Riachuelo junto con docentes durante el a\u00f1o pasado, con el objetivo de reconocer y valorar las experiencias docentes, y a partir de ellas fortalecer las herramientas de formaci\u00f3n vinculadas a educaci\u00f3n ambiental en la Cuenca Matanza Riachuelo, indic\u00f3 Prensa ACUMAR.<\/p>\n<p>En las pr\u00f3ximas semanas comenzar\u00e1 una nueva edici\u00f3n del taller, que es gratuito y con cupo limitado. Si form\u00e1s parte de una comunidad educativa y cont\u00e1s con experiencia en educaci\u00f3n ambiental pod\u00e9s conocer m\u00e1s sobre la propuesta y anotarte\u00a0<a href=\"https:\/\/acumar.tr.pemsv06.net\/c\/eyJhIjoiYWN1bWFyIiwibSI6Im1haWxfY2wycWZybDB2aG4wdTA4MDNpN3lrZGdhMSIsImwiOiJsaW5rX2M5MTdmMWIxY2ZiODY3MmQ4NjA3ZTVmMDRiNTQ4YjEyOTY3OWU0MjEiLCJpIjpbXSwidSI6Imh0dHBzOi8vZG9jcy5nb29nbGUuY29tL2Zvcm1zL2QvZS8xRkFJcFFMU2RudF8tdWQ5T3RHRHpReVJEam9xUm9tX0p6NkFIZ1VqVHlUTm5reUR0dV9nd1Q0dy92aWV3Zm9ybSIsImMiOiIiLCJoIjoiMGFmY2QyIn0\">aqu\u00ed<\/a>.<\/p>\n<p>\u201cLa recuperaci\u00f3n de la Cuenca viene de la mano de la educaci\u00f3n ambiental, que nos permite desaprender y poner en crisis todo aquello que nos trajo hasta esta situaci\u00f3n de contaminaci\u00f3n ambiental. En este sentido, el material generado por las y los docentes es de un valor enorme para multiplicar experiencias\u201d, asegur\u00f3 Magallanes, director general de Gesti\u00f3n Pol\u00edtica y Social.<\/p>\n<p>La apertura del evento fue realizada por la coordinadora de Educaci\u00f3n Socioambiental de\u00a0ACUMAR, Macarena Fern\u00e1ndez Rial, la directora de Salud y Educaci\u00f3n Ambiental, Maru Dakessian, el director general de Gesti\u00f3n Pol\u00edtica y Social, Antol\u00edn Magallanes, y el coordinador general del Programa de Extensi\u00f3n Universitaria \u201cRed de Formaci\u00f3n Docente y Narrativas Pedag\u00f3gicas\u201d, Daniel Su\u00e1rez.<\/p>\n<p>Por su parte, Alejandra Gre\u00f1o, Mauro Masone y Silvia Lemma, docentes de la Cuenca, redactaron algunos de los cap\u00edtulos de la publicaci\u00f3n y leyeron sus art\u00edculos.<\/p>\n<p>\u201cNunca imagin\u00e9 redactar una publicaci\u00f3n as\u00ed, que llegue a otros docentes. No es com\u00fan encontrar libros sobre Educaci\u00f3n Ambiental para tomar como fuente\u201d, celebr\u00f3 Gre\u00f1o, docente de Dock Sud.<\/p>\n<p><a href=\"https:\/\/www.visionweb.com.ar\/wp-content\/uploads\/2022\/05\/acumar-educativo2.bmp\"><img loading=\"lazy\" decoding=\"async\" class=\"size-full wp-image-5507 aligncenter\" src=\"https:\/\/www.visionweb.com.ar\/wp-content\/uploads\/2022\/05\/acumar-educativo2.bmp\" alt=\"\" width=\"528\" height=\"349\" \/><\/a>Asimismo, Nora Catoira y Mariana Gesualdi del Programa de Extensi\u00f3n Universitaria de la Facultad de Filosof\u00eda y Letras de la UBA \u201cRed de Formaci\u00f3n Docente y Narrativas Pedag\u00f3gicas\u201d compartieron un an\u00e1lisis de la experiencia.<\/p>\n<p>\u201cLuego de un proceso de indagaci\u00f3n de su propia experiencia, reflexivo y de formaci\u00f3n entre pares, cada docente fue construyendo una obra colectiva a partir de la singularidad de su conocimiento local y situado. La principal virtud de esta publicaci\u00f3n es que permite que las palabras de las y los docentes puedan plasmarse y formar parte del debate p\u00fablico<em>\u201d<\/em>, destac\u00f3 Su\u00e1rez.<\/p>\n<p>La publicaci\u00f3n puede descargarse de forma libre y gratuita<a href=\"https:\/\/acumar.tr.pemsv06.net\/c\/eyJhIjoiYWN1bWFyIiwibSI6Im1haWxfY2wycWZybDB2aG4wdTA4MDNpN3lrZGdhMSIsImwiOiJsaW5rXzNkN2Q0NjRhOTZkNTMyZTBkY2I0ZDM2MTcwNzAzZDczNWQ2ZGNlODAiLCJpIjpbXSwidSI6Imh0dHBzOi8vd3d3LmFjdW1hci5nb2IuYXIvbWF0ZXJpYWxlcy1kaWRhY3RpY29zL21hdGVyaWFsZXMtZGlkYWN0aWNvcy1kb2NlbnRlcy8iLCJjIjoiIiwiaCI6IjZlNzNiNyJ9\">\u00a0aqu\u00ed<\/a>, as\u00ed como otros materiales did\u00e1cticos para estudiantes y docentes de todos los niveles educativos.<\/p>\n<p>El evento cont\u00f3 con la presencia de docentes, equipos directivos, autoridades de\u00a0ACUMAR, del <a href=\"https:\/\/acumar.tr.pemsv06.net\/c\/eyJhIjoiYWN1bWFyIiwibSI6Im1haWxfY2wycWZybDB2aG4wdTA4MDNpN3lrZGdhMSIsImwiOiJsaW5rXzQxMzA1NDhmOTZiNjRlMWY2ZDZhZmVlZTA5MGQ1NDQ3YzA5MWJmN2YiLCJpIjpbXSwidSI6Imh0dHBzOi8vd3d3LmFtYmllbnRlLmdiYS5nb2IuYXIvIiwiYyI6IiIsImgiOiI0M2U5MGQifQ\">Ministerio de Ambiente de la provincia de Buenos Aires<\/a>, del\u00a0<a href=\"https:\/\/acumar.tr.pemsv06.net\/c\/eyJhIjoiYWN1bWFyIiwibSI6Im1haWxfY2wycWZybDB2aG4wdTA4MDNpN3lrZGdhMSIsImwiOiJsaW5rX2U3MTg4NjdmZDgyYmNlZDViMzY3Njg4Nzc1ZGM0MTk2YWU2ZjkwNjQiLCJpIjpbXSwidSI6Imh0dHBzOi8vd3d3LmJ1ZW5vc2FpcmVzLmdvYi5hci9lZHVjYWNpb24vZXNjdWVsYXMtdmVyZGVzIiwiYyI6IiIsImgiOiIzODNmZDgifQ\">Programa Escuelas Verdes<\/a>, y profesionales del Grupo Memoria Docente y Documentaci\u00f3n Pedag\u00f3gica y del Programa Red de Formaci\u00f3n Docente y Narrativas Pedag\u00f3gicas de la Facultad de Filosof\u00eda y Letras de la\u00a0<a href=\"https:\/\/acumar.tr.pemsv06.net\/c\/eyJhIjoiYWN1bWFyIiwibSI6Im1haWxfY2wycWZybDB2aG4wdTA4MDNpN3lrZGdhMSIsImwiOiJsaW5rXzdiNWNmOThmMTg5ODVhZjQwODg0N2Q0OTFjYjhjNzcwMDlkZWVmOTgiLCJpIjpbXSwidSI6Imh0dHBzOi8vd3d3LnViYS5hci8jLyIsImMiOiIiLCJoIjoiYTRjYjZlIn0\">Universidad de Buenos Aires (UBA)<\/a>.\u00a0 <strong>(VW)<\/strong><\/p>\n<p>&nbsp;<\/p>\n","protected":false},"excerpt":{"rendered":"<p>Es el libro \u201cDocumentaci\u00f3n Narrativa de Experiencias Pedag\u00f3gicas\u201d que fue elaborado por docentes de la Cuenca y se puede descargar en forma gratuita. Ya est\u00e1 abierta la inscripci\u00f3n para una nueva edici\u00f3n.<\/p>\n","protected":false},"author":4,"featured_media":5507,"comment_status":"closed","ping_status":"closed","sticky":false,"template":"","format":"standard","meta":{"_monsterinsights_skip_tracking":false,"_monsterinsights_sitenote_active":false,"_monsterinsights_sitenote_note":"","_monsterinsights_sitenote_category":0,"footnotes":""},"categories":[7,8],"tags":[442,861,1888,2222,239],"class_list":["post-5504","post","type-post","status-publish","format-standard","has-post-thumbnail","hentry","category-educacion-y-cultura","category-interes-general","tag-acumar","tag-ambiente","tag-centro-documental-dela-cuenca","tag-documentacion-narrativa","tag-libro"],"_links":{"self":[{"href":"https:\/\/www.visionweb.com.ar\/index.php?rest_route=\/wp\/v2\/posts\/5504","targetHints":{"allow":["GET"]}}],"collection":[{"href":"https:\/\/www.visionweb.com.ar\/index.php?rest_route=\/wp\/v2\/posts"}],"about":[{"href":"https:\/\/www.visionweb.com.ar\/index.php?rest_route=\/wp\/v2\/types\/post"}],"author":[{"embeddable":true,"href":"https:\/\/www.visionweb.com.ar\/index.php?rest_route=\/wp\/v2\/users\/4"}],"replies":[{"embeddable":true,"href":"https:\/\/www.visionweb.com.ar\/index.php?rest_route=%2Fwp%2Fv2%2Fcomments&post=5504"}],"version-history":[{"count":2,"href":"https:\/\/www.visionweb.com.ar\/index.php?rest_route=\/wp\/v2\/posts\/5504\/revisions"}],"predecessor-version":[{"id":5508,"href":"https:\/\/www.visionweb.com.ar\/index.php?rest_route=\/wp\/v2\/posts\/5504\/revisions\/5508"}],"wp:featuredmedia":[{"embeddable":true,"href":"https:\/\/www.visionweb.com.ar\/index.php?rest_route=\/wp\/v2\/media\/5507"}],"wp:attachment":[{"href":"https:\/\/www.visionweb.com.ar\/index.php?rest_route=%2Fwp%2Fv2%2Fmedia&parent=5504"}],"wp:term":[{"taxonomy":"category","embeddable":true,"href":"https:\/\/www.visionweb.com.ar\/index.php?rest_route=%2Fwp%2Fv2%2Fcategories&post=5504"},{"taxonomy":"post_tag","embeddable":true,"href":"https:\/\/www.visionweb.com.ar\/index.php?rest_route=%2Fwp%2Fv2%2Ftags&post=5504"}],"curies":[{"name":"wp","href":"https:\/\/api.w.org\/{rel}","templated":true}]}}