{"id":5488,"date":"2022-05-03T16:49:24","date_gmt":"2022-05-03T19:49:24","guid":{"rendered":"https:\/\/www.visionweb.com.ar\/?p=5488"},"modified":"2022-05-03T16:49:24","modified_gmt":"2022-05-03T19:49:24","slug":"lanus-reunion-con-el-foco-puesto-en-la-seguridad","status":"publish","type":"post","link":"https:\/\/www.visionweb.com.ar\/?p=5488","title":{"rendered":"Lan\u00fas: Reuni\u00f3n con el foco puesto en la seguridad"},"content":{"rendered":"<p><em><strong>El encuentro se llev\u00f3 a cabo en el Centro de Monitoreo local. Se firm\u00f3 un convenio de control entre Ciudad y Lan\u00fas.<\/strong><\/em><!--more--><\/p>\n<div id=\"attachment_5490\" style=\"width: 310px\" class=\"wp-caption alignright\"><img loading=\"lazy\" decoding=\"async\" aria-describedby=\"caption-attachment-5490\" class=\"wp-image-5490 size-medium\" src=\"https:\/\/www.visionweb.com.ar\/wp-content\/uploads\/2022\/05\/grindetti-macri-d-alessandro-kravetz-300x242.jpg\" alt=\"\" width=\"300\" height=\"242\" srcset=\"https:\/\/www.visionweb.com.ar\/wp-content\/uploads\/2022\/05\/grindetti-macri-d-alessandro-kravetz-300x242.jpg 300w, https:\/\/www.visionweb.com.ar\/wp-content\/uploads\/2022\/05\/grindetti-macri-d-alessandro-kravetz.jpg 538w\" sizes=\"auto, (max-width: 300px) 100vw, 300px\" \/><p id=\"caption-attachment-5490\" class=\"wp-caption-text\">Convenio por seguridad. Jorge Macri, Grindetti, D Alessandro y Kravetz. (Foto: Prensa de Lan\u00fas)<\/p><\/div>\n<p><strong>\u00a0<\/strong>\u00a0\u00a0\u00a0\u00a0\u00a0 \u00a0\u00a0\u00a0\u00a0\u00a0\u00a0\u00a0\u00a0\u00a0\u00a0\u00a0 <strong>C<\/strong>on el objetivo de la puesta en marcha de los anillos digitales para reforzar la seguridad y el control vehicular, el intendente de Lan\u00fas, N\u00e9stor Grindetti, acompa\u00f1ado del jefe de gabinete Diego Kravetz, recibi\u00f3 al ministro de Gobierno porte\u00f1o, Jorge Macri y a Marcelo D \u2018Alessandro, ministro de Seguridad porte\u00f1o. Se realiz\u00f3 la firma de un convenio que tendr\u00e1 vigencia por un a\u00f1o y se renovar\u00e1 de manera autom\u00e1tica por el mismo per\u00edodo, a menos que alguno de los municipios decida su rescisi\u00f3n.<\/p>\n<p>Dentro de los puntos clave del convenio se encuentran el control automotor y poblacional en las entradas y salidas de CABA as\u00ed como tambi\u00e9n el accionar en aquellos casos en los que se detecte un impedimento judicial para circular, denuncias y\/o pedidos de secuestro.<\/p>\n<p>En este plano, Grindetti sostuvo que \u201cdesde el municipio venimos haciendo un gran esfuerzo en materia de seguridad sobre todo en los \u00faltimos seis a\u00f1os, colaborando en una responsabilidad que no nos ata\u00f1e en una forma primaria, pero que a partir de la preocupaci\u00f3n de los vecinos creemos que tenemos que estar presentes\u201d, seg\u00fan detall\u00f3 Prensa de Lan\u00fas.<\/p>\n<p>\u201cQueremos dar un paso m\u00e1s all\u00e1 porque el delito no termina de disminuir como a nosotros nos gustar\u00eda y esto es por un problema de coordinaci\u00f3n entre las fuerzas provinciales y federales. Tenemos que volver a trabajar como se trabaj\u00f3 en los a\u00f1os de Mauricio y Mar\u00eda Eugenia en el sentido de una participaci\u00f3n activa en una mesa del an\u00e1lisis del mapa del delito, y otro paso es el de la dependencia de la polic\u00eda local lo cual es muy importante y estamos seguros de que colaborar\u00eda con la disminuci\u00f3n del delito\u201d agreg\u00f3 el jefe comunal.<\/p>\n<p>Por su parte, Jorge Macri destac\u00f3 que \u201cLa tecnolog\u00eda cuando es acompa\u00f1ada de decisi\u00f3n pol\u00edtica permite combatir el delito, hoy ac\u00e1 les estamos dando forma a algo que ya viene ocurriendo, que es el trabajo en equipo, las c\u00e1maras cuando hay tecnolog\u00eda y decisi\u00f3n nos permiten intervenir en el momento, frenar a una banda que ven\u00eda cometiendo delitos, no esperar que haya un juez que nos d\u00e9 la orden, sino intervenir y detenerlos en el momento\u201d.<\/p>\n<p>En la actualidad la Subsecretar\u00eda de Seguridad y Emergencias de Lan\u00fas posee un total de 1000 c\u00e1maras y se prev\u00e9 la instalaci\u00f3n de 100 m\u00e1s entre c\u00e1maras DOMO y FIJAS. Las mismas cuentan con la particularidad de poder integrar el software de Reconocimiento Facial a cada uno de los equipos en cuesti\u00f3n.<\/p>\n<p>\u201cEl trabajo en conjunto con la ciudad es muy importante, para que nos demos una idea cuando nosotros empezamos la gesti\u00f3n con N\u00e9stor hab\u00eda unos 250 robos de autos por mes hoy estamos en menos de la mitad y eso es gracias al trabajo del intendente en el distrito pero tambi\u00e9n del trabajo coordinado que hemos logrado con el doctor D&#8217; Alessandro que nos permiti\u00f3 hacer esta suerte de espejo de anillos y hacer controles rec\u00edprocos que hace que a las bandas les cueste m\u00e1s venir a robar al distrito\u201d explic\u00f3 Kravetz, \u00a0responsable de la cartera de Seguridad del municipio.<\/p>\n<p>A lo que se sum\u00f3 D\u2019Alessandro quien \u00a0remarc\u00f3 que \u201clo principal es trabajar en conjunto, nosotros desde la ciudad de BS. AS. no somos una isla, no hay una frontera que nos divide sino que nos une con muchos municipios del AMBA. Cuando est\u00e1 la decisi\u00f3n pol\u00edtica y la prioridad es cuidar a nuestros vecinos se realizan este tipo de acciones que lo que traen es seguridad para todos los ciudadanos\u201d. <strong>(VW)<\/strong><\/p>\n<p>&nbsp;<\/p>\n","protected":false},"excerpt":{"rendered":"<p>El encuentro se llev\u00f3 a cabo en el Centro de Monitoreo local. Se firm\u00f3 un convenio de control entre Ciudad y Lan\u00fas.<\/p>\n","protected":false},"author":4,"featured_media":5490,"comment_status":"closed","ping_status":"closed","sticky":false,"template":"","format":"standard","meta":{"_monsterinsights_skip_tracking":false,"_monsterinsights_sitenote_active":false,"_monsterinsights_sitenote_note":"","_monsterinsights_sitenote_category":0,"footnotes":""},"categories":[3,4],"tags":[2216,2214,2215,19,529],"class_list":["post-5488","post","type-post","status-publish","format-standard","has-post-thumbnail","hentry","category-actualidad","category-politica","tag-d-alessandro","tag-grinndetti","tag-kravetz-jorge-macri","tag-lanus","tag-seguridad"],"_links":{"self":[{"href":"https:\/\/www.visionweb.com.ar\/index.php?rest_route=\/wp\/v2\/posts\/5488","targetHints":{"allow":["GET"]}}],"collection":[{"href":"https:\/\/www.visionweb.com.ar\/index.php?rest_route=\/wp\/v2\/posts"}],"about":[{"href":"https:\/\/www.visionweb.com.ar\/index.php?rest_route=\/wp\/v2\/types\/post"}],"author":[{"embeddable":true,"href":"https:\/\/www.visionweb.com.ar\/index.php?rest_route=\/wp\/v2\/users\/4"}],"replies":[{"embeddable":true,"href":"https:\/\/www.visionweb.com.ar\/index.php?rest_route=%2Fwp%2Fv2%2Fcomments&post=5488"}],"version-history":[{"count":2,"href":"https:\/\/www.visionweb.com.ar\/index.php?rest_route=\/wp\/v2\/posts\/5488\/revisions"}],"predecessor-version":[{"id":5491,"href":"https:\/\/www.visionweb.com.ar\/index.php?rest_route=\/wp\/v2\/posts\/5488\/revisions\/5491"}],"wp:featuredmedia":[{"embeddable":true,"href":"https:\/\/www.visionweb.com.ar\/index.php?rest_route=\/wp\/v2\/media\/5490"}],"wp:attachment":[{"href":"https:\/\/www.visionweb.com.ar\/index.php?rest_route=%2Fwp%2Fv2%2Fmedia&parent=5488"}],"wp:term":[{"taxonomy":"category","embeddable":true,"href":"https:\/\/www.visionweb.com.ar\/index.php?rest_route=%2Fwp%2Fv2%2Fcategories&post=5488"},{"taxonomy":"post_tag","embeddable":true,"href":"https:\/\/www.visionweb.com.ar\/index.php?rest_route=%2Fwp%2Fv2%2Ftags&post=5488"}],"curies":[{"name":"wp","href":"https:\/\/api.w.org\/{rel}","templated":true}]}}