{"id":5457,"date":"2022-05-02T11:42:35","date_gmt":"2022-05-02T14:42:35","guid":{"rendered":"https:\/\/www.visionweb.com.ar\/?p=5457"},"modified":"2022-05-02T11:42:35","modified_gmt":"2022-05-02T14:42:35","slug":"desde-hoy-la-administracion-publica-retoma-la-presencialidad-plena","status":"publish","type":"post","link":"https:\/\/www.visionweb.com.ar\/?p=5457","title":{"rendered":"Desde hoy la administraci\u00f3n p\u00fablica retoma la presencialidad plena"},"content":{"rendered":"<p><em><strong>Hoy los trabajadores del estado dicen adi\u00f3s al \u201chome office\u201d y vuelven a la modalidad presencial en sus puestos, aunque seguir\u00e1n exceptuadas las personas que acrediten documentaci\u00f3n m\u00e9dica por pertenecer a grupos de riesgos.<\/strong><\/em><!--more--><\/p>\n<p><strong>\u00a0\u00a0\u00a0 <img loading=\"lazy\" decoding=\"async\" class=\"size-full wp-image-5459 aligncenter\" src=\"https:\/\/www.visionweb.com.ar\/wp-content\/uploads\/2022\/05\/oficinas-trab-presencial.bmp\" alt=\"\" width=\"679\" height=\"316\" \/>\u00a0\u00a0\u00a0\u00a0\u00a0\u00a0\u00a0\u00a0\u00a0\u00a0\u00a0 L<\/strong>a administraci\u00f3n p\u00fablica regresa hoy lunes a la presencialidad plena,\u00a0de acuerdo con el decreto del Gobierno nacional que estableci\u00f3 como fecha l\u00edmite el 1 de mayo, para poner fin a la modalidad de trabajo remoto.<\/p>\n<p>A trav\u00e9s de la Resoluci\u00f3n 58\/2022, publicada el mes pasado en el Bolet\u00edn Oficial, la Secretar\u00eda de Gesti\u00f3n y Empleo P\u00fablico de la Jefatura de Gabinete, resolvi\u00f3 la vuelta a la presencialidad: \u201cCada jurisdicci\u00f3n, organismo y entidad de la administraci\u00f3n p\u00fablica nacional (\u2026) deber\u00e1 disponer el retorno a la modalidad de prestaci\u00f3n de servicios que era habitual en forma previa a la vigencia del Decreto 260 del 12 de marzo de 2020 y sus modificatorios\u201d. ( ver nota VW;\u00a0https:\/\/www.visionweb.com.ar\/?p=5077).<\/p>\n<p>A la vez, los trabajadores deber\u00e1n continuar respetando las recomendaciones generales para prevenir nuevos contagios de coronavirus y de otras enfermedades respiratorias.<\/p>\n<p>En paralelo y de acuerdo con la resoluci\u00f3n firmada el mes pasado por la secretaria de Gesti\u00f3n y Empleo P\u00fablico, Ana Castellani,<strong>\u00a0<\/strong>los organismos estatales deben solicitar los certificados de vacunaci\u00f3n a sus trabajadores.<\/p>\n<p><strong>\u00a0<\/strong>Para esta vuelta definitiva a la presencialidad, el Gobierno dispuso que\u00a0seguir\u00e1n \u201cexceptuadas\u201d las personas que acrediten documentaci\u00f3n m\u00e9dica por pertenecer a grupos de riesgos. \u201cSolamente hoy siguen trabajando de manera remota aquellas personas que tienen alg\u00fan tipo de inmunodepresi\u00f3n, una comorbilidad, que establece muy claramente los incisos 5 y 6 de la \u00faltima resoluci\u00f3n de Salud, una situaci\u00f3n que impide, con acreditaci\u00f3n de certificado m\u00e9dico, la asistencia presencial\u201d, explic\u00f3 en su momento Castellani.<\/p>\n<p>Los exceptuados a prestar servicios de manera presencial son, por un lado, las personas con inmunodeficiencias cong\u00e9nita, asplenia funcional o anat\u00f3mica, anemia drepanoc\u00edtica y desnutrici\u00f3n grave, con VIH (dependiendo del status) y pacientes que tomen medicaci\u00f3n inmunosupresora o corticoides en altas dosis.<\/p>\n<p>En este grupo tambi\u00e9n figuran los pacientes oncol\u00f3gicos y trasplantados: con enfermedad oncohematol\u00f3gica hasta seis meses posteriores a la remisi\u00f3n completa, con tumor de \u00f3rgano s\u00f3lido en tratamiento y los trasplantados de \u00f3rganos s\u00f3lidos o de precursores hematopoy\u00e9ticos.<\/p>\n<p>Adem\u00e1s, seg\u00fan los par\u00e1metros del Ministerio de Salud, \u201caquellos trabajadores que tengan diagn\u00f3stico de Covid-19, que no hayan requerido internaci\u00f3n, podr\u00e1n reincorporarse a sus lugares de trabajo sin necesidad de presentar resultado de test negativo\u00a0ni certificado de alta\u201d.<\/p>\n<p>En el caso de aquellos que hayan desistido de vacunarse contra el coronavirus deber\u00e1n \u201cfirmar una Declaraci\u00f3n Jurada expresando que han recibido y comprendido la informaci\u00f3n vinculada a la vacunaci\u00f3n y que asumen toda responsabilidad derivada de la conducta que adopten\u201d.<\/p>\n<p>Tambi\u00e9n, los no vacunados tienen que comprometerse a \u201ctomar los recaudos necesarios para evitar los perjuicios que su decisi\u00f3n pudiere ocasionar al normal desempe\u00f1o del equipo de trabajo que integran\u201d.<\/p>\n<p>La resoluci\u00f3n que se implementa a partir de hoy advierte a la vez, que \u201caquellos trabajadores que no cumplan con la modalidad de servicios exigible ser\u00e1n pasibles de las sanciones que correspondan de conformidad con el r\u00e9gimen disciplinario aplicable\u201d. <strong>(VW)<\/strong><\/p>\n<p>&nbsp;<\/p>\n","protected":false},"excerpt":{"rendered":"<p>Hoy los trabajadores del estado dicen adi\u00f3s al \u201chome office\u201d y vuelven a la modalidad presencial en sus puestos, aunque seguir\u00e1n exceptuadas las personas que acrediten documentaci\u00f3n m\u00e9dica por pertenecer a grupos de riesgos.<\/p>\n","protected":false},"author":4,"featured_media":5459,"comment_status":"closed","ping_status":"closed","sticky":false,"template":"","format":"standard","meta":{"_monsterinsights_skip_tracking":false,"_monsterinsights_sitenote_active":false,"_monsterinsights_sitenote_note":"","_monsterinsights_sitenote_category":0,"footnotes":""},"categories":[3,5],"tags":[1907,2025,2199,2200],"class_list":["post-5457","post","type-post","status-publish","format-standard","has-post-thumbnail","hentry","category-actualidad","category-sociedad","tag-estatales","tag-resolucion-582022","tag-retorno-a-la-presencialidad","tag-trabajadores-publucos-castellani"],"_links":{"self":[{"href":"https:\/\/www.visionweb.com.ar\/index.php?rest_route=\/wp\/v2\/posts\/5457","targetHints":{"allow":["GET"]}}],"collection":[{"href":"https:\/\/www.visionweb.com.ar\/index.php?rest_route=\/wp\/v2\/posts"}],"about":[{"href":"https:\/\/www.visionweb.com.ar\/index.php?rest_route=\/wp\/v2\/types\/post"}],"author":[{"embeddable":true,"href":"https:\/\/www.visionweb.com.ar\/index.php?rest_route=\/wp\/v2\/users\/4"}],"replies":[{"embeddable":true,"href":"https:\/\/www.visionweb.com.ar\/index.php?rest_route=%2Fwp%2Fv2%2Fcomments&post=5457"}],"version-history":[{"count":2,"href":"https:\/\/www.visionweb.com.ar\/index.php?rest_route=\/wp\/v2\/posts\/5457\/revisions"}],"predecessor-version":[{"id":5460,"href":"https:\/\/www.visionweb.com.ar\/index.php?rest_route=\/wp\/v2\/posts\/5457\/revisions\/5460"}],"wp:featuredmedia":[{"embeddable":true,"href":"https:\/\/www.visionweb.com.ar\/index.php?rest_route=\/wp\/v2\/media\/5459"}],"wp:attachment":[{"href":"https:\/\/www.visionweb.com.ar\/index.php?rest_route=%2Fwp%2Fv2%2Fmedia&parent=5457"}],"wp:term":[{"taxonomy":"category","embeddable":true,"href":"https:\/\/www.visionweb.com.ar\/index.php?rest_route=%2Fwp%2Fv2%2Fcategories&post=5457"},{"taxonomy":"post_tag","embeddable":true,"href":"https:\/\/www.visionweb.com.ar\/index.php?rest_route=%2Fwp%2Fv2%2Ftags&post=5457"}],"curies":[{"name":"wp","href":"https:\/\/api.w.org\/{rel}","templated":true}]}}