{"id":5439,"date":"2022-04-29T12:38:34","date_gmt":"2022-04-29T15:38:34","guid":{"rendered":"https:\/\/www.visionweb.com.ar\/?p=5439"},"modified":"2022-04-29T13:11:32","modified_gmt":"2022-04-29T16:11:32","slug":"el-presidente-fernandez-clausuro-la-asamblea-anual-de-came","status":"publish","type":"post","link":"https:\/\/www.visionweb.com.ar\/?p=5439","title":{"rendered":"El Presidente Fern\u00e1ndez clausur\u00f3 la asamblea anual de CAME"},"content":{"rendered":"<p><em><strong>El mandatario nacional se comprometi\u00f3 a\u00a0<\/strong> <strong>acompa\u00f1amiento del Gobierno nacional a las peque\u00f1as y medianas empresas del pa\u00eds<\/strong><\/em><strong>.<\/strong><!--more--><\/p>\n<p><strong><img loading=\"lazy\" decoding=\"async\" class=\"size-medium wp-image-5443 alignright\" src=\"https:\/\/www.visionweb.com.ar\/wp-content\/uploads\/2022\/04\/CAME-FERNANDEZ-1-300x177.png\" alt=\"\" width=\"300\" height=\"177\" srcset=\"https:\/\/www.visionweb.com.ar\/wp-content\/uploads\/2022\/04\/CAME-FERNANDEZ-1-300x177.png 300w, https:\/\/www.visionweb.com.ar\/wp-content\/uploads\/2022\/04\/CAME-FERNANDEZ-1.png 683w\" sizes=\"auto, (max-width: 300px) 100vw, 300px\" \/>E<\/strong>l presidente Alberto Fern\u00e1ndez clausur\u00f3 en la v\u00edspera la Asamblea General Ordinaria de Confederaci\u00f3n Argentina de la Mediana Empresa (CAME) y comprometi\u00f3 ante m\u00e1s de 250 dirigentes el acompa\u00f1amiento del Gobierno nacional a las peque\u00f1as y medianas empresas del pa\u00eds.<\/p>\n<p>Por su lado, el presidente de CAME, Alfredo Gonz\u00e1lez, sostuvo que \u201cla Argentina de los a\u00f1os que nos tocan compartir necesita urgente ofrecer trabajo y ayudar y promover a los sectores que lo generan\u201d.<\/p>\n<p>En el marco de la Asamblea, el titular de la Secretar\u00eda de la Peque\u00f1a y Mediana Empresa, Guillermo Merediz, firm\u00f3 junto a las autoridades de la entidad, un acuerdo de promoci\u00f3n y el fortalecimiento de centros comerciales a cielo abierto en todo el pa\u00eds.<\/p>\n<p>\u201cEs un hecho hist\u00f3rico porque es la primera vez que se va a trabajar en forma articulada entre Naci\u00f3n, provincias y municipios y los centros comerciales en un proyecto que CAME impulsa desde hace m\u00e1s de 15 a\u00f1os\u201d, afirm\u00f3 Gonz\u00e1lez.<\/p>\n<p>A su turno, el jefe de Estado manifest\u00f3: \u201cLes propongo que sigamos trabajando como hasta ahora, el crecimiento es muy grande, la recuperaci\u00f3n del empleo es real y el consumo crece\u201d, al tiempo que asegur\u00f3 que \u201ctenemos que ponernos a trabajar para que la inflaci\u00f3n no sea ganancia de unos pocos y p\u00e9rdida de muchos\u201d.<\/p>\n<p>\u201cEl 80 por ciento del trabajo argentino se genera en las peque\u00f1as y medianas empresas\u201d, asever\u00f3 el Presidente, a la vez que defendi\u00f3 la producci\u00f3n y la industria nacional en contra de una matriz econ\u00f3mica basada en la importaci\u00f3n.<\/p>\n<p>El titular de CAME, a su vez, plante\u00f3 la necesidad de \u201ccontar con un camino de certidumbre que permita seguir invirtiendo en el pa\u00eds. Necesitamos pol\u00edticas de estado perdurables, di\u00e1logo y madurez pol\u00edtica para avanzar\u201d<strong>(VW)<\/strong>.<\/p>\n<p>&nbsp;<\/p>\n","protected":false},"excerpt":{"rendered":"<p>El mandatario nacional se comprometi\u00f3 a\u00a0 acompa\u00f1amiento del Gobierno nacional a las peque\u00f1as y medianas empresas del pa\u00eds.<\/p>\n","protected":false},"author":3,"featured_media":5443,"comment_status":"closed","ping_status":"closed","sticky":false,"template":"","format":"standard","meta":{"_monsterinsights_skip_tracking":false,"_monsterinsights_sitenote_active":false,"_monsterinsights_sitenote_note":"","_monsterinsights_sitenote_category":0,"footnotes":""},"categories":[749],"tags":[491,309,15],"class_list":["post-5439","post","type-post","status-publish","format-standard","has-post-thumbnail","hentry","category-pymes","tag-autoridades","tag-came","tag-fernandez"],"_links":{"self":[{"href":"https:\/\/www.visionweb.com.ar\/index.php?rest_route=\/wp\/v2\/posts\/5439","targetHints":{"allow":["GET"]}}],"collection":[{"href":"https:\/\/www.visionweb.com.ar\/index.php?rest_route=\/wp\/v2\/posts"}],"about":[{"href":"https:\/\/www.visionweb.com.ar\/index.php?rest_route=\/wp\/v2\/types\/post"}],"author":[{"embeddable":true,"href":"https:\/\/www.visionweb.com.ar\/index.php?rest_route=\/wp\/v2\/users\/3"}],"replies":[{"embeddable":true,"href":"https:\/\/www.visionweb.com.ar\/index.php?rest_route=%2Fwp%2Fv2%2Fcomments&post=5439"}],"version-history":[{"count":4,"href":"https:\/\/www.visionweb.com.ar\/index.php?rest_route=\/wp\/v2\/posts\/5439\/revisions"}],"predecessor-version":[{"id":5445,"href":"https:\/\/www.visionweb.com.ar\/index.php?rest_route=\/wp\/v2\/posts\/5439\/revisions\/5445"}],"wp:featuredmedia":[{"embeddable":true,"href":"https:\/\/www.visionweb.com.ar\/index.php?rest_route=\/wp\/v2\/media\/5443"}],"wp:attachment":[{"href":"https:\/\/www.visionweb.com.ar\/index.php?rest_route=%2Fwp%2Fv2%2Fmedia&parent=5439"}],"wp:term":[{"taxonomy":"category","embeddable":true,"href":"https:\/\/www.visionweb.com.ar\/index.php?rest_route=%2Fwp%2Fv2%2Fcategories&post=5439"},{"taxonomy":"post_tag","embeddable":true,"href":"https:\/\/www.visionweb.com.ar\/index.php?rest_route=%2Fwp%2Fv2%2Ftags&post=5439"}],"curies":[{"name":"wp","href":"https:\/\/api.w.org\/{rel}","templated":true}]}}