{"id":5429,"date":"2022-04-29T09:45:30","date_gmt":"2022-04-29T12:45:30","guid":{"rendered":"https:\/\/www.visionweb.com.ar\/?p=5429"},"modified":"2022-04-29T09:45:30","modified_gmt":"2022-04-29T12:45:30","slug":"massa-comparo-al-frente-de-todos-con-un-tunel","status":"publish","type":"post","link":"https:\/\/www.visionweb.com.ar\/?p=5429","title":{"rendered":"Massa compar\u00f3 al Frente de Todos con un t\u00fanel"},"content":{"rendered":"<p><strong><em>El titular de la C\u00e1mara de diputados recurri\u00f3 a la met\u00e1fora al recorrer las obras de un paso bajo a nivel que se construye en la ciudad bonaerense de Pilar.<\/em><\/strong>\u00a0 <!--more--> \u00a0\u00a0<strong>\u00a0<\/strong><\/p>\n<p><strong><img loading=\"lazy\" decoding=\"async\" class=\"size-medium wp-image-5430 alignleft\" src=\"https:\/\/www.visionweb.com.ar\/wp-content\/uploads\/2022\/04\/Massa-recorre-obras-en-Pilar-300x169.png\" alt=\"\" width=\"300\" height=\"169\" srcset=\"https:\/\/www.visionweb.com.ar\/wp-content\/uploads\/2022\/04\/Massa-recorre-obras-en-Pilar-300x169.png 300w, https:\/\/www.visionweb.com.ar\/wp-content\/uploads\/2022\/04\/Massa-recorre-obras-en-Pilar.png 640w\" sizes=\"auto, (max-width: 300px) 100vw, 300px\" \/> E<\/strong>l presidente de la C\u00e1mara de Diputados, Sergio Massa, y el jefe de Gabinete de la provincia de Buenos Aires, Mart\u00edn Insaurralde, recorrieron este mi\u00e9rcoles, junto al intendente de Pilar, Federico Ach\u00e1val, las obras del primer paso bajo nivel del municipio, que se construye en la calle Bergant\u00edn Independencia de esa ciudad.<\/p>\n<p>\u00abGracias al trabajo articulado del Municipio, la Provincia y la Naci\u00f3n, Pilar va a tener el primer t\u00fanel de su historia, que no ser\u00e1 el \u00fanico\u00bb, destac\u00f3 Massa.<\/p>\n<p>En ese sentido, sostuvo que \u00abun t\u00fanel es tambi\u00e9n un sin\u00f3nimo de c\u00f3mo vemos la gesti\u00f3n\u00bb y se\u00f1al\u00f3 que \u00abes algo que nos conecta, que nos une, aunque nos quieran convencer de que tenemos que estar peleados o divididos\u00bb.<\/p>\n<p>\u00abNuestra convicci\u00f3n es trabajar desde el di\u00e1logo para buscar el consenso, dentro de nuestra coalici\u00f3n de gobierno, con los municipios, con los empresarios y los trabajadores, para que de una vez por todas tengamos un proyecto de pa\u00eds por sobre los proyectos individuales\u00bb, manifest\u00f3 el presidente de la C\u00e1mara de Diputados.<\/p>\n<p>Insaurralde, por su parte, destac\u00f3 \u00abla gran gesti\u00f3n que est\u00e1 haciendo el compa\u00f1ero Fede Ach\u00e1val en Pilar\u00bb y agradeci\u00f3 a Massa \u00abpor el trabajo articulado desde la C\u00e1mara de Diputados de la Naci\u00f3n\u00bb.<\/p>\n<p>\u00abEl gobierno que nos precedi\u00f3 hizo un ajuste dur\u00edsimo sobre los programas de inclusi\u00f3n social, a la vez que endeudaba el pa\u00eds y la provincia en miles de millones de d\u00f3lares de manera irresponsable sin dejar ninguna obra transformadora\u00bb, destac\u00f3 el jefe de Gabinete bonaerense.<\/p>\n<p>Asimismo, se\u00f1al\u00f3 que \u00abjunto a Axel (Kicillof) y todo el equipo de la Provincia, en articulaci\u00f3n con Alberto (Fern\u00e1ndez), Cristina (Fern\u00e1ndez de Kirchner), Sergio (Massa) y M\u00e1ximo (Kirchner) creemos en un mercado fuerte y grande que genere riqueza\u00bb y \u00abtambi\u00e9n en un Estado fuerte y grande que ayude a resolver problemas\u00bb.<\/p>\n<p>El intendente, a su vez, expres\u00f3 que \u00abesta obra muestra la dimensi\u00f3n de lo que el Estado puede hacer en t\u00e9rminos de infraestructura cuando la Naci\u00f3n, la Provincia y los municipios nos unimos\u00bb y resalt\u00f3 \u00abc\u00f3mo el Pase Libre Multimodal transforma la vida de las familias\u00bb<strong>(VW)<\/strong>.<\/p>\n","protected":false},"excerpt":{"rendered":"<p>El titular de la C\u00e1mara de diputados recurri\u00f3 a la met\u00e1fora al recorrer las obras de un paso bajo a nivel que se construye en la ciudad bonaerense de Pilar.\u00a0<\/p>\n","protected":false},"author":3,"featured_media":5430,"comment_status":"closed","ping_status":"closed","sticky":false,"template":"","format":"standard","meta":{"_monsterinsights_skip_tracking":false,"_monsterinsights_sitenote_active":false,"_monsterinsights_sitenote_note":"","_monsterinsights_sitenote_category":0,"footnotes":""},"categories":[4],"tags":[],"class_list":["post-5429","post","type-post","status-publish","format-standard","has-post-thumbnail","hentry","category-politica"],"_links":{"self":[{"href":"https:\/\/www.visionweb.com.ar\/index.php?rest_route=\/wp\/v2\/posts\/5429","targetHints":{"allow":["GET"]}}],"collection":[{"href":"https:\/\/www.visionweb.com.ar\/index.php?rest_route=\/wp\/v2\/posts"}],"about":[{"href":"https:\/\/www.visionweb.com.ar\/index.php?rest_route=\/wp\/v2\/types\/post"}],"author":[{"embeddable":true,"href":"https:\/\/www.visionweb.com.ar\/index.php?rest_route=\/wp\/v2\/users\/3"}],"replies":[{"embeddable":true,"href":"https:\/\/www.visionweb.com.ar\/index.php?rest_route=%2Fwp%2Fv2%2Fcomments&post=5429"}],"version-history":[{"count":1,"href":"https:\/\/www.visionweb.com.ar\/index.php?rest_route=\/wp\/v2\/posts\/5429\/revisions"}],"predecessor-version":[{"id":5431,"href":"https:\/\/www.visionweb.com.ar\/index.php?rest_route=\/wp\/v2\/posts\/5429\/revisions\/5431"}],"wp:featuredmedia":[{"embeddable":true,"href":"https:\/\/www.visionweb.com.ar\/index.php?rest_route=\/wp\/v2\/media\/5430"}],"wp:attachment":[{"href":"https:\/\/www.visionweb.com.ar\/index.php?rest_route=%2Fwp%2Fv2%2Fmedia&parent=5429"}],"wp:term":[{"taxonomy":"category","embeddable":true,"href":"https:\/\/www.visionweb.com.ar\/index.php?rest_route=%2Fwp%2Fv2%2Fcategories&post=5429"},{"taxonomy":"post_tag","embeddable":true,"href":"https:\/\/www.visionweb.com.ar\/index.php?rest_route=%2Fwp%2Fv2%2Ftags&post=5429"}],"curies":[{"name":"wp","href":"https:\/\/api.w.org\/{rel}","templated":true}]}}