{"id":5426,"date":"2022-04-29T09:21:07","date_gmt":"2022-04-29T12:21:07","guid":{"rendered":"https:\/\/www.visionweb.com.ar\/?p=5426"},"modified":"2022-04-29T09:22:02","modified_gmt":"2022-04-29T12:22:02","slug":"antonio-bouso-el-chico-de-13-anos-de-esteban-echeverria-que-viajara-al-mundial-de-taekwondo","status":"publish","type":"post","link":"https:\/\/www.visionweb.com.ar\/?p=5426","title":{"rendered":"Antonio Bouso, el chico de 13 a\u00f1os de Esteban Echeverr\u00eda que viajar\u00e1 al Mundial de Taekwondo"},"content":{"rendered":"<p><strong><em>El deportista logr\u00f3 la clasificaci\u00f3n en el Tercer Selectivo Nacional de Taekwondo ITF para el Mundial, que se realizar\u00e1 en julio en los Pa\u00edses Bajos. El taekwondista y su familia buscan apoyo econ\u00f3mico para poder asistir al evento deportivo<\/em><\/strong><!--more--><\/p>\n<div id=\"attachment_5427\" style=\"width: 310px\" class=\"wp-caption alignright\"><img loading=\"lazy\" decoding=\"async\" aria-describedby=\"caption-attachment-5427\" class=\"wp-image-5427 size-medium\" src=\"https:\/\/www.visionweb.com.ar\/wp-content\/uploads\/2022\/04\/BOUSO-300x214.png\" alt=\"\" width=\"300\" height=\"214\" srcset=\"https:\/\/www.visionweb.com.ar\/wp-content\/uploads\/2022\/04\/BOUSO-300x214.png 300w, https:\/\/www.visionweb.com.ar\/wp-content\/uploads\/2022\/04\/BOUSO-768x548.png 768w, https:\/\/www.visionweb.com.ar\/wp-content\/uploads\/2022\/04\/BOUSO.png 800w\" sizes=\"auto, (max-width: 300px) 100vw, 300px\" \/><p id=\"caption-attachment-5427\" class=\"wp-caption-text\">Bouso: \u00abEste arte marcial me ayud\u00f3 a templas mi car\u00e1cter y ganar confianza\u00bb<\/p><\/div>\n<p><strong>\u00a0 \u00a0 \u00a0E<\/strong>l deportista, con solo 13 a\u00f1os, logr\u00f3 el domingo pasado el primer puesto en la categor\u00eda juvenil hasta 50 kilogramos en el Tercer Selectivo Nacional de Taekwondo ITF para el Mundial, realizado en el Microestadio Eva Per\u00f3n de Lomas de Zamora, y ahora busca\u00a0<strong>apoyo para poder asistir al evento deportivo<\/strong>.<\/p>\n<p>Bouso particip\u00f3 de otros torneos internacionales como el Panamericano Uruguay 2019 donde se ubic\u00f3 en el segundo puesto y el Panamericano, que fue realizado en Argentina en 2016, en el que logr\u00f3 el tercer puesto con s\u00f3lo 8 a\u00f1os.<\/p>\n<p>\u201cEste arte marcial me ayud\u00f3 a templar mi car\u00e1cter, a ganar confianza, me aport\u00f3 concentraci\u00f3n y disciplina,\u00a0<strong>pude ganar una mayor autoestima y seguridad en m\u00ed mismo<\/strong>. Tambi\u00e9n logr\u00e9 hacer grandes amistades\u201d, expres\u00f3 el taekwondista a trav\u00e9s de un comunicado.<\/p>\n<p>La madre de Bouso, Mar\u00eda Victoria Hermosilla, afirm\u00f3 en di\u00e1logo con AUNO que es \u201cun orgullo enorme para toda la familia\u201d que su hijo participe del Mundial\u00a0y asegur\u00f3 que valoran mucho \u201csu esfuerzo y dedicaci\u00f3n\u201d.<\/p>\n<p>Adem\u00e1s, la madre del taekwondista record\u00f3 la tensi\u00f3n y la emoci\u00f3n vivida en la segunda lucha del torno, porque el contrincante contaba con la misma cantidad de puntos que Antonio, por lo que \u201cten\u00eda que ganar s\u00ed o s\u00ed para poder clasificar\u201d.<\/p>\n<p>\u201cLa experiencia de acompa\u00f1arlo en los entrenamientos fue muy linda, fue acompa\u00f1arlo en su meta que era clasificar al Mundial, ver como creci\u00f3 deportivamente y c\u00f3mo cambi\u00f3 en lo personal: lo ayud\u00f3 mucho a cambiar su comportamiento\u201d, asegur\u00f3 la mam\u00e1 de Antonio.<\/p>\n<p>El joven deportista viajar\u00e1 al Mundial acompa\u00f1ado de su madre, y pedir\u00e1 ayuda econ\u00f3mica al municipio de Esteban Echeverr\u00eda para que su entrenador, Nahuel Coronel, tambi\u00e9n lo acompa\u00f1e.<\/p>\n<p>En referencia al viaje la madre de Bouso conf\u00edo que se preparan \u201ccon una mezcla de ansiedad y nervios\u201d y explic\u00f3 que \u201cva a ser toda una experiencia familiar\u201d porque es la primera vez que viajar\u00e1n a Europa.<\/p>\n<p>El taekwondista tambi\u00e9n se probar\u00e1 este s\u00e1bado 23 para formar parte de la Selecci\u00f3n de Argentina de Taekwondo, en el Parque de Lomas de Zamora, donde deber\u00e1 demostrar sus aptitudes en forma, lucha y rotura de tabla<strong>(VW)<\/strong>.<\/p>\n","protected":false},"excerpt":{"rendered":"<p>El deportista logr\u00f3 la clasificaci\u00f3n en el Tercer Selectivo Nacional de Taekwondo ITF para el Mundial, que se realizar\u00e1 en julio en los Pa\u00edses Bajos. El taekwondista y su familia buscan apoyo econ\u00f3mico para&#46;&#46;&#46;<\/p>\n","protected":false},"author":3,"featured_media":5427,"comment_status":"closed","ping_status":"closed","sticky":false,"template":"","format":"standard","meta":{"_monsterinsights_skip_tracking":false,"_monsterinsights_sitenote_active":false,"_monsterinsights_sitenote_note":"","_monsterinsights_sitenote_category":0,"footnotes":""},"categories":[5],"tags":[2192,2193],"class_list":["post-5426","post","type-post","status-publish","format-standard","has-post-thumbnail","hentry","category-sociedad","tag-bouso","tag-torneo-internacional"],"_links":{"self":[{"href":"https:\/\/www.visionweb.com.ar\/index.php?rest_route=\/wp\/v2\/posts\/5426","targetHints":{"allow":["GET"]}}],"collection":[{"href":"https:\/\/www.visionweb.com.ar\/index.php?rest_route=\/wp\/v2\/posts"}],"about":[{"href":"https:\/\/www.visionweb.com.ar\/index.php?rest_route=\/wp\/v2\/types\/post"}],"author":[{"embeddable":true,"href":"https:\/\/www.visionweb.com.ar\/index.php?rest_route=\/wp\/v2\/users\/3"}],"replies":[{"embeddable":true,"href":"https:\/\/www.visionweb.com.ar\/index.php?rest_route=%2Fwp%2Fv2%2Fcomments&post=5426"}],"version-history":[{"count":1,"href":"https:\/\/www.visionweb.com.ar\/index.php?rest_route=\/wp\/v2\/posts\/5426\/revisions"}],"predecessor-version":[{"id":5428,"href":"https:\/\/www.visionweb.com.ar\/index.php?rest_route=\/wp\/v2\/posts\/5426\/revisions\/5428"}],"wp:featuredmedia":[{"embeddable":true,"href":"https:\/\/www.visionweb.com.ar\/index.php?rest_route=\/wp\/v2\/media\/5427"}],"wp:attachment":[{"href":"https:\/\/www.visionweb.com.ar\/index.php?rest_route=%2Fwp%2Fv2%2Fmedia&parent=5426"}],"wp:term":[{"taxonomy":"category","embeddable":true,"href":"https:\/\/www.visionweb.com.ar\/index.php?rest_route=%2Fwp%2Fv2%2Fcategories&post=5426"},{"taxonomy":"post_tag","embeddable":true,"href":"https:\/\/www.visionweb.com.ar\/index.php?rest_route=%2Fwp%2Fv2%2Ftags&post=5426"}],"curies":[{"name":"wp","href":"https:\/\/api.w.org\/{rel}","templated":true}]}}