{"id":5416,"date":"2022-04-28T15:26:48","date_gmt":"2022-04-28T18:26:48","guid":{"rendered":"https:\/\/www.visionweb.com.ar\/?p=5416"},"modified":"2022-04-28T15:26:48","modified_gmt":"2022-04-28T18:26:48","slug":"lanus-lanzaron-la-candidatura-de-kravetz-para-intendente","status":"publish","type":"post","link":"https:\/\/www.visionweb.com.ar\/?p=5416","title":{"rendered":"Lan\u00fas: Lanzaron la candidatura de Kravetz para intendente"},"content":{"rendered":"<p><em><strong>Presentaron la candidatura a intendente del actual jefe de Gabinete municipal, Diego Kravetz, mano derecha del intendente N\u00e9stor Grindetti.<\/strong><\/em><!--more--><\/p>\n<div id=\"attachment_5418\" style=\"width: 310px\" class=\"wp-caption alignright\"><img loading=\"lazy\" decoding=\"async\" aria-describedby=\"caption-attachment-5418\" class=\"wp-image-5418 size-medium\" src=\"https:\/\/www.visionweb.com.ar\/wp-content\/uploads\/2022\/04\/kravtz-a-intendente-2-300x198.jpg\" alt=\"\" width=\"300\" height=\"198\" srcset=\"https:\/\/www.visionweb.com.ar\/wp-content\/uploads\/2022\/04\/kravtz-a-intendente-2-300x198.jpg 300w, https:\/\/www.visionweb.com.ar\/wp-content\/uploads\/2022\/04\/kravtz-a-intendente-2.jpg 605w\" sizes=\"auto, (max-width: 300px) 100vw, 300px\" \/><p id=\"caption-attachment-5418\" class=\"wp-caption-text\">Juntos a Mujeres del PRO, lanzaron la candidatura a intendente de Diego Kravetz. (Imagen: Facebook de Marcelo Rivas)<\/p><\/div>\n<p><strong>E<\/strong>l Secretario de Coordinaci\u00f3n Gubernamental y Asuntos Legislativos, Marcelo Rivas, lanz\u00f3 la candidatura a intendente 2023 de Diego Kravetz, en el marco de una reuni\u00f3n de mujeres del PRO de Lan\u00fas.<\/p>\n<p>Rivas, en el evento realizado ayer en el restaurante del Club Lan\u00fas, renov\u00f3 la firme convicci\u00f3n de trabajo, para que el proyecto que inici\u00f3 N\u00e9stor Grindetti se consolide a partir del 2023 con Kravetz como intendente de Lan\u00fas.<\/p>\n<p>El funcionario destac\u00f3 la importancia de recuperar la presidencia y apost\u00f3 \u201cal PRO a dirigir la Provincia, con Grindetti como gobernador\u201d.<\/p>\n<p><a href=\"https:\/\/www.visionweb.com.ar\/wp-content\/uploads\/2022\/04\/kravetz-para-intendente-1.bmp\"><img loading=\"lazy\" decoding=\"async\" class=\"size-full wp-image-5419 aligncenter\" src=\"https:\/\/www.visionweb.com.ar\/wp-content\/uploads\/2022\/04\/kravetz-para-intendente-1.bmp\" alt=\"\" width=\"606\" height=\"343\" \/><\/a>Durante el encuentro, Kravetz agradeci\u00f3 la concurrencia femenina, alrededor de 300 mujeres: \u201cLa columna vertebral de Juntos es el PRO, pero el coraz\u00f3n son las mujeres, que aman y viven la pol\u00edtica como nadie; se comprometen, invierten su tiempo y dan las batallas m\u00e1s duras con la convicci\u00f3n inquebrantable\u201d.<\/p>\n<p>Y agreg\u00f3: \u201cLas mujeres son imparables, y gracias a ellas vamos a recuperar la provincia y el pa\u00eds\u201d, subray\u00f3 el precandidato a la intendencia. <strong>(VW)<\/strong><\/p>\n<p>&nbsp;<\/p>\n","protected":false},"excerpt":{"rendered":"<p>Presentaron la candidatura a intendente del actual jefe de Gabinete municipal, Diego Kravetz, mano derecha del intendente N\u00e9stor Grindetti.<\/p>\n","protected":false},"author":4,"featured_media":5419,"comment_status":"closed","ping_status":"closed","sticky":false,"template":"","format":"standard","meta":{"_monsterinsights_skip_tracking":false,"_monsterinsights_sitenote_active":false,"_monsterinsights_sitenote_note":"","_monsterinsights_sitenote_category":0,"footnotes":""},"categories":[4],"tags":[2190,18,241,19,2189],"class_list":["post-5416","post","type-post","status-publish","format-standard","has-post-thumbnail","hentry","category-politica","tag-candidatura-a-intendente","tag-grindetti","tag-kravetz","tag-lanus","tag-marcelo-rivas"],"_links":{"self":[{"href":"https:\/\/www.visionweb.com.ar\/index.php?rest_route=\/wp\/v2\/posts\/5416","targetHints":{"allow":["GET"]}}],"collection":[{"href":"https:\/\/www.visionweb.com.ar\/index.php?rest_route=\/wp\/v2\/posts"}],"about":[{"href":"https:\/\/www.visionweb.com.ar\/index.php?rest_route=\/wp\/v2\/types\/post"}],"author":[{"embeddable":true,"href":"https:\/\/www.visionweb.com.ar\/index.php?rest_route=\/wp\/v2\/users\/4"}],"replies":[{"embeddable":true,"href":"https:\/\/www.visionweb.com.ar\/index.php?rest_route=%2Fwp%2Fv2%2Fcomments&post=5416"}],"version-history":[{"count":2,"href":"https:\/\/www.visionweb.com.ar\/index.php?rest_route=\/wp\/v2\/posts\/5416\/revisions"}],"predecessor-version":[{"id":5420,"href":"https:\/\/www.visionweb.com.ar\/index.php?rest_route=\/wp\/v2\/posts\/5416\/revisions\/5420"}],"wp:featuredmedia":[{"embeddable":true,"href":"https:\/\/www.visionweb.com.ar\/index.php?rest_route=\/wp\/v2\/media\/5419"}],"wp:attachment":[{"href":"https:\/\/www.visionweb.com.ar\/index.php?rest_route=%2Fwp%2Fv2%2Fmedia&parent=5416"}],"wp:term":[{"taxonomy":"category","embeddable":true,"href":"https:\/\/www.visionweb.com.ar\/index.php?rest_route=%2Fwp%2Fv2%2Fcategories&post=5416"},{"taxonomy":"post_tag","embeddable":true,"href":"https:\/\/www.visionweb.com.ar\/index.php?rest_route=%2Fwp%2Fv2%2Ftags&post=5416"}],"curies":[{"name":"wp","href":"https:\/\/api.w.org\/{rel}","templated":true}]}}