{"id":5412,"date":"2022-04-28T14:40:41","date_gmt":"2022-04-28T17:40:41","guid":{"rendered":"https:\/\/www.visionweb.com.ar\/?p=5412"},"modified":"2022-04-28T14:40:41","modified_gmt":"2022-04-28T17:40:41","slug":"manes-lanzo-empatia-por-lanus-y-piso-fuerte","status":"publish","type":"post","link":"https:\/\/www.visionweb.com.ar\/?p=5412","title":{"rendered":"Manes lanz\u00f3 \u201cEmpat\u00eda por Lan\u00fas\u201d y pis\u00f3 fuerte"},"content":{"rendered":"<p><em><strong>Se present\u00f3 ayer en el Centro Comercial de Lan\u00fas, frente a una concurrencia completa. Convoc\u00f3 a las distintas fuerzas pol\u00edticas para la \u201crevoluci\u00f3n del conocimiento\u201d.<\/strong><\/em><!--more--><\/p>\n<p><strong><img loading=\"lazy\" decoding=\"async\" class=\"size-medium wp-image-5414 alignright\" src=\"https:\/\/www.visionweb.com.ar\/wp-content\/uploads\/2022\/04\/manes-en-lanus-300x178.jpg\" alt=\"\" width=\"300\" height=\"178\" srcset=\"https:\/\/www.visionweb.com.ar\/wp-content\/uploads\/2022\/04\/manes-en-lanus-300x178.jpg 300w, https:\/\/www.visionweb.com.ar\/wp-content\/uploads\/2022\/04\/manes-en-lanus.jpg 551w\" sizes=\"auto, (max-width: 300px) 100vw, 300px\" \/>E<\/strong>l diputado nacional del radicalismo, y neurocient\u00edfico Facundo Manes, se present\u00f3 en el centro comercial de Lan\u00fas este, y expuso sus ideas en el nuevo espacio Empat\u00eda: \u201chacia un prop\u00f3sito com\u00fan\u201d, donde a la vez convoc\u00f3 a peronistas, liberales, socialistas, \u00a0para la \u201crevoluci\u00f3n del conocimiento\u201d.<\/p>\n<p>Con la presencia de varios j\u00f3venes en el escenario, se dirigi\u00f3 a ellos:\u00a0\u201cEstamos trabajando para que no se vayan, que tengan un futuro donde puedan desarrollar y potenciar sus talentos. Hoy tenemos una deuda con los j\u00f3venes, no creen en nada, ni en la pol\u00edtica ni en las instituciones ni en la educaci\u00f3n como motor de desarrollo, es culpa nuestra\u201d.<\/p>\n<p>Remarc\u00f3 a la vez, que a \u00e9l no lo educ\u00f3 el mercado sino la educaci\u00f3n p\u00fablica argentina. \u201cSi queremos salir de la pobreza tenemos que invertir en educaci\u00f3n que es la mayor arma que tenemos\u201d.<\/p>\n<p>Afirm\u00f3 que la \u00fanica manera de salir es que \u201cnos juntemos todos en un sue\u00f1o colectivo en una revoluci\u00f3n de conocimiento. Es mucho m\u00e1s que una ley, es un pa\u00eds insertado inteligentemente en el mundo.\u00a0Es un pa\u00eds con salud, con ciudadanos bien educados, dirigentes ejemplares; hemos perdido la noci\u00f3n de que un dirigente puede ser honesto.<\/p>\n<p>En ese sentido, Manes analiz\u00f3: \u201cNo es todo lo mismo ni somos todos lo mismo. Es con los socialistas, con el peronismo, con los liberales, con la sociedad civil. Los partidos pol\u00edticos que no se renuevan no tienen derecho a existir.\u00a0Vamos a reconstruir el pa\u00eds, no vamos a renunciar a la Argentina\u201d, exclam\u00f3.<\/p>\n<p>Y exalt\u00f3: \u201cTenemos que volver a dirigentes ejemplares y honestos. Podemos hacer de todo pero no lo vamos a lograr sino resolvemos la crisis \u00e9tica y moral que vivimos\u201d.<\/p>\n<p>Y tambi\u00e9n habl\u00f3 de un nuevo rol del pa\u00eds en el mundo, de retomar la producci\u00f3n de alimentos, energ\u00eda, de un potencial enorme en la agroindustria, salud, industria textil construcci\u00f3n, turismo. \u201cPodemos perder la oportunidad sino nos unimos y exigimos un revoluci\u00f3n\u201d, advirti\u00f3.<\/p>\n<p>\u201cTenemos que tener empat\u00eda de sentir lo que sienten otros, salir de la grieta que nos empobrece y s\u00f3lo favorece a los l\u00edderes. Necesitamos l\u00edderes que nos unan no que nos dividan.\u00a0Tenemos que hacerlo aunque parezca imposible.\u00a0\u00a0Las diferencias son m\u00ednimas ante el desaf\u00edo de reconstruir una naci\u00f3n\u201d, enfatiz\u00f3.<\/p>\n<p>En el cierre, invoc\u00f3 el anhelo que tuvo el General San Mart\u00edn para cruzar la cordillera de los Andes y liberar Am\u00e9rica. No obten\u00eda respuesta\u00a0 ni recursos hasta que el General Pueyrred\u00f3n lo ayud\u00f3.\u00a0San Mart\u00edn entonces le respondi\u00f3: \u201ctiene raz\u00f3n lo que queremos hacer es imposible pero es imprescindible\u201d.<\/p>\n<p>\u201cLo que queremos hacer ac\u00e1 es imprescindible, lo vamos a hacer porque no vamos a renunciar a la Argentina\u201d, cerr\u00f3 con la sala inundada de aplausos.<\/p>\n<p>Estuvieron presentes dirigentes radicales como Marcelo Pellegrino, Maximiliano Abad, Pablo Domenichi y Danya Tavela, Fernando Geron\u00e9s. Tambi\u00e9n asistieron Luc\u00eda Stanco, Valeria Larraz, Emiliano Bursese, la diputada Nazarena Mes\u00edas, el titular de la UCR local, Leandro Bechara Arcuri, la funcionaria Noelia Quindimil, Diego Kravetz y Dami\u00e1n Sala. <strong>(VW)<\/strong><\/p>\n<p>&nbsp;<\/p>\n","protected":false},"excerpt":{"rendered":"<p>Se present\u00f3 ayer en el Centro Comercial de Lan\u00fas, frente a una concurrencia completa. Convoc\u00f3 a las distintas fuerzas pol\u00edticas para la \u201crevoluci\u00f3n del conocimiento\u201d.<\/p>\n","protected":false},"author":4,"featured_media":5414,"comment_status":"closed","ping_status":"closed","sticky":false,"template":"","format":"standard","meta":{"_monsterinsights_skip_tracking":false,"_monsterinsights_sitenote_active":false,"_monsterinsights_sitenote_note":"","_monsterinsights_sitenote_category":0,"footnotes":""},"categories":[4],"tags":[1141,2188,2187,19],"class_list":["post-5412","post","type-post","status-publish","format-standard","has-post-thumbnail","hentry","category-politica","tag-centro-comercial","tag-empatia-por-lanus","tag-facundo-manes","tag-lanus"],"_links":{"self":[{"href":"https:\/\/www.visionweb.com.ar\/index.php?rest_route=\/wp\/v2\/posts\/5412","targetHints":{"allow":["GET"]}}],"collection":[{"href":"https:\/\/www.visionweb.com.ar\/index.php?rest_route=\/wp\/v2\/posts"}],"about":[{"href":"https:\/\/www.visionweb.com.ar\/index.php?rest_route=\/wp\/v2\/types\/post"}],"author":[{"embeddable":true,"href":"https:\/\/www.visionweb.com.ar\/index.php?rest_route=\/wp\/v2\/users\/4"}],"replies":[{"embeddable":true,"href":"https:\/\/www.visionweb.com.ar\/index.php?rest_route=%2Fwp%2Fv2%2Fcomments&post=5412"}],"version-history":[{"count":2,"href":"https:\/\/www.visionweb.com.ar\/index.php?rest_route=\/wp\/v2\/posts\/5412\/revisions"}],"predecessor-version":[{"id":5415,"href":"https:\/\/www.visionweb.com.ar\/index.php?rest_route=\/wp\/v2\/posts\/5412\/revisions\/5415"}],"wp:featuredmedia":[{"embeddable":true,"href":"https:\/\/www.visionweb.com.ar\/index.php?rest_route=\/wp\/v2\/media\/5414"}],"wp:attachment":[{"href":"https:\/\/www.visionweb.com.ar\/index.php?rest_route=%2Fwp%2Fv2%2Fmedia&parent=5412"}],"wp:term":[{"taxonomy":"category","embeddable":true,"href":"https:\/\/www.visionweb.com.ar\/index.php?rest_route=%2Fwp%2Fv2%2Fcategories&post=5412"},{"taxonomy":"post_tag","embeddable":true,"href":"https:\/\/www.visionweb.com.ar\/index.php?rest_route=%2Fwp%2Fv2%2Ftags&post=5412"}],"curies":[{"name":"wp","href":"https:\/\/api.w.org\/{rel}","templated":true}]}}