{"id":5408,"date":"2022-04-28T13:51:21","date_gmt":"2022-04-28T16:51:21","guid":{"rendered":"https:\/\/www.visionweb.com.ar\/?p=5408"},"modified":"2022-04-28T13:51:21","modified_gmt":"2022-04-28T16:51:21","slug":"presentaron-el-programa-pupa-para-fortalecer-la-economia-popular","status":"publish","type":"post","link":"https:\/\/www.visionweb.com.ar\/?p=5408","title":{"rendered":"Presentaron el Programa \u201cPUPA\u201d para fortalecer la econom\u00eda popular"},"content":{"rendered":"<p><em><strong>La iniciativa busca que los productores de alimentos de la econom\u00eda popular se conviertan en proveedores de comercios y del estado.<\/strong><\/em><!--more--><\/p>\n<p><strong><img loading=\"lazy\" decoding=\"async\" class=\"size-full wp-image-5410 aligncenter\" src=\"https:\/\/www.visionweb.com.ar\/wp-content\/uploads\/2022\/04\/programa-economias-poplares-PUPA.bmp\" alt=\"\" width=\"604\" height=\"367\" \/>E<\/strong>n la Cooperativa Citrus de Lan\u00fas se realiz\u00f3 la presentaci\u00f3n y la primera jornada del nuevo programa denominado Peque\u00f1as Unidades Productivas, Alimenticias (PUPA). Se trata de una herramienta que el Gobierno Nacional brinda a trav\u00e9s del Programa de Desarrollo de Proveedores de Alimentos, del Productor a la G\u00f3ndola, a los trabajadoras y trabajadores de la econom\u00eda popular.<\/p>\n<p>Esta iniciativa llega a trav\u00e9s de la\u00a0Secretar\u00eda de Econom\u00eda Social del Ministerio de Desarrollo<strong>\u00a0<\/strong>y se articula con el gobierno bonaerense y el Instituto Nacional de Asociativismo y Econom\u00eda Social (INAES) y tiene como objetivo que los productores de alimentos de ese \u00e1mbito,\u00a0se constituyan progresivamente en proveedores del Estado y de los comercios de proximidad.<\/p>\n<p>Durante la presentaci\u00f3n, que se realiz\u00f3 este mi\u00e9rcoles en las instalaciones de la Cooperativa Citrus, ubicada en Moreno 1198 de Lan\u00fas Oeste, trabajadores de Mar del Plata, Suipacha y Lan\u00fas,\u00a0contaron sus experiencias y proyectos<strong>\u00a0<\/strong>de producci\u00f3n de panificados, pastas y otros alimentos a partir de PUPA.<\/p>\n<p>A trav\u00e9s de un comunicado, los organizadores precisaron que se busca que los productores\u00a0entablen relaciones con los circuitos de comercializaci\u00f3n\u00a0de car\u00e1cter \u201csolidario y colaborativo entre sectores de la producci\u00f3n, log\u00edstica y venta minorista, en condiciones adecuadas para los peque\u00f1os productores\u201d.<\/p>\n<p>En ese sentido, buscan \u201cfortalecer y desarrollar cadenas productivas regionales de la econom\u00eda popular, que puedan incorporarse y\u00a0profundizar su relaci\u00f3n con circuitos formales de comercializaci\u00f3n,<strong>\u00a0<\/strong>fortaleciendo sus capacidades y vinculando los diferentes eslabones productivos en forma solidaria, estableciendo condiciones comerciales y financieras adecuadas al tama\u00f1o de los establecimientos productivos\u201d, explicaron.<\/p>\n<p>Participaron Juli\u00e1n Aceituno, coordinador Nacional de Roles y Actores de la Econom\u00eda Popular;\u00a0Agust\u00edn Balladares, concejal ad honorem del Frente de Todos de Lan\u00fas y director Nacional de Agenda Pol\u00edtica en Jefatura de Gabinete de Ministros; y\u00a0Viviana Di Marzio, directora Provincial de Fiscalizaci\u00f3n Agropecuaria, Alimentaria y de los Recursos Naturales, \u00a0conversaron en la oportunidad con los productores.<\/p>\n<p>Adem\u00e1s asistieron funcionarios nacionales, provinciales, y locales; integrantes de la Universidad Nacional de Lan\u00fas; y representantes de diversos espacios sociales como el Movimiento Evita, la Corriente Clasista Combativa, Octubres, Movimiento Popular Resistencia y Barrios de Pie, entre otros. <strong>(VW)<\/strong><\/p>\n","protected":false},"excerpt":{"rendered":"<p>La iniciativa busca que los productores de alimentos de la econom\u00eda popular se conviertan en proveedores de comercios y del estado.<\/p>\n","protected":false},"author":4,"featured_media":5410,"comment_status":"closed","ping_status":"closed","sticky":false,"template":"","format":"standard","meta":{"_monsterinsights_skip_tracking":false,"_monsterinsights_sitenote_active":false,"_monsterinsights_sitenote_note":"","_monsterinsights_sitenote_category":0,"footnotes":""},"categories":[6,5],"tags":[2185,2186,19,2184],"class_list":["post-5408","post","type-post","status-publish","format-standard","has-post-thumbnail","hentry","category-economia","category-sociedad","tag-cooperativa-citrus","tag-econmia-popular","tag-lanus","tag-programa-pupa"],"_links":{"self":[{"href":"https:\/\/www.visionweb.com.ar\/index.php?rest_route=\/wp\/v2\/posts\/5408","targetHints":{"allow":["GET"]}}],"collection":[{"href":"https:\/\/www.visionweb.com.ar\/index.php?rest_route=\/wp\/v2\/posts"}],"about":[{"href":"https:\/\/www.visionweb.com.ar\/index.php?rest_route=\/wp\/v2\/types\/post"}],"author":[{"embeddable":true,"href":"https:\/\/www.visionweb.com.ar\/index.php?rest_route=\/wp\/v2\/users\/4"}],"replies":[{"embeddable":true,"href":"https:\/\/www.visionweb.com.ar\/index.php?rest_route=%2Fwp%2Fv2%2Fcomments&post=5408"}],"version-history":[{"count":2,"href":"https:\/\/www.visionweb.com.ar\/index.php?rest_route=\/wp\/v2\/posts\/5408\/revisions"}],"predecessor-version":[{"id":5411,"href":"https:\/\/www.visionweb.com.ar\/index.php?rest_route=\/wp\/v2\/posts\/5408\/revisions\/5411"}],"wp:featuredmedia":[{"embeddable":true,"href":"https:\/\/www.visionweb.com.ar\/index.php?rest_route=\/wp\/v2\/media\/5410"}],"wp:attachment":[{"href":"https:\/\/www.visionweb.com.ar\/index.php?rest_route=%2Fwp%2Fv2%2Fmedia&parent=5408"}],"wp:term":[{"taxonomy":"category","embeddable":true,"href":"https:\/\/www.visionweb.com.ar\/index.php?rest_route=%2Fwp%2Fv2%2Fcategories&post=5408"},{"taxonomy":"post_tag","embeddable":true,"href":"https:\/\/www.visionweb.com.ar\/index.php?rest_route=%2Fwp%2Fv2%2Ftags&post=5408"}],"curies":[{"name":"wp","href":"https:\/\/api.w.org\/{rel}","templated":true}]}}