{"id":5395,"date":"2022-04-28T10:33:04","date_gmt":"2022-04-28T13:33:04","guid":{"rendered":"https:\/\/www.visionweb.com.ar\/?p=5395"},"modified":"2022-04-28T10:33:04","modified_gmt":"2022-04-28T13:33:04","slug":"empieza-hoy-la-feria-internacional-del-libro-2022","status":"publish","type":"post","link":"https:\/\/www.visionweb.com.ar\/?p=5395","title":{"rendered":"Empieza hoy la Feria Internacional del Libro 2022"},"content":{"rendered":"<p><em><strong>Tras dos a\u00f1os de estar suspendida a causa de la pandemia comienza la Feria del Libro hasta el 16 de mayo.\u00a0Habr\u00e1 Festival de Poes\u00eda, \u00a0Di\u00e1logo de Escritoras y Escritores de Latinoam\u00e9rica, entre otros eventos, y el 30 de abril ser\u00e1 la Noche de la Ciudad. <\/strong><\/em><!--more--><\/p>\n<p><strong><img loading=\"lazy\" decoding=\"async\" class=\"size-full wp-image-5397 aligncenter\" src=\"https:\/\/www.visionweb.com.ar\/wp-content\/uploads\/2022\/04\/feria-del-libro-3.bmp\" alt=\"\" width=\"662\" height=\"333\" \/>L<\/strong>a\u00a046\u00b0 edici\u00f3n de la Feria Internacional del Libro 2022 arranca hoy en el predio de La Rural<strong>\u00a0<\/strong>del barrio porte\u00f1o de Palermo, donde durante tres semanas y hasta el pr\u00f3ximo 16 de mayo m\u00e1s de un mill\u00f3n de personas se acercar\u00e1n a los autores y sus obras.<\/p>\n<p>El acto de inauguraci\u00f3n se llevar\u00e1 a cabo a las 18, y contar\u00e1 con el escritor\u00a0Guillermo Saccomanno<strong>\u00a0<\/strong>como principal orador del evento, en el que tambi\u00e9n estar\u00e1n el presidente de la Fundaci\u00f3n El Libro, Ariel Granica, y los ministros de Cultura de la Naci\u00f3n y la ciudad de Buenos Aires, Trist\u00e1n Bauer y Enrique Avogadro.<\/p>\n<p>El d\u00eda 6 de mayo a las 18.30, el premio Nobel\u00a0Mario Vargas Llosa,<strong>\u00a0<\/strong>presentar\u00e1 el convenio entre la C\u00e1tedra Vargas Llosa y la Fundaci\u00f3n El Libro, junto con Javier Cercas y Juan Gabriel V\u00e1zquez, mientras que el domingo 8, a las 18.30, dialogar\u00e1 con Jorge Fern\u00e1ndez D\u00edaz sobre pol\u00edtica y literatura.<\/p>\n<p>Con\u00a0La Habana como ciudad invitada de honor, durante 19 d\u00edas en La Rural, pasar\u00e1n por la feria escritores de todo el mundo como John Katzenbah (Estados Unidos), Javier Cercas (Espa\u00f1a), Mariana Enriquez (Argentina), Diamela Eltit (Chile), Pablo Casacuberta (Uruguay), Marta Sanz (Espa\u00f1a), entre otros.<\/p>\n<p>El s\u00e1bado 30 de abril a partir de las 20, se realizar\u00e1 la Noche de la Ciudad de Buenos Aires con ingreso gratuito hasta la medianoche. El mismo d\u00eda, a las 18.30 se celebrar\u00e1 el D\u00eda de Per\u00fa en la sala Carlos Gorostiza, del Pabell\u00f3n Amarillo con el ingreso de ese pa\u00eds a al feria donde presentar\u00e1 230 t\u00edtulos de 35 autores.<\/p>\n<p>Otro de los eventos destacados es el\u00a0Di\u00e1logo de Escritoras y Escritores de Latinoam\u00e9rica\u00a0que se realizar\u00e1 del s\u00e1bado 7 al martes 10 de mayo, en la sala Alfonsina Storni y que ser\u00e1 inaugurado por la escritora chilena Diamela Eltit y el argentino Luis Gusm\u00e1n, y en el que participar\u00e1n Marcial Gala, de Cuba, Diego Trelles Paz, Oswaldo Estrada y Katya Adaui, de Per\u00fa, Alejandra Costamagna, de Chile, Carolina San\u00edn, de Colombia, y Fernanda Tr\u00edas y Roberto Appratto, de Uruguay, entre otros invitados.<\/p>\n<p><a href=\"https:\/\/www.visionweb.com.ar\/wp-content\/uploads\/2022\/04\/feria-del-libro-1.bmp\"><img loading=\"lazy\" decoding=\"async\" class=\"size-full wp-image-5398 aligncenter\" src=\"https:\/\/www.visionweb.com.ar\/wp-content\/uploads\/2022\/04\/feria-del-libro-1.bmp\" alt=\"\" width=\"519\" height=\"311\" \/><\/a>Adem\u00e1s, en el marco de las jornadas de\u00a0Di\u00e1logo de Escritoras y Escritores de Argentina, desde el mi\u00e9rcoles 4 al viernes 6 participar\u00e1n F\u00e9lix Bruzzone, Gabriela Cabez\u00f3n C\u00e1mara, Camila Sosa Villada y Carlos Gamerro.<\/p>\n<p>Esta edici\u00f3n contar\u00e1 con los stands de diferentes pa\u00edses con sus editoriales, y tambi\u00e9n se realizar\u00e1 el Festival de Poes\u00eda, del que participar\u00e1n 24 poetas\u00a0como Camila do Valle (Brasil), Sonia Van (Armenia), Dariusz Lebioda (Polonia), Valeria Rom\u00e1n (Per\u00fa), Andr\u00e9s Anwandter (Chile), que tendr\u00e1 lugar entre el 29 de abril y el 1 de mayo, en la sala Victoria Ocampo, del Pabell\u00f3n Blanco.<\/p>\n<p>El acceso general cuesta $300 en la semana y $450 viernes, s\u00e1bados y domingos. Se podr\u00e1 visitar de\u00a0lunes a viernes de 14 a 22 y los s\u00e1bados y domingos de 13 a 22. El 30 de abril, el ingreso ser\u00e1 gratuito desde las 20, y permanecer\u00e1 abierta hasta las 24.<\/p>\n<p>D\u00edas y horarios de la Feria del Libro:<\/p>\n<p>Lunes a viernes de 14 a 22.<\/p>\n<p>S\u00e1bados y domingos de 13 a 22.<\/p>\n<p>\u200bS\u00e1bado 30 de abril, la Noche de la Feria ser\u00e1\u00a0de 13 a 24. Ingreso gratuito desde las 20.<\/p>\n<p>Precios de las entradas<\/p>\n<p>Lunes a jueves a $300.<\/p>\n<p>Viernes, s\u00e1bados y domingos $450.<\/p>\n<p>Pases tres visitas $700.\u00a0Solo venta online.<\/p>\n<p>Las entradas podr\u00e1n adquirirse online\u00a0<a href=\"https:\/\/entradas.el-libro.org.ar\/\">ac\u00e1<\/a>\u00a0o en las boleter\u00edas de la Feria.<\/p>\n<p>Con ingreso gratuito:\u00a0Todos los d\u00edas para menores de hasta 12 a\u00f1os inclusive, visitas escolares y personas con discapacidad.<\/p>\n<p>Todos los d\u00edas para docentes. Deber\u00e1n presentar recibo de sueldo o comprobante que acredite condici\u00f3n.<\/p>\n<p>Lunes a viernes para estudiantes, jubilados y pensionados. En todos los casos es necesario presentar comprobante que acredite condici\u00f3n.<\/p>\n<p>Lunes a viernes presentando el \u00abPase Cultural\u00bb.<\/p>\n<p>Lunes a viernes con la presentaci\u00f3n de tarjeta \u00abM\u00e1s Cultura\u00bb.<\/p>\n<p>S\u00e1bado 30 de abril, Noche de la Feria, con ingreso libre a partir de las 20.<\/p>\n<p>Jueves 5 de mayo, D\u00eda del Banco Naci\u00f3n, para los socios del Banco seg\u00fan modalidad que informe el BNA a sus clientes.<\/p>\n<p>Martes 10 de mayo, D\u00eda del Abogado, presentando credencial o matr\u00edcula.<\/p>\n<p>Con la compra de cada entrada la Fundaci\u00f3n El Libro entregar\u00e1 un chequelibro de $450\u00a0para usar a partir del 17 de mayo en librer\u00edas adheridas.<\/p>\n<p>Presentando facturas de compra de libros en los stands de la Feria por un monto superior a $3.500,\u00a0la Fundaci\u00f3n El Libro entregar\u00e1 un chequelibro de $450 en el mostrador del Pabell\u00f3n 9, para usar a partir del 17 de mayo en librer\u00edas adheridas. <strong>(VW)<\/strong><\/p>\n<p>&nbsp;<\/p>\n","protected":false},"excerpt":{"rendered":"<p>Tras dos a\u00f1os de estar suspendida a causa de la pandemia comienza la Feria del Libro hasta el 16 de mayo.\u00a0Habr\u00e1 Festival de Poes\u00eda, \u00a0Di\u00e1logo de Escritoras y Escritores de Latinoam\u00e9rica, entre otros eventos,&#46;&#46;&#46;<\/p>\n","protected":false},"author":4,"featured_media":5398,"comment_status":"closed","ping_status":"closed","sticky":false,"template":"","format":"standard","meta":{"_monsterinsights_skip_tracking":false,"_monsterinsights_sitenote_active":false,"_monsterinsights_sitenote_note":"","_monsterinsights_sitenote_category":0,"footnotes":""},"categories":[8],"tags":[2173,2174,2172,2176,2175],"class_list":["post-5395","post","type-post","status-publish","format-standard","has-post-thumbnail","hentry","category-interes-general","tag-46-feria-internacional-del-libro","tag-autores","tag-feria-del-libro-2022","tag-la-rural","tag-poesia"],"_links":{"self":[{"href":"https:\/\/www.visionweb.com.ar\/index.php?rest_route=\/wp\/v2\/posts\/5395","targetHints":{"allow":["GET"]}}],"collection":[{"href":"https:\/\/www.visionweb.com.ar\/index.php?rest_route=\/wp\/v2\/posts"}],"about":[{"href":"https:\/\/www.visionweb.com.ar\/index.php?rest_route=\/wp\/v2\/types\/post"}],"author":[{"embeddable":true,"href":"https:\/\/www.visionweb.com.ar\/index.php?rest_route=\/wp\/v2\/users\/4"}],"replies":[{"embeddable":true,"href":"https:\/\/www.visionweb.com.ar\/index.php?rest_route=%2Fwp%2Fv2%2Fcomments&post=5395"}],"version-history":[{"count":2,"href":"https:\/\/www.visionweb.com.ar\/index.php?rest_route=\/wp\/v2\/posts\/5395\/revisions"}],"predecessor-version":[{"id":5399,"href":"https:\/\/www.visionweb.com.ar\/index.php?rest_route=\/wp\/v2\/posts\/5395\/revisions\/5399"}],"wp:featuredmedia":[{"embeddable":true,"href":"https:\/\/www.visionweb.com.ar\/index.php?rest_route=\/wp\/v2\/media\/5398"}],"wp:attachment":[{"href":"https:\/\/www.visionweb.com.ar\/index.php?rest_route=%2Fwp%2Fv2%2Fmedia&parent=5395"}],"wp:term":[{"taxonomy":"category","embeddable":true,"href":"https:\/\/www.visionweb.com.ar\/index.php?rest_route=%2Fwp%2Fv2%2Fcategories&post=5395"},{"taxonomy":"post_tag","embeddable":true,"href":"https:\/\/www.visionweb.com.ar\/index.php?rest_route=%2Fwp%2Fv2%2Ftags&post=5395"}],"curies":[{"name":"wp","href":"https:\/\/api.w.org\/{rel}","templated":true}]}}