{"id":5377,"date":"2022-04-26T15:27:05","date_gmt":"2022-04-26T18:27:05","guid":{"rendered":"https:\/\/www.visionweb.com.ar\/?p=5377"},"modified":"2022-04-26T15:27:05","modified_gmt":"2022-04-26T18:27:05","slug":"suteba-rechaza-la-ampliacion-de-horas-de-las-clases","status":"publish","type":"post","link":"https:\/\/www.visionweb.com.ar\/?p=5377","title":{"rendered":"Suteba rechaza la ampliaci\u00f3n de horas de las clases"},"content":{"rendered":"<p><strong><em>La iniciativa del Gobierno contemplaba, a partir de mayo, adelantar una hora el inicio de clases del turno ma\u00f1ana, que ir\u00eda de 7:00 a 12:00 o de 7.30 a 12.30, y extender una hora el turno tarde, de 13:00 a 18:00 o de 13:15 a 18:15.<\/em><\/strong><!--more--><\/p>\n<p><img loading=\"lazy\" decoding=\"async\" class=\"size-medium wp-image-3782 alignright\" src=\"https:\/\/www.visionweb.com.ar\/wp-content\/uploads\/2021\/12\/DOCENTES-300x172.png\" alt=\"\" width=\"300\" height=\"172\" srcset=\"https:\/\/www.visionweb.com.ar\/wp-content\/uploads\/2021\/12\/DOCENTES-300x172.png 300w, https:\/\/www.visionweb.com.ar\/wp-content\/uploads\/2021\/12\/DOCENTES.png 640w\" sizes=\"auto, (max-width: 300px) 100vw, 300px\" \/><strong> T<\/strong>ras conocerse el anuncio de la ampliaci\u00f3n del horario de las clases por parte del titulas del ministerio de Educaci\u00f3n de la Naci\u00f3n, Jaime Perczyk, desde Suteba (Sindicato de Trabajadores de la Educaci\u00f3n de Buenos Aires, rechazaba la ampliaci\u00f3n de una hora m\u00e1s de clases.<\/p>\n<p>Para tener m\u00e1s precisiones en ese sentido, los gremios docentes se reunir\u00e1n el lunes con el Director General de Educaci\u00f3n y Cultura, Alberto Sileoni.<\/p>\n<p>La iniciativa nacional hab\u00eda recibido el respaldo de el respaldo de la Direcci\u00f3n General de Cultura y Educaci\u00f3n de la provincia de Buenos Aires.<\/p>\n<p>\u201cReci\u00e9n en la reuni\u00f3n del lunes nos vamos a enterar de los lineamientos de este proyecto, pero antes de eso hay una realidad en la Provincia de Buenos Aires. Las desigualdades que existen entre la cantidad de alumnos y la infraestructura; no es lo mismo pensar una hora m\u00e1s en el conurbano que en el interior\u201d, expuso la secretaria adjunta de Suteba, Mar\u00eda Laura Torre.<\/p>\n<p>En declaraciones period\u00edsticas a FM Cielo, la secretaria adjunta record\u00f3 que \u00abantes hay que discutir para qu\u00e9, con qui\u00e9nes y con qu\u00e9. Uno de los temas que nos preocupa es la calidad educativa y esto no es solo sin\u00f3nimo de agregar una hora m\u00e1s, sino que hay que seguir en evaluaci\u00f3n de los programas que se desarrollan en la Provincia como el +ATR Forte que da m\u00e1s cantidad de horas de clases y revincula a estudiantes, adem\u00e1s de que nutri\u00f3 a las escuelas de otros cargos.<\/p>\n<p>La iniciativa del Gobierno contemplaba, a partir de mayo, adelantar una hora el inicio de clases del turno ma\u00f1ana, que ir\u00eda de 7:00 a 12:00 o de 7.30 a 12.30, y extender una hora el turno tarde, de 13:00 a 18:00 o de 13:15 a 18:15, por lo que la carga horaria pasar\u00eda de cuatro a cinco horas. Pero, si se estipula el horario de ingreso a las 7 am, las familias deber\u00e1n rearmar su d\u00eda para poder cumplirlo con \u00e9xito la nueva demanda horaria.<\/p>\n<p>\u201cEl debate no es si hay o no una hora m\u00e1s de clases, eso es lo incorrecto que transmitieron en los medios. Hoy muchas escuelas en la provincia de Buenos Aires tienen m\u00e1s horas de clases. Hay que revisar el Programa +ATR y plantear la cobertura de los cargos necesarios dentro de las 4 horas que tenemos en las escuelas primarias. Hoy imaginar una hora m\u00e1s de clases es imposible\u201d, argument\u00f3 contra la pol\u00edtica que dise\u00f1a el Gobierno.<\/p>\n<p>Torre explic\u00f3 que \u201clo complejo es que se anuncian cosas que despu\u00e9s no pasan porque la situaci\u00f3n concreta no da para que suceda\u201d. \u201cNo es que en los sindicatos no queremos una hora m\u00e1s de clases, sino que queremos dar el debate y discutir en d\u00f3nde podr\u00eda extenderse la jornada si no hay lugar ni posibilidades en las escuelas\u201d, contest\u00f3.<\/p>\n<p>\u201cAdem\u00e1s hay que pensar la exposici\u00f3n del trabajo docente que es mover una pieza de ajedrez a mitad de camino, con trabajadores que tienen doble cargo y se enciman las horas\u201d, esgrimi\u00f3 ante la decisi\u00f3n del Gobierno.<\/p>\n<p>Para Suteba, no se trata de agregar o no una hora m\u00e1s, no\u00a0 de clases, se trata de saber: \u00abSi nuestros alumnos van hasta los s\u00e1bados y tienen aprendidos los programas. Lo que hay que saber es qu\u00e9 se hace en esa hora m\u00e1s y parte de esa discusi\u00f3n la tenemos que dar los docentes y hoy no somos parte de ese debate\u201d<strong>(VW)<\/strong><\/p>\n<p>&nbsp;<\/p>\n<p>&nbsp;<\/p>\n","protected":false},"excerpt":{"rendered":"<p>La iniciativa del Gobierno contemplaba, a partir de mayo, adelantar una hora el inicio de clases del turno ma\u00f1ana, que ir\u00eda de 7:00 a 12:00 o de 7.30 a 12.30, y extender una hora&#46;&#46;&#46;<\/p>\n","protected":false},"author":3,"featured_media":3782,"comment_status":"closed","ping_status":"closed","sticky":false,"template":"","format":"standard","meta":{"_monsterinsights_skip_tracking":false,"_monsterinsights_sitenote_active":false,"_monsterinsights_sitenote_note":"","_monsterinsights_sitenote_category":0,"footnotes":""},"categories":[7],"tags":[2161,21,2160,2159,2162],"class_list":["post-5377","post","type-post","status-publish","format-standard","has-post-thumbnail","hentry","category-educacion-y-cultura","tag-baradel","tag-clases","tag-sileoni","tag-suteba","tag-torres"],"_links":{"self":[{"href":"https:\/\/www.visionweb.com.ar\/index.php?rest_route=\/wp\/v2\/posts\/5377","targetHints":{"allow":["GET"]}}],"collection":[{"href":"https:\/\/www.visionweb.com.ar\/index.php?rest_route=\/wp\/v2\/posts"}],"about":[{"href":"https:\/\/www.visionweb.com.ar\/index.php?rest_route=\/wp\/v2\/types\/post"}],"author":[{"embeddable":true,"href":"https:\/\/www.visionweb.com.ar\/index.php?rest_route=\/wp\/v2\/users\/3"}],"replies":[{"embeddable":true,"href":"https:\/\/www.visionweb.com.ar\/index.php?rest_route=%2Fwp%2Fv2%2Fcomments&post=5377"}],"version-history":[{"count":1,"href":"https:\/\/www.visionweb.com.ar\/index.php?rest_route=\/wp\/v2\/posts\/5377\/revisions"}],"predecessor-version":[{"id":5378,"href":"https:\/\/www.visionweb.com.ar\/index.php?rest_route=\/wp\/v2\/posts\/5377\/revisions\/5378"}],"wp:featuredmedia":[{"embeddable":true,"href":"https:\/\/www.visionweb.com.ar\/index.php?rest_route=\/wp\/v2\/media\/3782"}],"wp:attachment":[{"href":"https:\/\/www.visionweb.com.ar\/index.php?rest_route=%2Fwp%2Fv2%2Fmedia&parent=5377"}],"wp:term":[{"taxonomy":"category","embeddable":true,"href":"https:\/\/www.visionweb.com.ar\/index.php?rest_route=%2Fwp%2Fv2%2Fcategories&post=5377"},{"taxonomy":"post_tag","embeddable":true,"href":"https:\/\/www.visionweb.com.ar\/index.php?rest_route=%2Fwp%2Fv2%2Ftags&post=5377"}],"curies":[{"name":"wp","href":"https:\/\/api.w.org\/{rel}","templated":true}]}}