{"id":5371,"date":"2022-04-26T12:11:48","date_gmt":"2022-04-26T15:11:48","guid":{"rendered":"https:\/\/www.visionweb.com.ar\/?p=5371"},"modified":"2022-04-26T12:11:48","modified_gmt":"2022-04-26T15:11:48","slug":"el-gobierno-confirmo-que-se-extendera-la-jornada-escolar","status":"publish","type":"post","link":"https:\/\/www.visionweb.com.ar\/?p=5371","title":{"rendered":"El Gobierno confirm\u00f3 que se extender\u00e1 la jornada escolar"},"content":{"rendered":"<p><em><strong>El ministro de Educaci\u00f3n se\u00f1al\u00f3 que despu\u00e9s del receso invernal habr\u00e1 escuelas \u00abcon una hora m\u00e1s\u00bb de clases y otras \u00abcon turno completo\u00bb.<\/strong><\/em><!--more--><\/p>\n<p><strong><img loading=\"lazy\" decoding=\"async\" class=\"size-full wp-image-5373 alignright\" src=\"https:\/\/www.visionweb.com.ar\/wp-content\/uploads\/2022\/04\/clases-lanus.bmp\" alt=\"\" width=\"420\" height=\"238\" \/>E<\/strong>l ministro de Educaci\u00f3n de la Naci\u00f3n,\u00a0Jaime Perczyk, confirm\u00f3 ayer que despu\u00e9s de las vacaciones de invierno comenzar\u00e1 a implementarse la extensi\u00f3n de una hora de la jornada escolar en la educaci\u00f3n primaria y, adelant\u00f3 que el plan es que todas pasen a turno completo.<\/p>\n<p>Perczyk, explic\u00f3 que habr\u00e1 escuelas \u201ccon una hora m\u00e1s\u201d de clases y otras \u201ccon turno completo\u201d. \u00abLa idea es que todas las escuelas las podamos pasar a jornada completa\u201d.<\/p>\n<p>En ese sentido, el ministro ratific\u00f3 el plan propuesto a principio de mes ante el Consejo Federal de Educaci\u00f3n (CFE), que tiene el desaf\u00edo de realizar reformas edilicias e incrementar el salario docente.<\/p>\n<p>La iniciativa del Gobierno contemplaba, a partir de mayo, adelantar una hora el inicio de clases del turno ma\u00f1ana, que ir\u00eda de 7:00 a 12:00 o de 7.30 a 12.30, y extender una hora el turno tarde, de 13:00 a 18:00 o de 13:15 a 18:15, por lo que la carga horaria pasar\u00eda de cuatro a cinco horas. Pero, si se estipula el horario de ingreso a las 7 am, las familias deber\u00e1n rearmar la cotidianeidad para poder cumplirlo con \u00e9xito.<\/p>\n<p>\u201cHay escuelas que vamos a comenzar este a\u00f1o con una hora m\u00e1s de clases.\u00a0Es intentar que nuestros hijos tengan m\u00e1s horas. Despu\u00e9s de las vacaciones, tendr\u00e1n cuatro horas m\u00e1s de clases en algunas escuelas\u201d, se\u00f1al\u00f3 el titular de Educaci\u00f3n.<\/p>\n<p>Y detall\u00f3: \u201cHay provincias y escuelas en las que vamos a implementarlo despu\u00e9s de las vacaciones de invierno. Esto tambi\u00e9n tiene que ser aprobado por la comunidad escolar, lo importante es que nuestros hijos tengan m\u00e1s horas de clase\u201d, mientras que indic\u00f3 con los sindicatos \u201chay que charlar\u201d, aunque admiti\u00f3 que si bien es probable que traiga\u00a0\u201cdiscusiones\u201d, estim\u00f3 que hay \u201cun camino favorable\u201d.<\/p>\n<p>El titular de Educaci\u00f3n tambi\u00e9n, volvi\u00f3 subrayar las cifras a nivel nacional: \u00abEl 86 por ciento de los alumnos en la Argentina tienen cuatro horas diarias de clase. El 14 por ciento tiene jornada completa\u00bb. Y agreg\u00f3: \u00abEl 75 por ciento va a escuelas p\u00fablicas\u00bb.<\/p>\n<p>Cae recordar que al presentar la iniciativa a principios de mes, el ministro sostuvo que se perseguir\u00e1n tres objetivos: \u00abM\u00e1s aprendizaje para los chicos\u00bb, \u00abm\u00e1s y mejores salarios\u00bb para les docentes, y una \u00abmayor inversi\u00f3n en la educaci\u00f3n\u00bb.<\/p>\n<p>As\u00ed, la propuesta inicial alcanza a cerca de 10 mil escuelas de todo el pa\u00eds y demandar\u00e1 una inversi\u00f3n de 18.000 millones de pesos, seg\u00fan el Ministerio de Educaci\u00f3n. <strong>(VW)<\/strong><\/p>\n<p>&nbsp;<\/p>\n","protected":false},"excerpt":{"rendered":"<p>El ministro de Educaci\u00f3n se\u00f1al\u00f3 que despu\u00e9s del receso invernal habr\u00e1 escuelas \u00abcon una hora m\u00e1s\u00bb de clases y otras \u00abcon turno completo\u00bb.<\/p>\n","protected":false},"author":4,"featured_media":5373,"comment_status":"closed","ping_status":"closed","sticky":false,"template":"","format":"standard","meta":{"_monsterinsights_skip_tracking":false,"_monsterinsights_sitenote_active":false,"_monsterinsights_sitenote_note":"","_monsterinsights_sitenote_category":0,"footnotes":""},"categories":[7],"tags":[21,23,2153,2155,2154],"class_list":["post-5371","post","type-post","status-publish","format-standard","has-post-thumbnail","hentry","category-educacion-y-cultura","tag-clases","tag-educacion","tag-perczyk","tag-turnos-compketos","tag-una-hora-mas"],"_links":{"self":[{"href":"https:\/\/www.visionweb.com.ar\/index.php?rest_route=\/wp\/v2\/posts\/5371","targetHints":{"allow":["GET"]}}],"collection":[{"href":"https:\/\/www.visionweb.com.ar\/index.php?rest_route=\/wp\/v2\/posts"}],"about":[{"href":"https:\/\/www.visionweb.com.ar\/index.php?rest_route=\/wp\/v2\/types\/post"}],"author":[{"embeddable":true,"href":"https:\/\/www.visionweb.com.ar\/index.php?rest_route=\/wp\/v2\/users\/4"}],"replies":[{"embeddable":true,"href":"https:\/\/www.visionweb.com.ar\/index.php?rest_route=%2Fwp%2Fv2%2Fcomments&post=5371"}],"version-history":[{"count":2,"href":"https:\/\/www.visionweb.com.ar\/index.php?rest_route=\/wp\/v2\/posts\/5371\/revisions"}],"predecessor-version":[{"id":5374,"href":"https:\/\/www.visionweb.com.ar\/index.php?rest_route=\/wp\/v2\/posts\/5371\/revisions\/5374"}],"wp:featuredmedia":[{"embeddable":true,"href":"https:\/\/www.visionweb.com.ar\/index.php?rest_route=\/wp\/v2\/media\/5373"}],"wp:attachment":[{"href":"https:\/\/www.visionweb.com.ar\/index.php?rest_route=%2Fwp%2Fv2%2Fmedia&parent=5371"}],"wp:term":[{"taxonomy":"category","embeddable":true,"href":"https:\/\/www.visionweb.com.ar\/index.php?rest_route=%2Fwp%2Fv2%2Fcategories&post=5371"},{"taxonomy":"post_tag","embeddable":true,"href":"https:\/\/www.visionweb.com.ar\/index.php?rest_route=%2Fwp%2Fv2%2Ftags&post=5371"}],"curies":[{"name":"wp","href":"https:\/\/api.w.org\/{rel}","templated":true}]}}