{"id":5326,"date":"2022-04-22T11:32:45","date_gmt":"2022-04-22T14:32:45","guid":{"rendered":"https:\/\/www.visionweb.com.ar\/?p=5326"},"modified":"2022-04-22T11:32:45","modified_gmt":"2022-04-22T14:32:45","slug":"dia-de-la-tierra-2022-el-futuro-del-planeta-esta-en-nuestras-manos","status":"publish","type":"post","link":"https:\/\/www.visionweb.com.ar\/?p=5326","title":{"rendered":"D\u00eda de la Tierra 2022: el futuro del planeta est\u00e1 en nuestras manos"},"content":{"rendered":"<p><em><strong>\u201cUna sola Tierra\u201d es el lema de este a\u00f1o. \u201cHagamos de todos los d\u00edas un D\u00eda de la Tierra y protejamos nuestro planeta\u201d, dice Greenpeace. Tambi\u00e9n el doodle de Google concientiza sobre el cambio clim\u00e1tico.<\/strong><\/em><!--more--><\/p>\n<p><strong><img loading=\"lazy\" decoding=\"async\" class=\"size-full wp-image-5328 aligncenter\" src=\"https:\/\/www.visionweb.com.ar\/wp-content\/uploads\/2022\/04\/dia-tierra-22-abril.bmp\" alt=\"\" width=\"433\" height=\"244\" \/>E<\/strong>ste viernes 22 de abril es el D\u00eda de la Tierra, oficialmente conocido como D\u00eda Internacional de la Madre Tierra. La Tierra es el hogar \u00fanico de la humanidad, y es necesario promover la armon\u00eda para alcanzar un justo equilibrio entre las necesidades econ\u00f3micas, sociales y ambientales de los habitantes del planeta y las futuras generaciones.<\/p>\n<p>Recordemos hoy, m\u00e1s que nunca en este D\u00eda Internacional de la Madre Tierra, que necesitamos un cambio hacia una econom\u00eda m\u00e1s sostenible que funcione tanto para las personas como para el planeta.<\/p>\n<p>El planeta est\u00e1 al borde del colapso, ya que producimos 150 millones de toneladas de pl\u00e1stico por a\u00f1o y, de las cuales ocho millones de toneladas se instalan en el mar. En los \u00faltimos 25 a\u00f1os el nivel del agua del mar subi\u00f3 el doble de lo previsto, y el 40% de la poblaci\u00f3n mundial tiene problemas por la escasez de agua y la contaminaci\u00f3n, tal como detalla Naciones Unidas.<\/p>\n<p><a href=\"https:\/\/www.visionweb.com.ar\/wp-content\/uploads\/2022\/04\/dia-de-la-tierra-greenpeace.bmp\"><img loading=\"lazy\" decoding=\"async\" class=\"size-full wp-image-5329 aligncenter\" src=\"https:\/\/www.visionweb.com.ar\/wp-content\/uploads\/2022\/04\/dia-de-la-tierra-greenpeace.bmp\" alt=\"\" width=\"432\" height=\"453\" \/><\/a>Se instaur\u00f3 este d\u00eda para crear una conciencia com\u00fan a los problemas de: \u201cla sobrepoblaci\u00f3n, la producci\u00f3n de contaminaci\u00f3n, la conservaci\u00f3n de la biodiversidad\u201d.<\/p>\n<p>\u201cA cincuenta a\u00f1os del primer llamado a proteger el planeta, estamos frente a un problema epidemiol\u00f3gico mundial. Las poblaciones m\u00e1s desprotegidas tambi\u00e9n enfrentan el impacto del cambio clim\u00e1tico, la hambruna, carencia de agua y enfermedades, y los animales enfrentan todos los d\u00edas la amenaza de extinguirse por la actividad humana. Ya no basta con un d\u00eda, hagamos de todos los d\u00edas un D\u00eda de la Tierra y protejamos nuestro planeta\u201d dice Greenpeace.<\/p>\n<p>Greenpeace: \u201cDe acuerdo con el Programa para el Medio Ambiente de las Naciones Unidas, el primer D\u00eda de la Tierra tuvo lugar en 1970, cuando 20 millones de personas en Estados Unidos salieron a las calles a protestar por lo que consideraban una crisis ambiental: derrames de petr\u00f3leo, el smog y la contaminaci\u00f3n de los r\u00edos. De acuerdo con National Geographic, el senador por Wisconsin, Gaylord Nelson, habr\u00eda iniciado este movimiento desde 1960, pero tuvieron que pasar varios a\u00f1os para que su llamado a cuidar el medio ambiente surtiera efecto\u201d.<\/p>\n<p>\u201cFue el evento c\u00edvico m\u00e1s grande del planeta en ese momento y oblig\u00f3 a los gobiernos a tomar medidas concretas, incluida la aprobaci\u00f3n de leyes ambientales y el establecimiento de agencias dedicadas al medio ambiente. Adem\u00e1s de estos resultados concretos, el evento demostr\u00f3 cu\u00e1nto se puede lograr cuando las personas se unen y exigen acci\u00f3n\u201d, dijo Naciones Unidas en el contexto de esta fecha.<\/p>\n<p>Se cre\u00f3 en ese sentido, la Agencia de Protecci\u00f3n al Medio Ambiente de Estados Unidos que se encarga de las leyes para conseguir aire limpio, agua potable y conservar especies en peligro de extinci\u00f3n. El pueblo tuvo as\u00ed un Foro para expresar su preocupaci\u00f3n sobre lo que estaba sucediendo con la tierra, los r\u00edos, los lagos, el aire, y lo hicieron en forma espectacular.<\/p>\n<p><a href=\"https:\/\/www.visionweb.com.ar\/wp-content\/uploads\/2022\/04\/dia-d-ela-tierra.bmp\"><img loading=\"lazy\" decoding=\"async\" class=\"size-full wp-image-5330 alignleft\" src=\"https:\/\/www.visionweb.com.ar\/wp-content\/uploads\/2022\/04\/dia-d-ela-tierra.bmp\" alt=\"\" width=\"350\" height=\"263\" \/><\/a>En este contexto Google decidi\u00f3 modificar su doodle para concientizar sobre el cambio clim\u00e1tico y el cuidado del medio ambiente. Utilizar\u00e1 im\u00e1genes de lapso de tiempo real de Google Earth Timelapse y otras fuentes, y durante todo el d\u00eda ir\u00e1 cambiando ya que\u00a0se trata de un GIF que mostrar\u00e1 diversas escenas, cada una de las cuales permanece en la p\u00e1gina de inicio\u00a0durante varias horas a la vez. <strong>(VW)<\/strong><\/p>\n<p>&nbsp;<\/p>\n","protected":false},"excerpt":{"rendered":"<p>\u201cUna sola Tierra\u201d es el lema de este a\u00f1o. \u201cHagamos de todos los d\u00edas un D\u00eda de la Tierra y protejamos nuestro planeta\u201d, dice Greenpeace. Tambi\u00e9n el doodle de Google concientiza sobre el cambio&#46;&#46;&#46;<\/p>\n","protected":false},"author":4,"featured_media":5330,"comment_status":"closed","ping_status":"closed","sticky":false,"template":"","format":"standard","meta":{"_monsterinsights_skip_tracking":false,"_monsterinsights_sitenote_active":false,"_monsterinsights_sitenote_note":"","_monsterinsights_sitenote_category":0,"footnotes":""},"categories":[8],"tags":[702,701,2130,2129,2128],"class_list":["post-5326","post","type-post","status-publish","format-standard","has-post-thumbnail","hentry","category-interes-general","tag-22-de-abril","tag-dia-de-la-tierra","tag-google","tag-greenpeace","tag-proteccion-del-medio-ambiente"],"_links":{"self":[{"href":"https:\/\/www.visionweb.com.ar\/index.php?rest_route=\/wp\/v2\/posts\/5326","targetHints":{"allow":["GET"]}}],"collection":[{"href":"https:\/\/www.visionweb.com.ar\/index.php?rest_route=\/wp\/v2\/posts"}],"about":[{"href":"https:\/\/www.visionweb.com.ar\/index.php?rest_route=\/wp\/v2\/types\/post"}],"author":[{"embeddable":true,"href":"https:\/\/www.visionweb.com.ar\/index.php?rest_route=\/wp\/v2\/users\/4"}],"replies":[{"embeddable":true,"href":"https:\/\/www.visionweb.com.ar\/index.php?rest_route=%2Fwp%2Fv2%2Fcomments&post=5326"}],"version-history":[{"count":2,"href":"https:\/\/www.visionweb.com.ar\/index.php?rest_route=\/wp\/v2\/posts\/5326\/revisions"}],"predecessor-version":[{"id":5331,"href":"https:\/\/www.visionweb.com.ar\/index.php?rest_route=\/wp\/v2\/posts\/5326\/revisions\/5331"}],"wp:featuredmedia":[{"embeddable":true,"href":"https:\/\/www.visionweb.com.ar\/index.php?rest_route=\/wp\/v2\/media\/5330"}],"wp:attachment":[{"href":"https:\/\/www.visionweb.com.ar\/index.php?rest_route=%2Fwp%2Fv2%2Fmedia&parent=5326"}],"wp:term":[{"taxonomy":"category","embeddable":true,"href":"https:\/\/www.visionweb.com.ar\/index.php?rest_route=%2Fwp%2Fv2%2Fcategories&post=5326"},{"taxonomy":"post_tag","embeddable":true,"href":"https:\/\/www.visionweb.com.ar\/index.php?rest_route=%2Fwp%2Fv2%2Ftags&post=5326"}],"curies":[{"name":"wp","href":"https:\/\/api.w.org\/{rel}","templated":true}]}}