{"id":5317,"date":"2022-04-21T20:33:13","date_gmt":"2022-04-21T23:33:13","guid":{"rendered":"https:\/\/www.visionweb.com.ar\/?p=5317"},"modified":"2022-04-21T20:35:00","modified_gmt":"2022-04-21T23:35:00","slug":"es-ley-el-proyecto-que-establece-el-dia-provincial-contra-el-trabajo-infantil","status":"publish","type":"post","link":"https:\/\/www.visionweb.com.ar\/?p=5317","title":{"rendered":"Es Ley el proyecto que establece \u00abEl d\u00eda provincial contra el trabajo infantil\u00bb"},"content":{"rendered":"<p><em><strong>La norma legal fue impulsada por la diputada provincial (JUNTOS) Alejandra Lord\u00e9n. La fecha designada es el 12 de junio.<\/strong><\/em><!--more--><\/p>\n<div id=\"attachment_5318\" style=\"width: 310px\" class=\"wp-caption alignright\"><img loading=\"lazy\" decoding=\"async\" aria-describedby=\"caption-attachment-5318\" class=\"wp-image-5318 size-medium\" src=\"https:\/\/www.visionweb.com.ar\/wp-content\/uploads\/2022\/04\/Diputada-Alejandra-Lorden-300x168.png\" alt=\"\" width=\"300\" height=\"168\" srcset=\"https:\/\/www.visionweb.com.ar\/wp-content\/uploads\/2022\/04\/Diputada-Alejandra-Lorden-300x168.png 300w, https:\/\/www.visionweb.com.ar\/wp-content\/uploads\/2022\/04\/Diputada-Alejandra-Lorden.png 640w\" sizes=\"auto, (max-width: 300px) 100vw, 300px\" \/><p id=\"caption-attachment-5318\" class=\"wp-caption-text\"><strong><em>Diputada provincial (Juntos) Mar\u00eda Alejandra Lord\u00e9n, (Foto: ABC Saladillo)<\/em><\/strong><\/p><\/div>\n<p><strong>E<\/strong>n sinton\u00eda con la Organizaci\u00f3n Internacional del Trabajo (OIE), la C\u00e1mara de diputados sancion\u00f3 con fuerza de Ley el proyecto de la diputada Alejandra Lord\u00e9n (Juntos), \u00abEl d\u00eda Provincial contra el trabajo infantil\u00bb,que se recordar\u00e1 el 12 de junio de cada a\u00f1o. \u00abEs un aporte m\u00e1s para concientizar acerca de la magnitud del problema.<\/p>\n<p>Al establecer el \u00abD\u00eda Provincial Contra el Trabajo Infantil\u00bb, adhiriendo a la Ley Nacional y en acuerdo con la OIT y diversos tratados internacionales, aunamos esfuerzos para erradicar esta realidad, impulsando los cambios necesarios para que ning\u00fan ni\u00f1o, ni\u00f1a se vea privado de la posibilidad de acceder a los derechos b\u00e1sicos de educaci\u00f3n, la salud, la recreaci\u00f3n y la libertad\u201d explic\u00f3 Lord\u00e9n.<\/p>\n<p>La diputada tambi\u00e9n asegur\u00f3 que el trabajo \u201ces peligroso y prejudicial para el bienestar f\u00edsico, mental o moral de los ni\u00f1os y\/o ni\u00f1as e interfiere con su escolarizaci\u00f3n puesto que los priva de la posibilidad de asistir a clases o les exige combinar el estudio con un trabajo excesivamente largo y pesado\u201d.<\/p>\n<p>\u201cTodo ni\u00f1o, ni\u00f1a y adolescente tiene derecho a poder estudiar, jugar y desarrollar una infancia sana, donde pueda crecer f\u00edsica, mental y espiritualmente.\u201d remarc\u00f3 Lord\u00e9n a la vez que sentenci\u00f3 que \u201cla concientizaci\u00f3n es una forma de atacar el problema y que el Estado debe ser riguroso en el cumplimiento de las Leyes y Tratados que garantizan esos derechos\u201d<strong>(VW)<\/strong>.<\/p>\n","protected":false},"excerpt":{"rendered":"<p>La norma legal fue impulsada por la diputada provincial (JUNTOS) Alejandra Lord\u00e9n. La fecha designada es el 12 de junio.<\/p>\n","protected":false},"author":3,"featured_media":5318,"comment_status":"closed","ping_status":"closed","sticky":false,"template":"","format":"standard","meta":{"_monsterinsights_skip_tracking":false,"_monsterinsights_sitenote_active":false,"_monsterinsights_sitenote_note":"","_monsterinsights_sitenote_category":0,"footnotes":""},"categories":[3,4],"tags":[2127,2126],"class_list":["post-5317","post","type-post","status-publish","format-standard","has-post-thumbnail","hentry","category-actualidad","category-politica","tag-dia-provincial-contra-el-trabajo-infantil","tag-trabajo-infantil"],"_links":{"self":[{"href":"https:\/\/www.visionweb.com.ar\/index.php?rest_route=\/wp\/v2\/posts\/5317","targetHints":{"allow":["GET"]}}],"collection":[{"href":"https:\/\/www.visionweb.com.ar\/index.php?rest_route=\/wp\/v2\/posts"}],"about":[{"href":"https:\/\/www.visionweb.com.ar\/index.php?rest_route=\/wp\/v2\/types\/post"}],"author":[{"embeddable":true,"href":"https:\/\/www.visionweb.com.ar\/index.php?rest_route=\/wp\/v2\/users\/3"}],"replies":[{"embeddable":true,"href":"https:\/\/www.visionweb.com.ar\/index.php?rest_route=%2Fwp%2Fv2%2Fcomments&post=5317"}],"version-history":[{"count":2,"href":"https:\/\/www.visionweb.com.ar\/index.php?rest_route=\/wp\/v2\/posts\/5317\/revisions"}],"predecessor-version":[{"id":5320,"href":"https:\/\/www.visionweb.com.ar\/index.php?rest_route=\/wp\/v2\/posts\/5317\/revisions\/5320"}],"wp:featuredmedia":[{"embeddable":true,"href":"https:\/\/www.visionweb.com.ar\/index.php?rest_route=\/wp\/v2\/media\/5318"}],"wp:attachment":[{"href":"https:\/\/www.visionweb.com.ar\/index.php?rest_route=%2Fwp%2Fv2%2Fmedia&parent=5317"}],"wp:term":[{"taxonomy":"category","embeddable":true,"href":"https:\/\/www.visionweb.com.ar\/index.php?rest_route=%2Fwp%2Fv2%2Fcategories&post=5317"},{"taxonomy":"post_tag","embeddable":true,"href":"https:\/\/www.visionweb.com.ar\/index.php?rest_route=%2Fwp%2Fv2%2Ftags&post=5317"}],"curies":[{"name":"wp","href":"https:\/\/api.w.org\/{rel}","templated":true}]}}