{"id":5314,"date":"2022-04-21T12:09:46","date_gmt":"2022-04-21T15:09:46","guid":{"rendered":"https:\/\/www.visionweb.com.ar\/?p=5314"},"modified":"2022-04-21T12:11:48","modified_gmt":"2022-04-21T15:11:48","slug":"senado-bonaerense-juntos-por-el-cambio-rechaza-ele-proyecto-de-ley-para-el-control-de-los-precios-en-la-provincia","status":"publish","type":"post","link":"https:\/\/www.visionweb.com.ar\/?p=5314","title":{"rendered":"Senado Bonaerense: Juntos por el Cambio rechaza el proyecto de ley para el control de los precios en la Provincia"},"content":{"rendered":"<p><strong><em>Lo present\u00f3 el Senador Francisco Dura\u00f1ona. Busca dotar de facultades a los alcaldes para que controlen los acuerdos de precios. La oposici\u00f3n lo rechaza.<\/em><\/strong><!--more--><\/p>\n<p><strong>\u00a0 \u00a0 \u00a0 <img loading=\"lazy\" decoding=\"async\" class=\"size-full wp-image-4106 alignright\" src=\"https:\/\/www.visionweb.com.ar\/wp-content\/uploads\/2022\/01\/precios-cuidados-2022.bmp\" alt=\"\" width=\"611\" height=\"387\" \/>M<\/strong>ientras senadores e intendentes de Juntos por Cambio (ver www.visionwewb.com.ar del 20\/04\/22) salieron con los tapones de punta a cuestionar el control de precios que se quiere endozar a los municipios bonaerenses, el senador provincial del Frente de Todos, Francisco \u00abPaco\u00bb Dura\u00f1ona present\u00f3, present\u00f3 este martes en la c\u00e1mara lata provincial un proyecto de ley que faculta a los municipios a ejercer el control, de precios en los comercios.<\/p>\n<p>La iniciativa faculta a los municipios a establecer distintos tipos de sanciones como apercibimientos, multas, clausuras y hasta quita de licencias y habilitaciones a los comercios que no cumplan con los precios controlados.<\/p>\n<p>En los corrillos del Senado se dice que el proyecto cuenta con el aval del secretario de Comercio Interior, Roberto Feletti.<\/p>\n<p>Si bien es dif\u00edcil que la iniciativa prospere producto de la paridad de fuerzas que existe en el Senado (23 legisladores del Frente de Todos) y 23 de Juntos por el Cambio) y el agravante de que el oficialismo nunca ha podido sentar en sus bancas a la totalidad de sus miembros, gener\u00f3 un fuerte revuelo.<\/p>\n<p>En ese sentido, los jefes comunales de <em><strong>J x C<\/strong><\/em> salieron a cuestionar la iniciativa y, tambi\u00e9n lo hicieron desde el propio bloque opositor que\u00a0 rechaz\u00f3 de plano la propuesta del kirchnerismo.<\/p>\n<p>Una de las primeras voces que se alz\u00f3 contra el proyecto de Ley impulsado por el Senador Dura\u00f1ona, fue la del alcalde de Lan\u00fas, N\u00e9stor Granditi que ya adviriti\u00f3 que su gesti\u00f3n no saldr\u00e1 a controlar precios y menois aun sancionar a los comercios.<\/p>\n<p>\u201cLos controles de precios no funcionaron nunca, siguen apostando a viejas recetas que fracasaron\u201d, se\u00f1alaron desde el bloque que preside Cristian Gribaudo en un comunicado.<\/p>\n<p>Lo que pretende Dura\u00f1ona es modificar la ley de Defensa del Consumidor de la Provincia. \u201cHoy los municipios no tienen ninguna facultad. En el marco de un pa\u00eds federal es central poder coordinar este tema entre la Naci\u00f3n, la Provincia y los municipios. Es inviable que la secretar\u00eda de Comercio se tenga que ocupar de todo\u201d, justific\u00f3 el senador del Frente de Todos.<\/p>\n<p>Pero la oposici\u00f3n rechaza avanzar con este proyecto y sus intendentes no quieren saber nada con sacar sus inspectores a la calle a clausurar comercios.<\/p>\n<p>\u201cNo vamos a perseguir a los comerciantes\u201d, advirti\u00f3 el jefe comunal de Tres de Febrero, Diego Valenzuela. \u201cEl peque\u00f1o comerciante sufre las remarcaciones y el problema no est\u00e1 en las Pymes y en los comercios de barrio\u201d, dijo<strong>(VW)<\/strong>.<\/p>\n<p>&nbsp;<\/p>\n","protected":false},"excerpt":{"rendered":"<p>Lo present\u00f3 el Senador Francisco Dura\u00f1ona. Busca dotar de facultades a los alcaldes para que controlen los acuerdos de precios. La oposici\u00f3n lo rechaza.<\/p>\n","protected":false},"author":3,"featured_media":4106,"comment_status":"closed","ping_status":"closed","sticky":false,"template":"","format":"standard","meta":{"_monsterinsights_skip_tracking":false,"_monsterinsights_sitenote_active":false,"_monsterinsights_sitenote_note":"","_monsterinsights_sitenote_category":0,"footnotes":""},"categories":[4],"tags":[111,2087,103,47],"class_list":["post-5314","post","type-post","status-publish","format-standard","has-post-thumbnail","hentry","category-politica","tag-alimentos","tag-almacenes","tag-controles","tag-precios"],"_links":{"self":[{"href":"https:\/\/www.visionweb.com.ar\/index.php?rest_route=\/wp\/v2\/posts\/5314","targetHints":{"allow":["GET"]}}],"collection":[{"href":"https:\/\/www.visionweb.com.ar\/index.php?rest_route=\/wp\/v2\/posts"}],"about":[{"href":"https:\/\/www.visionweb.com.ar\/index.php?rest_route=\/wp\/v2\/types\/post"}],"author":[{"embeddable":true,"href":"https:\/\/www.visionweb.com.ar\/index.php?rest_route=\/wp\/v2\/users\/3"}],"replies":[{"embeddable":true,"href":"https:\/\/www.visionweb.com.ar\/index.php?rest_route=%2Fwp%2Fv2%2Fcomments&post=5314"}],"version-history":[{"count":2,"href":"https:\/\/www.visionweb.com.ar\/index.php?rest_route=\/wp\/v2\/posts\/5314\/revisions"}],"predecessor-version":[{"id":5316,"href":"https:\/\/www.visionweb.com.ar\/index.php?rest_route=\/wp\/v2\/posts\/5314\/revisions\/5316"}],"wp:featuredmedia":[{"embeddable":true,"href":"https:\/\/www.visionweb.com.ar\/index.php?rest_route=\/wp\/v2\/media\/4106"}],"wp:attachment":[{"href":"https:\/\/www.visionweb.com.ar\/index.php?rest_route=%2Fwp%2Fv2%2Fmedia&parent=5314"}],"wp:term":[{"taxonomy":"category","embeddable":true,"href":"https:\/\/www.visionweb.com.ar\/index.php?rest_route=%2Fwp%2Fv2%2Fcategories&post=5314"},{"taxonomy":"post_tag","embeddable":true,"href":"https:\/\/www.visionweb.com.ar\/index.php?rest_route=%2Fwp%2Fv2%2Ftags&post=5314"}],"curies":[{"name":"wp","href":"https:\/\/api.w.org\/{rel}","templated":true}]}}