{"id":5310,"date":"2022-04-21T10:49:02","date_gmt":"2022-04-21T13:49:02","guid":{"rendered":"https:\/\/www.visionweb.com.ar\/?p=5310"},"modified":"2022-04-21T11:02:51","modified_gmt":"2022-04-21T14:02:51","slug":"se-presento-el-plan-de-igualdad-bonaerense-para-la-inclusion-y-la-justicia-social","status":"publish","type":"post","link":"https:\/\/www.visionweb.com.ar\/?p=5310","title":{"rendered":"Se present\u00f3 el Plan de Igualdad Bonaerense para la Inclusi\u00f3n y la Justicia Social"},"content":{"rendered":"<p><strong><em>El programa, desarrollado por el ministerio de Mujeres, Pol\u00edticas de G\u00e9nero y Diversidad Sexual de la Provincia, re\u00fane 200 pol\u00edticas que incluye el enfoque de igualdad y diversidades en la gesti\u00f3n del gobierno bonaerense.<\/em><\/strong><\/p>\n<p><!--more--><\/p>\n<div>\n<div id=\"attachment_5311\" style=\"width: 310px\" class=\"wp-caption alignright\"><img loading=\"lazy\" decoding=\"async\" aria-describedby=\"caption-attachment-5311\" class=\"wp-image-5311 size-medium\" src=\"https:\/\/www.visionweb.com.ar\/wp-content\/uploads\/2022\/04\/MAGARIOS-300x200.png\" alt=\"\" width=\"300\" height=\"200\" srcset=\"https:\/\/www.visionweb.com.ar\/wp-content\/uploads\/2022\/04\/MAGARIOS-300x200.png 300w, https:\/\/www.visionweb.com.ar\/wp-content\/uploads\/2022\/04\/MAGARIOS-768x512.png 768w, https:\/\/www.visionweb.com.ar\/wp-content\/uploads\/2022\/04\/MAGARIOS.png 800w\" sizes=\"auto, (max-width: 300px) 100vw, 300px\" \/><p id=\"caption-attachment-5311\" class=\"wp-caption-text\"><em><strong>La vice gobernadora, Ver\u00f3nica Magarios y la ministra de Mujeres, Pol\u00edticas de G\u00e9nero y Diversidad Sexual bonaerense, Estela D\u00edaz (Prensa Senado)<\/strong> <\/em><\/p><\/div>\n<p><strong>E<\/strong>l gobierno provincial presnet\u00f3 el Plan de Igualdad Bonaerense para la Inclusi\u00f3n y la Justicia Social (PiBA), que plantea estrategias que se desarrollan en todas las reparticiones del Estado provincial y re\u00fane m\u00e1s de 200 pol\u00edticas \u00abque transversalizan el enfoque de igualdad de g\u00e9nero y diversidades en sus planes y acciones para avanzar hacia el camino de la igualdad\u00bb, seg\u00fan precis\u00f3 la cartera que conduce Estela D\u00edaz.<\/p>\n<\/div>\n<div><\/div>\n<div>Dela presentaci\u00f3n del Programa, que se llev\u00f3 a cabo, este martes,\u00a0 en el auditorio del ministerio de\u00a0 Desarrollo Social bonaerense, particip\u00f3 la vicegobernadora, Ver\u00f3nica Magario,\u00a0 junto a la ministra de las Mujeres, Pol\u00edticas de G\u00e9nero y Diversidad Sexual, Estela D\u00edaz.<\/div>\n<div>\n<div><\/div>\n<div>\u00abLa creaci\u00f3n en Argentina del ministerio de la Mujer, tanto a nivel nacional como en la provincia de Buenos Aires, es un primer salto en el Estado y en las instituciones al reconocimiento de aquello que estaba muy tapado, pero que termina siendo producto de la lucha constante de las mujeres\u00bb, destac\u00f3 Magario, al tiempo que resalt\u00f3: \u00abEsta es la consagraci\u00f3n de un gobierno que toma el compromiso de institucionalizarlos\u00bb.<\/div>\n<div>\n<div>En ese sentido, la vicegobernadora pidi\u00f3 \u00abno olvidar nuestro objetivo\u00bb que, subray\u00f3, \u00abes la igualdad, la inclusi\u00f3n y la justicia social\u00bb.<\/div>\n<div><\/div>\n<div>\n<p>A su vez, la titular del Senado bonaerense exhort\u00f3 a profundizar la articulaci\u00f3n del trabajo entre los organismos p\u00fablicos e internacionales con los municipios. \u00abLa diversidad de inversiones que tenemos en el Estado provincial<\/p>\n<div>debe llegar a cada distrito en funci\u00f3n de las necesidades propias de ese territorio y todos los actores de esa sociedad\u00bb, sostuvo.<\/div>\n<div><\/div>\n<\/div>\n<\/div>\n<\/div>\n<div>\n<div>Sobre este punto, la vicegobernadora bonaerense pidi\u00f3 efectuar pol\u00edticas de Estado que trasciendan a los gobiernos de turno. \u201cAquello que queda institucionalizado nos va a trascender. Va a dejar los derechos para nuestras mujeres y diversidades, para nuestros ni\u00f1os y ni\u00f1as, para nuestros adolescentes y ese es el objetivo: convertir estas pol\u00edticas en verdaderas pol\u00edticas p\u00fablicas\u00bb, expres\u00f3.<\/div>\n<div><\/div>\n<\/div>\n<div>De la exposici\u00f3n, desarrollada en el marco del Consejo de articulaci\u00f3n de pol\u00edticas de g\u00e9nero transversales de la cartera, participaron, adem\u00e1s, Luc\u00eda Scuro, oficial de Asuntos de G\u00e9nero de la Comisi\u00f3n Econ\u00f3mica para Am\u00e9rica Latina (Cepal); Carla Magdalani, de ONU Mujeres\u00a0 y Norma Sanchis, presidenta de la asociaci\u00f3n civil Lola Mora.<\/div>\n<div><\/div>\n<div>Adem\u00e1s asistieron Nora Goren, directora del Instituto de Estudios Sociales en Contextos de Desigualdades de la Universidad Nacional de Jos\u00e9 C. Paz (UNPAZ); Florencia Saintout, presidenta del Instituto Cultural bonaerense, entre otros representantes y autoridades de los ministerios y organismos de la provincia de Buenos Aires.<\/div>\n<div><\/div>\n<div>Para finalizar, Magario se dirigi\u00f3 a los presentes: \u00abHoy aqu\u00ed estamos representando distintos niveles de gobierno y organismos internacionales. \u00bfCu\u00e1l es el desaf\u00edo? Entrar en cada barrio de cada ciudad, en cada pueblito, en cada rinc\u00f3n de la provincia de Buenos Aires y que el gobierno bonaerense y las pol\u00edticas p\u00fablicas est\u00e9n all\u00ed, no como un enlatado, sino como un programa adaptado a las necesidades de ese lugar\u00bb, concluy\u00f3.<\/div>\n<div><\/div>\n<div>El informe contiene el diagn\u00f3stico que surgi\u00f3 de las consultas a mujeres y personas LGTBI+ y del relevamiento de acciones del Ministerio de las Mujeres y el resto de las carteras provinciales.<\/div>\n<div><\/div>\n<div>Los seis ejes que contiene el Plan son \u00abTrabajo y Cuidado\u00bb (con 13 acciones concretas), el de \u00abAbordaje de las Violencias\u00bb (con 57 acciones), \u00abSalud\u00bb, \u00abCultura y educaci\u00f3n\u00bb,\u00a0 \u00abVivienda y h\u00e1bitat\u00bb e \u00abIgualdad de g\u00e9nero en el Estado\u00bb<strong>(VW)<\/strong>.<\/div>\n","protected":false},"excerpt":{"rendered":"<p>El programa, desarrollado por el ministerio de Mujeres, Pol\u00edticas de G\u00e9nero y Diversidad Sexual de la Provincia, re\u00fane 200 pol\u00edticas que incluye el enfoque de igualdad y diversidades en la gesti\u00f3n del gobierno bonaerense.<\/p>\n","protected":false},"author":3,"featured_media":5311,"comment_status":"closed","ping_status":"closed","sticky":false,"template":"","format":"standard","meta":{"_monsterinsights_skip_tracking":false,"_monsterinsights_sitenote_active":false,"_monsterinsights_sitenote_note":"","_monsterinsights_sitenote_category":0,"footnotes":""},"categories":[4,5],"tags":[724,2125,2124],"class_list":["post-5310","post","type-post","status-publish","format-standard","has-post-thumbnail","hentry","category-politica","category-sociedad","tag-diagnostico","tag-gobiernos-de-turno","tag-politicas"],"_links":{"self":[{"href":"https:\/\/www.visionweb.com.ar\/index.php?rest_route=\/wp\/v2\/posts\/5310","targetHints":{"allow":["GET"]}}],"collection":[{"href":"https:\/\/www.visionweb.com.ar\/index.php?rest_route=\/wp\/v2\/posts"}],"about":[{"href":"https:\/\/www.visionweb.com.ar\/index.php?rest_route=\/wp\/v2\/types\/post"}],"author":[{"embeddable":true,"href":"https:\/\/www.visionweb.com.ar\/index.php?rest_route=\/wp\/v2\/users\/3"}],"replies":[{"embeddable":true,"href":"https:\/\/www.visionweb.com.ar\/index.php?rest_route=%2Fwp%2Fv2%2Fcomments&post=5310"}],"version-history":[{"count":2,"href":"https:\/\/www.visionweb.com.ar\/index.php?rest_route=\/wp\/v2\/posts\/5310\/revisions"}],"predecessor-version":[{"id":5313,"href":"https:\/\/www.visionweb.com.ar\/index.php?rest_route=\/wp\/v2\/posts\/5310\/revisions\/5313"}],"wp:featuredmedia":[{"embeddable":true,"href":"https:\/\/www.visionweb.com.ar\/index.php?rest_route=\/wp\/v2\/media\/5311"}],"wp:attachment":[{"href":"https:\/\/www.visionweb.com.ar\/index.php?rest_route=%2Fwp%2Fv2%2Fmedia&parent=5310"}],"wp:term":[{"taxonomy":"category","embeddable":true,"href":"https:\/\/www.visionweb.com.ar\/index.php?rest_route=%2Fwp%2Fv2%2Fcategories&post=5310"},{"taxonomy":"post_tag","embeddable":true,"href":"https:\/\/www.visionweb.com.ar\/index.php?rest_route=%2Fwp%2Fv2%2Ftags&post=5310"}],"curies":[{"name":"wp","href":"https:\/\/api.w.org\/{rel}","templated":true}]}}