{"id":5294,"date":"2022-04-20T14:45:06","date_gmt":"2022-04-20T17:45:06","guid":{"rendered":"https:\/\/www.visionweb.com.ar\/?p=5294"},"modified":"2022-04-20T16:13:59","modified_gmt":"2022-04-20T19:13:59","slug":"lanus-grindetti-descarto-persecuciones-a-comercios-que-incumplan-precios-cuidados","status":"publish","type":"post","link":"https:\/\/www.visionweb.com.ar\/?p=5294","title":{"rendered":"Lan\u00fas: Grindetti descart\u00f3 \u201cpersecuciones\u201d a comercios que incumplan Precios Cuidados"},"content":{"rendered":"<p><em><strong>N\u00e9stor Grindetti asegur\u00f3 que no cerrar\u00e1 comercios barriales por no acatar los Precios Cuidados.<\/strong><\/em><!--more--><\/p>\n<p><strong><img loading=\"lazy\" decoding=\"async\" class=\"size-full wp-image-5296 alignright\" src=\"https:\/\/www.visionweb.com.ar\/wp-content\/uploads\/2022\/04\/grindetti.bmp\" alt=\"\" width=\"507\" height=\"298\" \/>E<\/strong>l intendente de Lan\u00fas, N\u00e9stor Grindetti, rechaz\u00f3 la idea que el Frente de Todos impulsa en el Senado provincial para que los intendentes fiscalicen y sancionen a comercios que incumplan con el programa Precios Cuidados.<\/p>\n<p>Adem\u00e1s afirm\u00f3 que no participar\u00e1 de ninguna persecuci\u00f3n, ni cierre, ni fiscalizaci\u00f3n.<\/p>\n<p>A trav\u00e9s de las redes sociales, el intendente Grindetti advirti\u00f3: \u00abQuiero decirles a los mas de 6 mil comerciantes de Lan\u00fas, que este intendente ni ning\u00fan agente municipal van a perseguirlos ni cerrar ning\u00fan comercio de barrio (Facebook).<\/p>\n<h3 style=\"text-align: center;\"><span style=\"color: #0000ff;\"><em><strong>El Frente de Todos impulsar\u00e1 en el Senado iniciativas para sancionar a comercios.<\/strong><\/em><\/span><\/h3>\n<p>En ese marco, reflexion\u00f3: \u201cEl Frente de Todos esta desesperado porque no sabe como contener la creciente inflaci\u00f3n, que en gran medida es producto de sus malas decisiones de pol\u00edtica macroecon\u00f3mica, y con estas maniobras muestran, una vez m\u00e1s, un profundo desprecio por los que trabajan y generan trabajo\u201d.<\/p>\n<p>Frente a la suba de precios de los alimentos, se ampli\u00f3 la lista del programa Precios Cuidados y se reestablecieron los controles en comercios. En algunos distritos hubo clausuras por no cumplir con la normativa.<\/p>\n<p>As\u00ed el referente PRO se suma al rechazo de varios intendentes opositores a esta nueva medida que impulsa el Frente de Todos en la C\u00e1mara Alta bonaerense.\u00a0<strong>(VW)<\/strong><\/p>\n<p>&nbsp;<\/p>\n","protected":false},"excerpt":{"rendered":"<p>N\u00e9stor Grindetti asegur\u00f3 que no cerrar\u00e1 comercios barriales por no acatar los Precios Cuidados.<\/p>\n","protected":false},"author":4,"featured_media":5296,"comment_status":"closed","ping_status":"closed","sticky":false,"template":"","format":"standard","meta":{"_monsterinsights_skip_tracking":false,"_monsterinsights_sitenote_active":false,"_monsterinsights_sitenote_note":"","_monsterinsights_sitenote_category":0,"footnotes":""},"categories":[6,4],"tags":[644,18,19,2121],"class_list":["post-5294","post","type-post","status-publish","format-standard","has-post-thumbnail","hentry","category-economia","category-politica","tag-control-de-precios","tag-grindetti","tag-lanus","tag-no-fiscalizara"],"_links":{"self":[{"href":"https:\/\/www.visionweb.com.ar\/index.php?rest_route=\/wp\/v2\/posts\/5294","targetHints":{"allow":["GET"]}}],"collection":[{"href":"https:\/\/www.visionweb.com.ar\/index.php?rest_route=\/wp\/v2\/posts"}],"about":[{"href":"https:\/\/www.visionweb.com.ar\/index.php?rest_route=\/wp\/v2\/types\/post"}],"author":[{"embeddable":true,"href":"https:\/\/www.visionweb.com.ar\/index.php?rest_route=\/wp\/v2\/users\/4"}],"replies":[{"embeddable":true,"href":"https:\/\/www.visionweb.com.ar\/index.php?rest_route=%2Fwp%2Fv2%2Fcomments&post=5294"}],"version-history":[{"count":7,"href":"https:\/\/www.visionweb.com.ar\/index.php?rest_route=\/wp\/v2\/posts\/5294\/revisions"}],"predecessor-version":[{"id":5301,"href":"https:\/\/www.visionweb.com.ar\/index.php?rest_route=\/wp\/v2\/posts\/5294\/revisions\/5301"}],"wp:featuredmedia":[{"embeddable":true,"href":"https:\/\/www.visionweb.com.ar\/index.php?rest_route=\/wp\/v2\/media\/5296"}],"wp:attachment":[{"href":"https:\/\/www.visionweb.com.ar\/index.php?rest_route=%2Fwp%2Fv2%2Fmedia&parent=5294"}],"wp:term":[{"taxonomy":"category","embeddable":true,"href":"https:\/\/www.visionweb.com.ar\/index.php?rest_route=%2Fwp%2Fv2%2Fcategories&post=5294"},{"taxonomy":"post_tag","embeddable":true,"href":"https:\/\/www.visionweb.com.ar\/index.php?rest_route=%2Fwp%2Fv2%2Ftags&post=5294"}],"curies":[{"name":"wp","href":"https:\/\/api.w.org\/{rel}","templated":true}]}}