{"id":5283,"date":"2022-04-20T09:51:03","date_gmt":"2022-04-20T12:51:03","guid":{"rendered":"https:\/\/www.visionweb.com.ar\/?p=5283"},"modified":"2022-04-20T09:52:18","modified_gmt":"2022-04-20T12:52:18","slug":"la-trochita-volvio-a-conectar-chubut-con-rio-negro","status":"publish","type":"post","link":"https:\/\/www.visionweb.com.ar\/?p=5283","title":{"rendered":"La \u00abTrochita\u00bb volvi\u00f3 a conectar Chubut con R\u00edo Negro"},"content":{"rendered":"<p><strong><em>Luego de 15 a\u00f1os, el legendario servicio ferroviario, hoy afectado al turismo, retom\u00f3 casi en sus totalidad el recorrido El Mait\u00e9n-\u00d1orquinc\u00f3.\u00a0<\/em><\/strong><!--more--><\/p>\n<div id=\"attachment_5284\" style=\"width: 310px\" class=\"wp-caption alignright\"><img loading=\"lazy\" decoding=\"async\" aria-describedby=\"caption-attachment-5284\" class=\"wp-image-5284 size-medium\" src=\"https:\/\/www.visionweb.com.ar\/wp-content\/uploads\/2022\/04\/LA-TROCHITA-300x200.png\" alt=\"\" width=\"300\" height=\"200\" srcset=\"https:\/\/www.visionweb.com.ar\/wp-content\/uploads\/2022\/04\/LA-TROCHITA-300x200.png 300w, https:\/\/www.visionweb.com.ar\/wp-content\/uploads\/2022\/04\/LA-TROCHITA-1024x682.png 1024w, https:\/\/www.visionweb.com.ar\/wp-content\/uploads\/2022\/04\/LA-TROCHITA-768x512.png 768w, https:\/\/www.visionweb.com.ar\/wp-content\/uploads\/2022\/04\/LA-TROCHITA.png 1280w\" sizes=\"auto, (max-width: 300px) 100vw, 300px\" \/><p id=\"caption-attachment-5284\" class=\"wp-caption-text\">Con una inversi\u00f3n de $34 millones se reacondicionaron rieles y durmientes (Foto: Turismo y Deporte de la Naci\u00f3n)<\/p><\/div>\n<p><strong> \u00a0 \u00a0P<\/strong>ara quienes alguna vez tuvieron la posibilidad de visitar la ciudad de Esquel, en Chubut, recorrerla, disfrutar de sus\u00a0 calles y su paisaje urbano, hablar de <em>\u00abLa Trochita<\/em>\u00ab, que antiguamente se llamaba <strong><em>Viejo Expreso Patag\u00f3nico<\/em> <\/strong>no es un dato menor y, m\u00e1s aun cuando se tuvo la posibilidad de abordar sus vagones antiguos construidos\u00a0 con la mejor madera.<\/p>\n<p>Lo cierto es que ese tren de la Patagonia meridional, poco a poco recupera su antigua vida, aunque hoy solo con fines tur\u00edsticos y muy lejos de aquellos a\u00f1os en que el servicio era exclusivamente de carga y que lleg\u00f3 a cubrir una distancia que superaba los 400 kil\u00f3metros, la misma que hay desde Buenos Aires a Mar del Plata.<\/p>\n<p>Lo cierto es que durante el fin de semana largo de Semana Santa, con m\u00e1s de tres millones de turistas que recorrieron diferentes destinos de todo el pa\u00eds, el legendario tren <em><strong>\u201cLa Trochita\u201d<\/strong> <\/em>volvi\u00f3 a realizar el servicio entre El Mait\u00e9n (Chubut) y \u00d1orquinco, localidad de la provincia de R\u00edo Negro, gracias a las mejoras de infraestructura del circuito ferroviario llevadas adelante en el marco del programa <a href=\"https:\/\/www.argentina.gob.ar\/turismoydeportes\/pacit\/50-destinos\"><strong>50 Destinos<\/strong><\/a>, del\u00a0<strong>Ministerio de Turismo y Deportes de la Naci\u00f3n.<\/strong><\/p>\n<h3 style=\"text-align: center;\"><span style=\"color: #3366ff;\"><em><strong>El gobierno nacional invisrti\u00f3 m\u00e1s de $34 millones para mejorar su infraestructura.<\/strong><\/em><\/span><\/h3>\n<p>La Trochita, antiguamente un\u00eda las ciudades de Ingeniero Jacovacchi, en R\u00edo Negro y Esqu\u00e9l, en Chubut y en 1998 fue declarado \u00abMonumento Hist\u00f3rico Nacional. Es consdierado uno de los ferrocarriles m\u00e1s australes del mundo, despu\u00e9s del de R\u00edo Turbio.<\/p>\n<div id=\"attachment_5285\" style=\"width: 282px\" class=\"wp-caption alignleft\"><img loading=\"lazy\" decoding=\"async\" aria-describedby=\"caption-attachment-5285\" class=\"wp-image-5285 size-medium\" src=\"https:\/\/www.visionweb.com.ar\/wp-content\/uploads\/2022\/04\/LA-TROCHITA-DOS-272x300.jpg\" alt=\"\" width=\"272\" height=\"300\" srcset=\"https:\/\/www.visionweb.com.ar\/wp-content\/uploads\/2022\/04\/LA-TROCHITA-DOS-272x300.jpg 272w, https:\/\/www.visionweb.com.ar\/wp-content\/uploads\/2022\/04\/LA-TROCHITA-DOS.jpg 584w\" sizes=\"auto, (max-width: 272px) 100vw, 272px\" \/><p id=\"caption-attachment-5285\" class=\"wp-caption-text\">La Trochita llega a Ingeniero Jacobacci en 1917 (Foto: Gentileza sitio La Trochita)<\/p><\/div>\n<p>Con una inversi\u00f3n de m\u00e1s de $34 millones, se realiz\u00f3 el rescate arquitect\u00f3nico de la Estaci\u00f3n Ojos de Agua, un centro de interpretaci\u00f3n en el Parador Empalme Apeadero y un espacio para la venta de productos artesanales y gastronom\u00eda local en la Estaci\u00f3n \u00d1orquinco.<\/p>\n<p>Estas obras son fundamentales para mejorar la oferta tur\u00edstica de las localidades, generar empleo y el potenciar el desarrollo del sector, adem\u00e1s del valor simb\u00f3lico para cada localidad de volver a contar con una frecuencia regular del tren.<\/p>\n<p>Asimismo, para reactivar el tramo, se debi\u00f3 realizar una prueba y puesta a punto de las v\u00edas y la construcci\u00f3n de un tri\u00e1ngulo de giro en la localidad rionegrina de \u00d1orquinco para permitir el regreso de la formaci\u00f3n. De esta manera, residentes de la zona cordillerana y turistas provenientes de diferentes puntos de Argentina disfrutaron del incre\u00edble y emocionante recorrido de tres horas, que mezcla vegetaci\u00f3n, monta\u00f1a y la presencia del ganado en los campos <strong>(VW)<\/strong>.<\/p>\n<p>El Programa \u00ab50 Destinos\u00bb es una iniciativa del Ministerio de Turismo y Deportes de la Naci\u00f3n destinada a financiar obras de infraestructura tur\u00edstica en todo el pa\u00eds, con el objetivo de dinamizar la actividad, fortalecer y ampliar la oferta tur\u00edstica, consolidar los destinos y fomentar la competitividad sectorial.<\/p>\n<p>Hoy, el tren realiza tres clases de recorridos tur\u00edsticos. Uno que parte desde El Mait\u00e9n hasta Desv\u00edo Thomae (con regreso); otro similar entre Esquel y Nahuel Pan, de 18 km (ida y vuelta); mientras que la tercera opci\u00f3n es la contrataci\u00f3n de ch\u00e1rters entre Esquel y El Mait\u00e9n o Ingeniero Jacobacci <strong>(VW)<\/strong>.<\/p>\n","protected":false},"excerpt":{"rendered":"<p>Luego de 15 a\u00f1os, el legendario servicio ferroviario, hoy afectado al turismo, retom\u00f3 casi en sus totalidad el recorrido El Mait\u00e9n-\u00d1orquinc\u00f3.\u00a0<\/p>\n","protected":false},"author":3,"featured_media":5284,"comment_status":"closed","ping_status":"closed","sticky":false,"template":"","format":"standard","meta":{"_monsterinsights_skip_tracking":false,"_monsterinsights_sitenote_active":false,"_monsterinsights_sitenote_note":"","_monsterinsights_sitenote_category":0,"footnotes":""},"categories":[700],"tags":[878,2115,879,2116],"class_list":["post-5283","post","type-post","status-publish","format-standard","has-post-thumbnail","hentry","category-turismo","tag-esquel","tag-jacobacci","tag-la-trochita","tag-patagonia-argentina"],"_links":{"self":[{"href":"https:\/\/www.visionweb.com.ar\/index.php?rest_route=\/wp\/v2\/posts\/5283","targetHints":{"allow":["GET"]}}],"collection":[{"href":"https:\/\/www.visionweb.com.ar\/index.php?rest_route=\/wp\/v2\/posts"}],"about":[{"href":"https:\/\/www.visionweb.com.ar\/index.php?rest_route=\/wp\/v2\/types\/post"}],"author":[{"embeddable":true,"href":"https:\/\/www.visionweb.com.ar\/index.php?rest_route=\/wp\/v2\/users\/3"}],"replies":[{"embeddable":true,"href":"https:\/\/www.visionweb.com.ar\/index.php?rest_route=%2Fwp%2Fv2%2Fcomments&post=5283"}],"version-history":[{"count":1,"href":"https:\/\/www.visionweb.com.ar\/index.php?rest_route=\/wp\/v2\/posts\/5283\/revisions"}],"predecessor-version":[{"id":5286,"href":"https:\/\/www.visionweb.com.ar\/index.php?rest_route=\/wp\/v2\/posts\/5283\/revisions\/5286"}],"wp:featuredmedia":[{"embeddable":true,"href":"https:\/\/www.visionweb.com.ar\/index.php?rest_route=\/wp\/v2\/media\/5284"}],"wp:attachment":[{"href":"https:\/\/www.visionweb.com.ar\/index.php?rest_route=%2Fwp%2Fv2%2Fmedia&parent=5283"}],"wp:term":[{"taxonomy":"category","embeddable":true,"href":"https:\/\/www.visionweb.com.ar\/index.php?rest_route=%2Fwp%2Fv2%2Fcategories&post=5283"},{"taxonomy":"post_tag","embeddable":true,"href":"https:\/\/www.visionweb.com.ar\/index.php?rest_route=%2Fwp%2Fv2%2Ftags&post=5283"}],"curies":[{"name":"wp","href":"https:\/\/api.w.org\/{rel}","templated":true}]}}