{"id":5281,"date":"2022-04-19T14:01:28","date_gmt":"2022-04-19T17:01:28","guid":{"rendered":"https:\/\/www.visionweb.com.ar\/?p=5281"},"modified":"2022-04-19T14:01:28","modified_gmt":"2022-04-19T17:01:28","slug":"un-sector-de-la-ucr-bonaerense-denuncio-ser-proscripto","status":"publish","type":"post","link":"https:\/\/www.visionweb.com.ar\/?p=5281","title":{"rendered":"Un sector de la UCR bonaerense denunci\u00f3 ser proscripto"},"content":{"rendered":"<p><strong><em>As\u00ed se asegura desde el espacio que responde a Gustavo Posse, de cara a la interna de Juntos por el Cambio<\/em><\/strong>.<!--more--><\/p>\n<p><img loading=\"lazy\" decoding=\"async\" class=\"size-medium wp-image-2059 alignleft\" src=\"https:\/\/www.visionweb.com.ar\/wp-content\/uploads\/2021\/07\/GUSTAVO-POSSE-300x170.png\" alt=\"\" width=\"300\" height=\"170\" srcset=\"https:\/\/www.visionweb.com.ar\/wp-content\/uploads\/2021\/07\/GUSTAVO-POSSE-300x170.png 300w, https:\/\/www.visionweb.com.ar\/wp-content\/uploads\/2021\/07\/GUSTAVO-POSSE-768x436.png 768w, https:\/\/www.visionweb.com.ar\/wp-content\/uploads\/2021\/07\/GUSTAVO-POSSE.png 800w\" sizes=\"auto, (max-width: 300px) 100vw, 300px\" \/>\u00a0 \u00a0 \u00a0<strong>U<\/strong>n sector del radicalismo, ligado al intendente de San Isidro, Gustavo Posse,\u00a0 denunci\u00f3 ser v\u00edctima de una proscripci\u00f3n de cara a la cumbre partidaria que se realizar\u00e1 este martes en La Plata.<\/p>\n<p>Esta l\u00ednea del Radicalismo logr\u00f3 victorias en diferentes comit\u00e9s en la Primera y Tercera secci\u00f3n del conurbano en las \u00faltimas elecciones internas.<\/p>\n<p>Seg\u00fan denunciaron desde ese espacio, los organizadores de la cumbre de la UCR en la que dir\u00e1n presentes figuras de corte nacional en la sede del Comit\u00e9 Provincia, comandado por Maximiliano Abad, \u201cexcluyeron al 50% de los afiliados que participaron de las elecciones internas bonaerenses, y a gran parte del Conurbano que concentra el mayor porcentaje del padr\u00f3n electoral\u201d.<\/p>\n<p>Ante este panorama, desde el espacio de Posse y con la mirada en la interna de Juntos por el cambio, lanzaron que \u201csin esta representatividad no se est\u00e1 pensando en ganar de cara al 2023\u201d, public\u00f3 la agencia DIB<\/p>\n<p>\u201cLas proscripciones no reflejan los hist\u00f3ricos valores de la UCR, sino que la misi\u00f3n de nuestros dirigentes es plantear ideas, buscar consensos a trav\u00e9s del di\u00e1logo evitando el personalismo. La Provincia demanda un cambio profundo y un equipo capacitado para afrontar los tremendos desaf\u00edos que se presentan a diario\u201d, indicaron en un comunicado firmado por diferentes presidentes de los comit\u00e9s locales.<\/p>\n<p>\u201cCaminamos cada rinc\u00f3n de la Provincia, conocemos los problemas, somos conscientes de su gravedad y estamos en condiciones de solucionarlos. Si logramos estar unidos podemos pensar en un futuro distinto\u201d, cerraron desde ese espacio<strong>(VW)<\/strong>.<\/p>\n","protected":false},"excerpt":{"rendered":"<p>As\u00ed se asegura desde el espacio que responde a Gustavo Posse, de cara a la interna de Juntos por el Cambio.<\/p>\n","protected":false},"author":3,"featured_media":2059,"comment_status":"closed","ping_status":"closed","sticky":false,"template":"","format":"standard","meta":{"_monsterinsights_skip_tracking":false,"_monsterinsights_sitenote_active":false,"_monsterinsights_sitenote_note":"","_monsterinsights_sitenote_category":0,"footnotes":""},"categories":[4],"tags":[2114,1820,159,2113],"class_list":["post-5281","post","type-post","status-publish","format-standard","has-post-thumbnail","hentry","category-politica","tag-interna","tag-posse","tag-reclamo","tag-san-isidro"],"_links":{"self":[{"href":"https:\/\/www.visionweb.com.ar\/index.php?rest_route=\/wp\/v2\/posts\/5281","targetHints":{"allow":["GET"]}}],"collection":[{"href":"https:\/\/www.visionweb.com.ar\/index.php?rest_route=\/wp\/v2\/posts"}],"about":[{"href":"https:\/\/www.visionweb.com.ar\/index.php?rest_route=\/wp\/v2\/types\/post"}],"author":[{"embeddable":true,"href":"https:\/\/www.visionweb.com.ar\/index.php?rest_route=\/wp\/v2\/users\/3"}],"replies":[{"embeddable":true,"href":"https:\/\/www.visionweb.com.ar\/index.php?rest_route=%2Fwp%2Fv2%2Fcomments&post=5281"}],"version-history":[{"count":1,"href":"https:\/\/www.visionweb.com.ar\/index.php?rest_route=\/wp\/v2\/posts\/5281\/revisions"}],"predecessor-version":[{"id":5282,"href":"https:\/\/www.visionweb.com.ar\/index.php?rest_route=\/wp\/v2\/posts\/5281\/revisions\/5282"}],"wp:featuredmedia":[{"embeddable":true,"href":"https:\/\/www.visionweb.com.ar\/index.php?rest_route=\/wp\/v2\/media\/2059"}],"wp:attachment":[{"href":"https:\/\/www.visionweb.com.ar\/index.php?rest_route=%2Fwp%2Fv2%2Fmedia&parent=5281"}],"wp:term":[{"taxonomy":"category","embeddable":true,"href":"https:\/\/www.visionweb.com.ar\/index.php?rest_route=%2Fwp%2Fv2%2Fcategories&post=5281"},{"taxonomy":"post_tag","embeddable":true,"href":"https:\/\/www.visionweb.com.ar\/index.php?rest_route=%2Fwp%2Fv2%2Ftags&post=5281"}],"curies":[{"name":"wp","href":"https:\/\/api.w.org\/{rel}","templated":true}]}}