{"id":5258,"date":"2022-04-18T11:31:10","date_gmt":"2022-04-18T14:31:10","guid":{"rendered":"https:\/\/www.visionweb.com.ar\/?p=5258"},"modified":"2022-04-18T11:32:38","modified_gmt":"2022-04-18T14:32:38","slug":"lanus-operativos-de-vacunacion-antigripal-en-unidades-sanitarias","status":"publish","type":"post","link":"https:\/\/www.visionweb.com.ar\/?p=5258","title":{"rendered":"Lan\u00fas: Operativos de vacunaci\u00f3n antigripal en Unidades Sanitarias"},"content":{"rendered":"<p><strong>E<\/strong><strong>n el marco de la segunda etapa de vacunaci\u00f3n antigripal, desde el 23 de abril habr\u00e1 jornadas gratuitas de refuerzo para optimizar la cobertura de las dosis de calendario nacional.<\/strong><!--more--><\/p>\n<div id=\"attachment_5260\" style=\"width: 310px\" class=\"wp-caption alignright\"><img loading=\"lazy\" decoding=\"async\" aria-describedby=\"caption-attachment-5260\" class=\"wp-image-5260 size-medium\" src=\"https:\/\/www.visionweb.com.ar\/wp-content\/uploads\/2022\/04\/lanus-vac-gripe-300x153.jpg\" alt=\"\" width=\"300\" height=\"153\" srcset=\"https:\/\/www.visionweb.com.ar\/wp-content\/uploads\/2022\/04\/lanus-vac-gripe-300x153.jpg 300w, https:\/\/www.visionweb.com.ar\/wp-content\/uploads\/2022\/04\/lanus-vac-gripe.jpg 648w\" sizes=\"auto, (max-width: 300px) 100vw, 300px\" \/><p id=\"caption-attachment-5260\" class=\"wp-caption-text\">Operativos de vacunaci\u00f3n antigripal y de calendario. (Foto: Prensa de Lan\u00fas)<\/p><\/div>\n<p><strong>L<\/strong>a Secretar\u00eda de Salud del Municipio de Lan\u00fas, sumar\u00e1 operativos de vacunaci\u00f3n antigripal en dos unidades sanitarias por semana, con el objetivo de cubrir el alto nivel de demanda registrado en todos los barrios de la comuna.<\/p>\n<p>Las jornadas, que finalizar\u00e1n en septiembre, se efectuar\u00e1n los s\u00e1bados de 10 a 14 horas en distintas dependencias del distrito. All\u00ed, los vecinos y vecinas tambi\u00e9n podr\u00e1n aplicarse la dosis de \u00a0neumoc\u00f3cicalos, conforme detall\u00f3 Prensa de Lan\u00fas.<\/p>\n<p>Adem\u00e1s, para optimizar la cobertura de vacunas del calendario nacional y ante el advenimiento de la pr\u00f3xima campa\u00f1a de vacunaci\u00f3n contra el Sarampi\u00f3n, las personas podr\u00e1n concurrir con su calendario personal de manera espont\u00e1nea y gratuita.<\/p>\n<p>El primer operativo se iniciar\u00e1 el 23 en las salas Masevicius (Paso de Burgos 777, \u00a0Valent\u00edn Alsina) y en Medicina Preventiva (Sitio de Montevideo 1862, Lan\u00fas Este) con motivo de celebrar el comienzo de la Semana Mundial de la Vacunaci\u00f3n.<\/p>\n<p>Los siguientes operativos se realizar\u00e1n en:<\/p>\n<p>30\/04:\u00a0<strong>Sala M\u00e1spero\u00a0<\/strong>(M\u00e1spero 75, Remedios de Escalada)\u00a0<strong>\/ Unidad Sanitaria San Mart\u00edn\u00a0<\/strong>(Corval\u00e1n 2107).<\/p>\n<p>07\/05:\u00a0<strong>Unidad Sanitaria Lan\u00fas Oeste<\/strong>\u00a0(Av. 25 de Mayo 707) \/\u00a0<strong>Unidad Sanitaria Natiello<\/strong>\u00a0(Martinto 1198, Monte Chingolo).<\/p>\n<p>14\/05:\u00a0<strong>Unidad Sanitaria Miranda Norgreen<\/strong>\u00a0(Murature 4114<strong>) \/<\/strong>\u00a0<strong>Unidad Sanitaria 1\u00ba de Mayo<\/strong>\u00a0(Bustamante 2355).<\/p>\n<p>21\/05:\u00a0<strong>Unidad Sanitaria Villa Jard\u00edn<\/strong>\u00a0(Emilio Castro 3780) \/\u00a0<strong>Unidad Sanitaria Monte Chingolo<\/strong>\u00a0(Blanco Encalada 4393).<\/p>\n<p>28\/05:\u00a0<strong>Unidad Sanitaria Masevicius<\/strong>\u00a0(Paso de Burgos 777, Valent\u00edn Alsina) \/\u00a0<strong>Centro de Medicina Preventiva<\/strong>\u00a0(Sitio de Montevideo 1862, Lan\u00fas Este).<\/p>\n<p>04\/06:\u00a0<strong>Unidad Sanitaria M\u00e1spero<\/strong>\u00a0(M\u00e1spero 75, Remedios de Escalada) \/\u00a0<strong>Unidad Sanitaria San Mart\u00edn<\/strong>\u00a0(Corval\u00e1n 2107).<\/p>\n<p>11\/06:\u00a0<strong>Unidad Sanitaria Lan\u00fas Oeste<\/strong>\u00a0(Av. 25 de Mayo 707) \/\u00a0<strong>Unidad Sanitaria Natiello\u00a0<\/strong>(Martinto 1198, Monte Chingolo).<\/p>\n<p>18\/06:\u00a0<strong>Unidad Sanitaria Miranda Norgreen<\/strong>\u00a0(Murature 4114<strong>)\u00a0<\/strong>\/\u00a0<strong>Unidad Sanitaria 1\u00ba de Mayo<\/strong>\u00a0(Bustamante 2355).<\/p>\n<p>25\/06:\u00a0<strong>Unidad Sanitaria Villa Jard\u00edn<\/strong>\u00a0(Emilio Castro 3780). \/\u00a0<strong>Unidad Sanitaria Monte Chingolo\u00a0<\/strong>(Blanco Encalada 4393).<\/p>\n<p>02\/07:\u00a0<strong>Unidad Sanitaria Masevicius\u00a0<\/strong>(Paso de Burgos 777, Valent\u00edn Alsina) \u00a0\/\u00a0<strong>Centro de Medicina Preventiva<\/strong>\u00a0(Sitio de Montevideo 1862, Lan\u00fas Este).<\/p>\n<p>16\/07:\u00a0<strong>Unidad Sanitaria Luis M\u00e1spero<\/strong>\u00a0(M\u00e1spero 75, Remedios de Escalada)\u00a0<strong>\/ Unidad Sanitaria San Mart\u00edn<\/strong>\u00a0(Corval\u00e1n 2107).<\/p>\n<p>23\/07:\u00a0<strong>Unidad Sanitaria Lan\u00fas Oeste<\/strong>\u00a0(Av. 25 de Mayo 707) \u00a0\/\u00a0<strong>Unidad Sanitaria Natiello<\/strong>\u00a0(Martinto 1198, Monte Chingolo).<\/p>\n<p>30\/07:\u00a0<strong>Unidad Sanitaria Miranda Norgreen<\/strong>\u00a0(Murature 4114)<strong>\u00a0<\/strong>\/\u00a0<strong>Unidad Sanitaria 1\u00ba de Mayo\u00a0<\/strong>(Bustamante 2355).<\/p>\n<p>06\/08:\u00a0<strong>Unidad Sanitaria Villa Jard\u00edn<\/strong>\u00a0(Emilio Castro 3780) \/\u00a0<strong>Unidad Sanitaria Monte Chingolo<\/strong>\u00a0(Blanco Encalada 4393).<\/p>\n<p>13\/08:\u00a0<strong>Unidad Sanitaria Masevicius<\/strong>\u00a0(Paso de Burgos 777, Valent\u00edn Alsina) \u00a0\u00a0\/\u00a0<strong>Medicina Preventiva<\/strong>\u00a0(Sitio de Montevideo 1862, Lan\u00fas Este).<\/p>\n<p>20\/08:\u00a0<strong>Unidad Sanitaria Luis M\u00e1spero\u00a0<\/strong>(M\u00e1spero 75, Remedios de Escalada) \/\u00a0<strong>Unidad Sanitaria San Mart\u00edn<\/strong>\u00a0(Corval\u00e1n 2107).<\/p>\n<p>27\/08:\u00a0<strong>Unidad Sanitaria Miranda Norgreen<\/strong>\u00a0(Murature 4114)<strong>\u00a0<\/strong>\/\u00a0<strong>Unidad Sanitaria Natiello\u00a0<\/strong>(Martinto 1198, Monte Chingolo). <strong>(VW)<\/strong><\/p>\n<p>&nbsp;<\/p>\n","protected":false},"excerpt":{"rendered":"<p>En el marco de la segunda etapa de vacunaci\u00f3n antigripal, desde el 23 de abril habr\u00e1 jornadas gratuitas de refuerzo para optimizar la cobertura de las dosis de calendario nacional.<\/p>\n","protected":false},"author":4,"featured_media":5260,"comment_status":"closed","ping_status":"closed","sticky":false,"template":"","format":"standard","meta":{"_monsterinsights_skip_tracking":false,"_monsterinsights_sitenote_active":false,"_monsterinsights_sitenote_note":"","_monsterinsights_sitenote_category":0,"footnotes":""},"categories":[5],"tags":[2106,323,19,100,339],"class_list":["post-5258","post","type-post","status-publish","format-standard","has-post-thumbnail","hentry","category-sociedad","tag-antigripal","tag-calendario","tag-lanus","tag-salud","tag-vacunacion"],"_links":{"self":[{"href":"https:\/\/www.visionweb.com.ar\/index.php?rest_route=\/wp\/v2\/posts\/5258","targetHints":{"allow":["GET"]}}],"collection":[{"href":"https:\/\/www.visionweb.com.ar\/index.php?rest_route=\/wp\/v2\/posts"}],"about":[{"href":"https:\/\/www.visionweb.com.ar\/index.php?rest_route=\/wp\/v2\/types\/post"}],"author":[{"embeddable":true,"href":"https:\/\/www.visionweb.com.ar\/index.php?rest_route=\/wp\/v2\/users\/4"}],"replies":[{"embeddable":true,"href":"https:\/\/www.visionweb.com.ar\/index.php?rest_route=%2Fwp%2Fv2%2Fcomments&post=5258"}],"version-history":[{"count":4,"href":"https:\/\/www.visionweb.com.ar\/index.php?rest_route=\/wp\/v2\/posts\/5258\/revisions"}],"predecessor-version":[{"id":5263,"href":"https:\/\/www.visionweb.com.ar\/index.php?rest_route=\/wp\/v2\/posts\/5258\/revisions\/5263"}],"wp:featuredmedia":[{"embeddable":true,"href":"https:\/\/www.visionweb.com.ar\/index.php?rest_route=\/wp\/v2\/media\/5260"}],"wp:attachment":[{"href":"https:\/\/www.visionweb.com.ar\/index.php?rest_route=%2Fwp%2Fv2%2Fmedia&parent=5258"}],"wp:term":[{"taxonomy":"category","embeddable":true,"href":"https:\/\/www.visionweb.com.ar\/index.php?rest_route=%2Fwp%2Fv2%2Fcategories&post=5258"},{"taxonomy":"post_tag","embeddable":true,"href":"https:\/\/www.visionweb.com.ar\/index.php?rest_route=%2Fwp%2Fv2%2Ftags&post=5258"}],"curies":[{"name":"wp","href":"https:\/\/api.w.org\/{rel}","templated":true}]}}